{"id":16228,"date":"2014-05-21T08:24:06","date_gmt":"2014-05-21T06:24:06","guid":{"rendered":"http:\/\/www.invarena.cz\/?p=16228"},"modified":"2014-05-21T08:24:06","modified_gmt":"2014-05-21T06:24:06","slug":"bude-z-ni-svetova-umelkyne","status":"publish","type":"post","link":"https:\/\/www.invarena.cz\/?p=16228","title":{"rendered":"Bude z n\u00ed sv\u011btov\u00e1 um\u011blkyn\u011b?"},"content":{"rendered":"<p><strong>Pln\u00e1 nad\u011bje je Baru\u0161ka Sedl\u00e1\u010dkov\u00e1 (foto), kter\u00e1 je kv\u016fli neuropatii na voz\u00edku a maluje \u00fasty. \u010cek\u00e1 na verdikt, zda se stane \u010dlenem organizace UM\u00daN, kter\u00e9 celosv\u011btov\u011b sdru\u017euje mal\u00ed\u0159e tvo\u0159\u00edc\u00ed \u00fasty a nohama. Pokud se to poda\u0159\u00ed, bude nejmlad\u0161\u00ed takovou mal\u00ed\u0159kou v \u010cesku.<\/strong> <!--more--><\/p>\n<p>Nadan\u00e9 dvan\u00e1ctilet\u00e9 d\u00edvenky si v UM\u00daN v\u0161imli d\u00edky \u010dl\u00e1nku v Aha!.<\/p>\n<p>&#8222;V\u011b\u0159\u00edm, \u017ee v\u0161e je na dobr\u00e9 cest\u011b a Baru\u0161ku do programu za\u0159ad\u00ed. Rozhodnut\u00ed \u010dek\u00e1me ka\u017ed\u00fdm dnem,&#8220; \u0159ekla maminka Milada Sedl\u00e1\u010dkov\u00e1. Baru\u0161ka je bojovnice s velk\u00fdmi pl\u00e1ny, kter\u00e1 tou\u017e\u00ed ilustrovat knihy. Ned\u00e1vno podstoupila operaci na prodlou\u017een\u00ed \u0161lach. P\u0159ipravuje se na n\u00e1stup do z\u00e1kladn\u00ed \u0161koly mezi zdrav\u00e9 d\u011bti.<\/p>\n<p>&#8222;Nejv\u00edc se te\u010f t\u011b\u0161\u00edm, \u017ee budu m\u00edt v\u00fdstavu na radnici. Cht\u011bla bych se zam\u011b\u0159it p\u0159edev\u0161\u00edm na lidov\u00e9 kroje. Bude to n\u00e1ro\u010dn\u00e9, ale m\u011b malov\u00e1n\u00ed moc bav\u00ed,&#8220; t\u011b\u0161\u00ed se subtiln\u00ed d\u00edvenka.<\/p>\n<p>Co je UM\u00daN?<br \/>\nSdru\u017een\u00ed UM\u00daN podporuje um\u011blce maluj\u00edc\u00ed \u00fasty a nohama. Z prodeje d\u011bl jsou u financov\u00e1na stipendia, v\u00fdstavy a dal\u0161\u00ed projekty na a podporu lid\u00ed se <span class=\"highlight\">zdravotn\u00edm<\/span> posti\u017een\u00edm.<\/p>\n<p>Aha!.<\/p>\n","protected":false},"excerpt":{"rendered":"<div class=\"mh-excerpt\"><p>Pln\u00e1 nad\u011bje je Baru\u0161ka Sedl\u00e1\u010dkov\u00e1 (foto), kter\u00e1 je kv\u016fli neuropatii na voz\u00edku a maluje \u00fasty. \u010cek\u00e1 na verdikt, zda se stane \u010dlenem organizace UM\u00daN, kter\u00e9 <a class=\"mh-excerpt-more\" href=\"https:\/\/www.invarena.cz\/?p=16228\" title=\"Bude z n\u00ed sv\u011btov\u00e1 um\u011blkyn\u011b?\">[&#8230;]<\/a><\/p>\n<\/div>","protected":false},"author":1,"featured_media":6953,"comment_status":"open","ping_status":"closed","sticky":false,"template":"","format":"standard","meta":{"footnotes":""},"categories":[17],"tags":[],"class_list":["post-16228","post","type-post","status-publish","format-standard","has-post-thumbnail","hentry","category-kultura"],"_links":{"self":[{"href":"https:\/\/www.invarena.cz\/index.php?rest_route=\/wp\/v2\/posts\/16228","targetHints":{"allow":["GET"]}}],"collection":[{"href":"https:\/\/www.invarena.cz\/index.php?rest_route=\/wp\/v2\/posts"}],"about":[{"href":"https:\/\/www.invarena.cz\/index.php?rest_route=\/wp\/v2\/types\/post"}],"author":[{"embeddable":true,"href":"https:\/\/www.invarena.cz\/index.php?rest_route=\/wp\/v2\/users\/1"}],"replies":[{"embeddable":true,"href":"https:\/\/www.invarena.cz\/index.php?rest_route=%2Fwp%2Fv2%2Fcomments&post=16228"}],"version-history":[{"count":0,"href":"https:\/\/www.invarena.cz\/index.php?rest_route=\/wp\/v2\/posts\/16228\/revisions"}],"wp:featuredmedia":[{"embeddable":true,"href":"https:\/\/www.invarena.cz\/index.php?rest_route=\/wp\/v2\/media\/6953"}],"wp:attachment":[{"href":"https:\/\/www.invarena.cz\/index.php?rest_route=%2Fwp%2Fv2%2Fmedia&parent=16228"}],"wp:term":[{"taxonomy":"category","embeddable":true,"href":"https:\/\/www.invarena.cz\/index.php?rest_route=%2Fwp%2Fv2%2Fcategories&post=16228"},{"taxonomy":"post_tag","embeddable":true,"href":"https:\/\/www.invarena.cz\/index.php?rest_route=%2Fwp%2Fv2%2Ftags&post=16228"}],"curies":[{"name":"wp","href":"https:\/\/api.w.org\/{rel}","templated":true}]}}