{"id":16235,"date":"2014-05-21T13:13:06","date_gmt":"2014-05-21T11:13:06","guid":{"rendered":"http:\/\/www.invarena.cz\/?p=16235"},"modified":"2014-05-21T13:13:16","modified_gmt":"2014-05-21T11:13:16","slug":"uklid-ktery-pomaha","status":"publish","type":"post","link":"https:\/\/www.invarena.cz\/?p=16235","title":{"rendered":"\u00daklid, kter\u00fd pom\u00e1h\u00e1"},"content":{"rendered":"<p><strong>P\u0159\u00edklad vele\u00fasp\u011b\u0161n\u00e9ho podniku zam\u011bstn\u00e1vaj\u00edc\u00edho zdravotn\u011b posti\u017een\u00e9 uvedl list Profit, jen\u017e je ur\u010den pro podnikatele. P\u0159e\u010dt\u011bte si, v \u010dem je tajemstv\u00ed raketov\u00e9ho \u00fasp\u011bchu firmy, je\u017e dokonce ji\u017e chyst\u00e1 expanzi do zahrani\u010d\u00ed&#8230;\/ilustra\u010dn\u00ed sn\u00edmek\/<\/strong><!--more--><br \/>\nJe\u0161t\u011b p\u0159ed \u0161esti lety Forcorp Group nikdo neznal. Nyn\u00ed pat\u0159\u00ed k nej\u00fasp\u011b\u0161n\u011bj\u0161\u00edm spole\u010dnostem v oboru a chyst\u00e1 expanzi do zahrani\u010d\u00ed. Na obsazen\u00e9m trhu se prosadila nejen odli\u0161n\u00fdm p\u0159\u00edstupem, ale tak\u00e9 nezvyklou otev\u0159enost\u00ed.<\/p>\n<p>Na za\u010d\u00e1tku st\u00e1la snaha dvo u olomouck\u00fdch studentek p\u0159ivyd\u011blat si n\u011bco ke studiu. Na konci je jedna z nejrychleji rostouc\u00edch firem v oblasti \u00faklidu a ostrahy objekt\u016f. Historie spole\u010dnosti Forcorp Group ukazuje, \u017ee \u00fasp\u011b\u0161n\u00e9 p\u0159\u00edb\u011bhy o raketov\u011b rostouc\u00edm podnik\u00e1n\u00ed nejsou spojeny jen s technologiemi, soci\u00e1ln\u00edmi s\u00edt\u011bmi a dal\u0161\u00edmi m\u00f3dn\u00edmi obory. A \u017ee se i nov\u00e9 spole\u010dnosti mohou prosadit v odv\u011btv\u00edch, kde je ji\u017e trh pova\u017eov\u00e1n za obsazen\u00fd a rozd\u011blen\u00fd mezi velk\u00e9 hr\u00e1\u010de.<\/p>\n<p>&#8222;V dob\u011b m\u00fdch studi\u00ed psychologie na olomouck\u00e9 univerzit\u011b bylo pro studenta t\u011b\u017ek\u00e9 sehnat pr\u00e1ci na n\u011bkolik hodin denn\u011b. A \u00faklid v obchodech a butic\u00edch po pracovn\u00ed dob\u011b byla sp\u00ed\u0161e n\u00e1hoda ne\u017e z\u00e1m\u011br,&#8220; vzpom\u00edn\u00e1 Irena Jel\u00ednkov\u00e1, zakladatelka a majitelka spole\u010dnosti.<\/p>\n<p>Pot\u00e9, co se firma b\u011bhem prvn\u00edch dvou let sv\u00e9 existence etablovala na Olomoucku, za\u010dala expandovat do dal\u0161\u00edch region\u016f. &#8222;T\u00edm, \u017ee se Forcorp Group od roku 2010 \u00fa\u010dastn\u00ed ve\u0159ejn\u00fdch zak\u00e1zek, bylo tak trochu nutnost\u00ed se d\u0159\u00edve \u010di pozd\u011bji roz\u0161\u00ed\u0159it na \u00fazem\u00ed cel\u00e9 republiky,&#8220; vysv\u011btluje Irena Jel\u00ednkov\u00e1.<\/p>\n<p>Oproti studentsk\u00fdm za\u010d\u00e1tk\u016fm spole\u010dnost tak\u00e9 postupn\u011b roz\u0161\u00ed\u0159ila z\u00e1b\u011br sv\u00e9ho podnik\u00e1n\u00ed. V sou\u010dasnosti nab\u00edz\u00ed krom\u011b \u00faklidu tak\u00e9 spr\u00e1vu a \u00fadr\u017ebu nemovitost\u00ed, ostrahu objekt\u016f a dal\u0161\u00ed p\u0159\u00edbuzn\u00e9 slu\u017eby.<\/p>\n<p>\u0160ANCE PRO <span class=\"highlight\">POSTI\u017dEN\u00c9<\/span><\/p>\n<p>V\u00edce ne\u017e 50 procent zam\u011bstnanc\u016f tvo\u0159\u00ed <span class=\"highlight\">zdravotn\u011b<\/span> <span class=\"highlight\">posti\u017een\u00ed<\/span>. &#8222;Na\u0161\u00edm z\u00e1m\u011brem to hned na po\u010d\u00e1tku nebylo. Vyplynulo to a\u017e po \u010dase. J\u00e1 m\u00e1m k osob\u00e1m se zdravotn\u00edm posti\u017een\u00edm d\u00edky studiu bl\u00edzko a vid\u011bla jsem, jak moc by tito lid\u00e9 cht\u011bli pracovat a zejm\u00e9na na krat\u0161\u00ed \u00favazky, ale pr\u00e1ce pro n\u011b nebyla. A tak jsem jim pr\u00e1ci zkusila nab\u00eddnout j\u00e1 a poda\u0159ilo se,&#8220; popisuje Irena Jel\u00ednkov\u00e1.<\/p>\n<p>Pr\u00e1ce s <span class=\"highlight\">posti\u017een\u00fdmi<\/span> pro firmu p\u0159in\u00e1\u0161\u00ed na jedn\u00e9 stran\u011b v\u00fdhody ve form\u011b \u010derp\u00e1n\u00ed st\u00e1tn\u00edch p\u0159\u00edsp\u011bvk\u016f na handicapovan\u00e9 zam\u011bstnance, ale na druh\u00e9 stran\u011b vy\u017eaduj\u00ed i pon\u011bkud jin\u00fd p\u0159\u00edstup. &#8222;Velmi si cen\u00edm chuti pracovat v\u0161ech na\u0161ich zam\u011bstnanc\u016f se zdravotn\u00edm posti\u017een\u00edm, je obdivuhodn\u00e9, s \u010d\u00edm v\u0161\u00edm se v \u017eivot\u011b museli poprat, a p\u0159esto cht\u011bj\u00ed b\u00fdt u\u017eite\u010dn\u00ed a prosp\u011b\u0161n\u00ed. Jejich <span class=\"highlight\">posti\u017een\u00ed<\/span> je r\u016fzn\u00e9, od t\u011blesn\u00e9ho a\u017e po ment\u00e1ln\u00ed. A tak je nutn\u00fd i individu\u00e1ln\u00ed p\u0159\u00edstup k nim, individu\u00e1ln\u00ed nastaven\u00ed objemu pr\u00e1ce, a tedy i \u00favazku a klade to samoz\u0159ejm\u011b i zv\u00fd\u0161en\u00e9 n\u00e1roky na jejich nad\u0159\u00edzen\u00e9 vedouc\u00ed pracovn\u00edky, kte\u0159\u00ed pro pr\u00e1ci s nimi musej\u00ed m\u00edt cit, pochopen\u00ed a trp\u011blivost,&#8220; shrnuje majitelka spole\u010dnosti.<\/p>\n<p>Ta si bude moci svoje zku\u0161enosti s \u0159\u00edzen\u00edm rostouc\u00ed firmy roz\u0161i\u0159ovat i nad\u00e1le. Po \u00fasp\u011bchu na \u010desk\u00e9m trhu chce se svoj\u00ed firmou koncem roku expandovat na Slovensko.<\/p>\n<p>**<\/p>\n<p>Raketov\u00fd r\u016fst V roce sv\u00e9ho zalo\u017een\u00ed zam\u011bstn\u00e1vala spole\u010dnost Forcorp Group 92 zam\u011bstnanc\u016f a pracovala pro osm odb\u011bratel\u016f. Jej\u00ed obrat dosahoval 8,5 milion\u016f korun. Druh\u00fdm rokem zdvojn\u00e1sobila v\u0161echny ekonomick\u00e9 parametry, zam\u011bstn\u00e1vala 178 pracovn\u00edk\u016f, m\u011bla 18 odb\u011bratel\u016f a obrat p\u0159ekonal 22 milion\u016f korun. Vysok\u00e9 tempo r\u016fstu pokra\u010dovalo i v dal\u0161\u00edch letech. V roce 2011 pracovalo ve firm\u011b ji\u017e 610 zam\u011bstnanc\u016f, m\u011bla 69 z\u00e1kazn\u00edk\u016f a obrat p\u0159es 93 milion\u016f. Loni firma zam\u011bstn\u00e1vala 1103 pracovn\u00edk\u016f, jej\u00ed slu\u017eby vyu\u017e\u00edvaly necel\u00e9 dv\u011b stovky z\u00e1kazn\u00edk\u016f a obrat p\u0159ekonal 168 milion\u016f.<\/p>\n<p><em>redak\u010dn\u011b kr\u00e1ceno, pln\u00e9 z\u011bnn\u00ed v dne\u0161n\u00edm vyd\u00e1n\u00ed Profitu<\/em><\/p>\n<p><a href=\"http:\/\/www.profit.cz\" target=\"_blank\">http:\/\/www.profit.cz<\/a><\/p>\n","protected":false},"excerpt":{"rendered":"<div class=\"mh-excerpt\"><p>P\u0159\u00edklad vele\u00fasp\u011b\u0161n\u00e9ho podniku zam\u011bstn\u00e1vaj\u00edc\u00edho zdravotn\u011b posti\u017een\u00e9 uvedl list Profit, jen\u017e je ur\u010den pro podnikatele. P\u0159e\u010dt\u011bte si, v \u010dem je tajemstv\u00ed raketov\u00e9ho \u00fasp\u011bchu firmy, je\u017e dokonce <a class=\"mh-excerpt-more\" href=\"https:\/\/www.invarena.cz\/?p=16235\" title=\"\u00daklid, kter\u00fd pom\u00e1h\u00e1\">[&#8230;]<\/a><\/p>\n<\/div>","protected":false},"author":1,"featured_media":13732,"comment_status":"open","ping_status":"closed","sticky":false,"template":"","format":"standard","meta":{"footnotes":""},"categories":[7],"tags":[],"class_list":["post-16235","post","type-post","status-publish","format-standard","has-post-thumbnail","hentry","category-spolecnost"],"_links":{"self":[{"href":"https:\/\/www.invarena.cz\/index.php?rest_route=\/wp\/v2\/posts\/16235","targetHints":{"allow":["GET"]}}],"collection":[{"href":"https:\/\/www.invarena.cz\/index.php?rest_route=\/wp\/v2\/posts"}],"about":[{"href":"https:\/\/www.invarena.cz\/index.php?rest_route=\/wp\/v2\/types\/post"}],"author":[{"embeddable":true,"href":"https:\/\/www.invarena.cz\/index.php?rest_route=\/wp\/v2\/users\/1"}],"replies":[{"embeddable":true,"href":"https:\/\/www.invarena.cz\/index.php?rest_route=%2Fwp%2Fv2%2Fcomments&post=16235"}],"version-history":[{"count":0,"href":"https:\/\/www.invarena.cz\/index.php?rest_route=\/wp\/v2\/posts\/16235\/revisions"}],"wp:featuredmedia":[{"embeddable":true,"href":"https:\/\/www.invarena.cz\/index.php?rest_route=\/wp\/v2\/media\/13732"}],"wp:attachment":[{"href":"https:\/\/www.invarena.cz\/index.php?rest_route=%2Fwp%2Fv2%2Fmedia&parent=16235"}],"wp:term":[{"taxonomy":"category","embeddable":true,"href":"https:\/\/www.invarena.cz\/index.php?rest_route=%2Fwp%2Fv2%2Fcategories&post=16235"},{"taxonomy":"post_tag","embeddable":true,"href":"https:\/\/www.invarena.cz\/index.php?rest_route=%2Fwp%2Fv2%2Ftags&post=16235"}],"curies":[{"name":"wp","href":"https:\/\/api.w.org\/{rel}","templated":true}]}}