{"id":16239,"date":"2014-05-22T12:39:34","date_gmt":"2014-05-22T10:39:34","guid":{"rendered":"http:\/\/www.invarena.cz\/?p=16239"},"modified":"2014-05-22T23:33:49","modified_gmt":"2014-05-22T21:33:49","slug":"z-rychleho-nastupu-horka-je-mnoha-lidem-i-spatne","status":"publish","type":"post","link":"https:\/\/www.invarena.cz\/?p=16239","title":{"rendered":"Z rychl\u00e9ho n\u00e1stupu horka je mnoha lidem i \u0161patn\u011b"},"content":{"rendered":"<p><strong>Z rychl\u00e9ho n\u00e1stupu tepl\u00e9ho po\u010das\u00ed mnoha lidem nen\u00ed dob\u0159e. Pozor by si m\u011bli d\u00e1t p\u0159edev\u0161\u00edm kardiaci.<\/strong> <!--more--><\/p>\n<p>Po sychrav\u00fdch dnech s teplotou kolem 10 stup\u0148\u016f i m\u00e9n\u011b. najednou m\u00e1me t\u00e9m\u011b\u0159 nar\u00e1z horka, kter\u00e1 u\u017e dnes maj\u00ed dosahovat n\u011bkde a\u017e ke 30 C. Z rychl\u00e9ho n\u00e1stupu tepl\u00e9ho po\u010das\u00ed mnoha lidem nen\u00ed dob\u0159e.<\/p>\n<p>&#8222;Zm\u011bnila se tlakov\u00e1 pole v atmosf\u00e9\u0159e a lid\u00e9, kte\u0159\u00ed jsou citliv\u011bj\u0161\u00ed na zm\u011bny po\u010das\u00ed, to mohou poc\u00edtit,&#8220; uvedla Pr\u00e1vu Dagmar Honsov\u00e1 z pra\u017esk\u00e9ho Meteopressu. &#8222;\u010c\u00edm bude teplo trvat d\u00e9le, t\u00edm se organismus rychleji p\u0159izp\u016fsob\u00ed a <span class=\"highlight\">zdravotn\u00ed<\/span> probl\u00e9my odezn\u00ed,&#8220; dodala.<\/p>\n<p>N\u00e1stup teplot lid\u00e9 poc\u00edtili bolest\u00ed hlavy, n\u011bkdy i mal\u00e1tnost\u00ed, \u00fanavou a vy\u0161\u0161\u00edm pocen\u00edm. Podle kardiolog\u016f by se m\u011bli m\u00edt zvl\u00e1\u0161\u0165 na pozoru kardiaci.<\/p>\n<p>&#8222;Je t\u0159eba poslouchat sv\u00e9 t\u011blo a nep\u0159ece\u0148ovat se. Samo si \u0159ekne, co pot\u0159ebuje, zpravidla je to odpo\u010dinek,&#8220; doporu\u010duje internista Petr Milfeit.<\/p>\n<p>P\u0159i nadm\u011brn\u00e9m horku a nevhodn\u00e9m chov\u00e1n\u00ed se zejm\u00e9na kardiaci vystavuj\u00ed vy\u0161\u0161\u00edmu riziku komplikac\u00ed, kter\u00e9 vypl\u00fdvaj\u00ed z jejich onemocn\u011bn\u00ed.<\/p>\n<p>N\u011bkte\u0159\u00ed meteorologov\u00e9 d\u00e1vaj\u00ed <span class=\"highlight\">zdravotn\u00ed<\/span> stav lid\u00ed a zm\u011bnu po\u010das\u00ed do souvislosti i se zm\u011bnou elektrick\u00fdch pol\u00ed v atmosf\u00e9\u0159e. Ta \u00fadajn\u011b p\u016fsob\u00ed je\u0161t\u011b mnohem v\u00edce ne\u017e zm\u011bna atmosf\u00e9rick\u00e9ho tlaku.<\/p>\n<p>invArena<\/p>\n<p>ilustra\u010dn\u00ed foto: rileyroxx \/ Flickr.com<\/p>\n","protected":false},"excerpt":{"rendered":"<div class=\"mh-excerpt\"><p>Z rychl\u00e9ho n\u00e1stupu tepl\u00e9ho po\u010das\u00ed mnoha lidem nen\u00ed dob\u0159e. Pozor by si m\u011bli d\u00e1t p\u0159edev\u0161\u00edm kardiaci.<\/p>\n<\/div>","protected":false},"author":1,"featured_media":15784,"comment_status":"open","ping_status":"closed","sticky":false,"template":"","format":"standard","meta":{"footnotes":""},"categories":[11],"tags":[],"class_list":["post-16239","post","type-post","status-publish","format-standard","has-post-thumbnail","hentry","category-zdravi"],"_links":{"self":[{"href":"https:\/\/www.invarena.cz\/index.php?rest_route=\/wp\/v2\/posts\/16239","targetHints":{"allow":["GET"]}}],"collection":[{"href":"https:\/\/www.invarena.cz\/index.php?rest_route=\/wp\/v2\/posts"}],"about":[{"href":"https:\/\/www.invarena.cz\/index.php?rest_route=\/wp\/v2\/types\/post"}],"author":[{"embeddable":true,"href":"https:\/\/www.invarena.cz\/index.php?rest_route=\/wp\/v2\/users\/1"}],"replies":[{"embeddable":true,"href":"https:\/\/www.invarena.cz\/index.php?rest_route=%2Fwp%2Fv2%2Fcomments&post=16239"}],"version-history":[{"count":0,"href":"https:\/\/www.invarena.cz\/index.php?rest_route=\/wp\/v2\/posts\/16239\/revisions"}],"wp:featuredmedia":[{"embeddable":true,"href":"https:\/\/www.invarena.cz\/index.php?rest_route=\/wp\/v2\/media\/15784"}],"wp:attachment":[{"href":"https:\/\/www.invarena.cz\/index.php?rest_route=%2Fwp%2Fv2%2Fmedia&parent=16239"}],"wp:term":[{"taxonomy":"category","embeddable":true,"href":"https:\/\/www.invarena.cz\/index.php?rest_route=%2Fwp%2Fv2%2Fcategories&post=16239"},{"taxonomy":"post_tag","embeddable":true,"href":"https:\/\/www.invarena.cz\/index.php?rest_route=%2Fwp%2Fv2%2Ftags&post=16239"}],"curies":[{"name":"wp","href":"https:\/\/api.w.org\/{rel}","templated":true}]}}