{"id":16242,"date":"2014-05-22T10:39:09","date_gmt":"2014-05-22T08:39:09","guid":{"rendered":"http:\/\/www.invarena.cz\/?p=16242"},"modified":"2014-05-22T10:39:09","modified_gmt":"2014-05-22T08:39:09","slug":"hejtmani-se-sesli-s-ministryni-prace-a-socialnich-veci","status":"publish","type":"post","link":"https:\/\/www.invarena.cz\/?p=16242","title":{"rendered":"Hejtmani se se\u0161li s ministryn\u00ed pr\u00e1ce a soci\u00e1ln\u00edch v\u011bc\u00ed"},"content":{"rendered":"<p><strong>P\u0159evod poskytov\u00e1n\u00ed soci\u00e1ln\u00edch slu\u017eeb ze st\u00e1tu na kraje byl hlavn\u00edm t\u00e9matem v\u010derej\u0161\u00edho setk\u00e1n\u00ed hejtman\u016f s ministryn\u00ed Michaelou Marksovou.<\/strong><br \/>\n<!--more--><br \/>\nOd ledna p\u0159\u00ed\u0161t\u00edho roku m\u00e1 st\u00e1t p\u0159ev\u00e9st financov\u00e1n\u00ed soci\u00e1ln\u00edch slu\u017eby na kraje. Mus\u00ed tak nezbytn\u011b doj\u00edt ke shod\u011b kraj\u016f a ministerstva pr\u00e1ce a soci\u00e1ln\u00edch v\u011bc\u00ed nad podobou z\u00e1kona.<\/p>\n<p>Hejtmani se obr\u00e1tili na ministryni s \u0159adou p\u0159ipom\u00ednek a podn\u011bt\u016f k podob\u011b z\u00e1kona a hledali shodu nad d\u016fle\u017eit\u00fdmi body tak, aby kraje mohly v maxim\u00e1ln\u011b mo\u017en\u00e9 m\u00ed\u0159e a bez komplikac\u00ed pro ob\u010dany plynule pokra\u010dovat v poskytov\u00e1n\u00ed a financov\u00e1n\u00ed soci\u00e1ln\u00edch slu\u017eeb ve sv\u00fdch regionech.<\/p>\n<p>Ministryn\u011b Marksov\u00e1 ujistila hejtmany, \u017ee se v r\u00e1mci jedn\u00e1n\u00ed vl\u00e1dy o rozpo\u010dtu bude maxim\u00e1ln\u011b sna\u017eit, aby se vl\u00e1da a koali\u010dn\u00ed partne\u0159i dr\u017eeli vl\u00e1dn\u00edho prohl\u00e1\u0161en\u00ed a aby v t\u00e9to v\u011bci nedo\u0161lo ke komplikac\u00edm, kter\u00e9 by mohli cel\u00fd proces ohrozit.<\/p>\n<p>Pro hejtmany je pak naprosto kl\u00ed\u010dov\u00e9, aby se poda\u0159ilo zajistit stabiln\u00ed a dlouhodob\u00e9 financov\u00e1n\u00ed soci\u00e1ln\u00edch slu\u017eeb.<\/p>\n<p>Milo\u0161 N\u011bme\u010dek, Asociace kraj\u016f \u010cR<br \/>\ntiskov\u00e9 odd\u011blen\u00ed MPSV<\/p>\n","protected":false},"excerpt":{"rendered":"<div class=\"mh-excerpt\"><p>P\u0159evod poskytov\u00e1n\u00ed soci\u00e1ln\u00edch slu\u017eeb ze st\u00e1tu na kraje byl hlavn\u00edm t\u00e9matem v\u010derej\u0161\u00edho setk\u00e1n\u00ed hejtman\u016f s ministryn\u00ed Michaelou Marksovou.<\/p>\n<\/div>","protected":false},"author":1,"featured_media":1226,"comment_status":"open","ping_status":"closed","sticky":false,"template":"","format":"standard","meta":{"footnotes":""},"categories":[6,9],"tags":[],"class_list":["post-16242","post","type-post","status-publish","format-standard","has-post-thumbnail","hentry","category-politika","category-zpravy"],"_links":{"self":[{"href":"https:\/\/www.invarena.cz\/index.php?rest_route=\/wp\/v2\/posts\/16242","targetHints":{"allow":["GET"]}}],"collection":[{"href":"https:\/\/www.invarena.cz\/index.php?rest_route=\/wp\/v2\/posts"}],"about":[{"href":"https:\/\/www.invarena.cz\/index.php?rest_route=\/wp\/v2\/types\/post"}],"author":[{"embeddable":true,"href":"https:\/\/www.invarena.cz\/index.php?rest_route=\/wp\/v2\/users\/1"}],"replies":[{"embeddable":true,"href":"https:\/\/www.invarena.cz\/index.php?rest_route=%2Fwp%2Fv2%2Fcomments&post=16242"}],"version-history":[{"count":0,"href":"https:\/\/www.invarena.cz\/index.php?rest_route=\/wp\/v2\/posts\/16242\/revisions"}],"wp:featuredmedia":[{"embeddable":true,"href":"https:\/\/www.invarena.cz\/index.php?rest_route=\/wp\/v2\/media\/1226"}],"wp:attachment":[{"href":"https:\/\/www.invarena.cz\/index.php?rest_route=%2Fwp%2Fv2%2Fmedia&parent=16242"}],"wp:term":[{"taxonomy":"category","embeddable":true,"href":"https:\/\/www.invarena.cz\/index.php?rest_route=%2Fwp%2Fv2%2Fcategories&post=16242"},{"taxonomy":"post_tag","embeddable":true,"href":"https:\/\/www.invarena.cz\/index.php?rest_route=%2Fwp%2Fv2%2Ftags&post=16242"}],"curies":[{"name":"wp","href":"https:\/\/api.w.org\/{rel}","templated":true}]}}