{"id":16243,"date":"2014-05-22T12:37:08","date_gmt":"2014-05-22T10:37:08","guid":{"rendered":"http:\/\/www.invarena.cz\/?p=16243"},"modified":"2014-05-22T12:57:33","modified_gmt":"2014-05-22T10:57:33","slug":"ctyri-miliony-lidi-dostanou-novy-prukaz-vzp","status":"publish","type":"post","link":"https:\/\/www.invarena.cz\/?p=16243","title":{"rendered":"\u010cty\u0159i miliony lid\u00ed dostanou nov\u00fd pr\u016fkaz VZP"},"content":{"rendered":"<p><strong>Za\u010d\u00edn\u00e1 velk\u00e1 v\u00fdm\u011bna pr\u016fkaz\u016f VZP. Nov\u00fd dostane 3 985 000 klient\u016f. Platnost bude tentokr\u00e1t 10 let. Poji\u0161\u0165ovna t\u00edm u\u0161et\u0159\u00ed 60 milion\u016f korun<\/strong><!--more--><\/p>\n<p>U\u017e za p\u00e1r dn\u00ed dostane prvn\u00edch 140 tis\u00edc klient\u016f VZP do po\u0161tovn\u00edch schr\u00e1nek nov\u00e9 pr\u016fkazy poji\u0161t\u011bnce. Bude to za\u010d\u00e1tek dev\u00edtim\u011bs\u00ed\u010dn\u00ed akce, kter\u00e1 skon\u010d\u00ed p\u0159\u00ed\u0161t\u00ed rok v \u00fanoru a celkem p\u0159i n\u00ed dostane nov\u00fd pr\u016fkaz 3 985 000 lid\u00ed. Oproti sou\u010dasn\u00e9 kart\u011b prov\u00e1zej\u00ed tu novou dv\u011b zm\u011bny \u2013 jednak u\u017e nebude cel\u00e1 modr\u00e1, ale jej\u00ed rubov\u00e1 strana se v\u00fdrazn\u011b zabarv\u00ed. A platit u\u017e nebude jen 5 let, ale dvojn\u00e1sobnou dobu. D\u00edky prodlou\u017een\u00ed platnosti u\u0161et\u0159\u00ed VZP 60 milion\u016f korun.<\/p>\n<p>V\u00fdm\u011bna pr\u016fkaz\u016f se t\u00fdk\u00e1 t\u011bch poji\u0161t\u011bnc\u016f, u nich\u017e v nejbli\u017e\u0161\u00edch m\u011bs\u00edc\u00edch kon\u010d\u00ed platnost st\u00e1vaj\u00edc\u00edho dokladu. Poji\u0161\u0165ovna vym\u011b\u0148uje plastov\u00e9 pr\u016fkazy podruh\u00e9, zat\u00edm to bylo v\u017edy v p\u011btilet\u00e9m cyklu.<\/p>\n<p>P\u0159\u00ed\u0161t\u00ed hromadn\u00e1 v\u00fdm\u011bna v\u0161ak bude tentokr\u00e1t a\u017e za 10 let. Anal\u00fdza uk\u00e1zala, \u017ee rizika spojen\u00e1 s del\u0161\u00ed platnost\u00ed doklad\u016f (nap\u0159\u00edklad jejich mo\u017en\u00e9 zneu\u017eit\u00ed) se vyplat\u00ed podstoupit s ohledem na n\u00e1klady spojen\u00e9 s v\u00fdm\u011bnou. Ty \u010din\u00ed zhruba 60 milion\u016f korun, v \u010dem\u017e je zahrnuta jak samotn\u00e1 v\u00fdroba karet, tak jejich distribuce a dal\u0161\u00ed nutn\u00e9 n\u00e1klady. Prodlou\u017een\u00edm platnosti jedna v\u00fdm\u011bna odpadne a u\u0161et\u0159en\u00e9 pen\u00edze bude mo\u017en\u00e9 vyu\u017e\u00edt na zdravotn\u00ed p\u00e9\u010di.<\/p>\n<p><strong>Harmonogram rozes\u00edl\u00e1n\u00ed nov\u00fdch pr\u016fkaz\u016f VZP<\/strong><\/p>\n<p>&nbsp;<\/p>\n<table>\n<tbody>\n<tr>\n<td width=\"196\"><strong>M\u011bs\u00edc<\/strong><\/td>\n<td width=\"207\"><strong>Po\u010det vym\u011bn\u011bn\u00fdch pr\u016fkaz\u016f<\/strong><\/td>\n<\/tr>\n<tr>\n<td width=\"196\"><strong>\u010cerven 2014<\/strong><\/td>\n<td width=\"207\">140 000<\/td>\n<\/tr>\n<tr>\n<td width=\"196\"><strong>\u010cervenec 2014<\/strong><\/td>\n<td width=\"207\">590 000<\/td>\n<\/tr>\n<tr>\n<td width=\"196\"><strong>Srpen 2014<\/strong><\/td>\n<td width=\"207\">475 000<\/td>\n<\/tr>\n<tr>\n<td width=\"196\"><strong>Z\u00e1\u0159\u00ed 2014<\/strong><\/td>\n<td width=\"207\">620 000<\/td>\n<\/tr>\n<tr>\n<td width=\"196\"><strong>\u0158\u00edjen 2014<\/strong><\/td>\n<td width=\"207\">575 000<\/td>\n<\/tr>\n<tr>\n<td width=\"196\"><strong>Listopad 2014<\/strong><\/td>\n<td width=\"207\">485 000<\/td>\n<\/tr>\n<tr>\n<td width=\"196\"><strong>Prosinec 2014<\/strong><\/td>\n<td width=\"207\">540 000<\/td>\n<\/tr>\n<tr>\n<td width=\"196\"><strong>Leden 2015 \u2013 \u00fanor 2015 \u00a0<\/strong><\/td>\n<td width=\"207\">560 000<\/td>\n<\/tr>\n<tr>\n<td width=\"196\"><strong>Celkem<\/strong><\/td>\n<td width=\"207\"><strong>3\u00a0985 000<\/strong><\/td>\n<\/tr>\n<\/tbody>\n<\/table>\n<p>Klienti dostanou nov\u00e9 pr\u016fkazy po\u0161tou do schr\u00e1nek. Nemus\u00ed pro n\u011b chodit ani na po\u0161tu, ani na pobo\u010dku. V pr\u016fvodn\u00edm dopise najdou v\u0161echny pot\u0159ebn\u00e9 informace vysv\u011btluj\u00edc\u00ed, jak a kde pr\u016fkaz pou\u017e\u00edvat. Samoz\u0159ejm\u011b je v nich uvedena i mo\u017enost vr\u00e1tit star\u00fd pr\u016fkaz na kter\u00e9koli na\u0161\u00ed pobo\u010dce. To v\u0161ak nen\u00ed povinn\u00e9, znehodnotit jej mohou sami t\u0159eba p\u0159est\u0159i\u017een\u00edm n\u016f\u017ekami.<\/p>\n<p>Nikdo tak\u00e9 p\u0159edem nebude klienty VZP obch\u00e1zet a kontrolovat nap\u0159\u00edklad to, kdy jim pr\u016fkaz kon\u010d\u00ed \u2013 pokud se takov\u00ed lid\u00e9 n\u011bkde objevuj\u00ed, jde nejsp\u00ed\u0161 o podvodn\u00edky. VZP se s podobn\u00fdmi p\u0159\u00edpady ji\u017e opakovan\u011b setkala ze strany n\u00e1bor\u00e1\u0159\u016f konkuren\u010dn\u00edch poji\u0161\u0165oven, kte\u0159\u00ed prov\u00e1d\u011bli nekalou p\u0159eregistraci.<\/p>\n<p>P\u0159i tak velk\u00e9m po\u010dtu klient\u016f, kte\u0159\u00ed maj\u00ed nov\u00fd pr\u016fkaz dostat, nelze samoz\u0159ejm\u011b vylou\u010dit ojedin\u011bl\u00e9 probl\u00e9my \u2013 m\u016f\u017ee se nap\u0159\u00edklad vyskytnout chybn\u00e1 adresa v datab\u00e1zi. Ta m\u016f\u017ee vzniknout jak nep\u0159esnost\u00ed pracovn\u00edka poji\u0161\u0165ovny, tak i t\u00edm, \u017ee klient nenahl\u00e1s\u00ed zm\u011bnu adresy. \u010cesk\u00e1 po\u0161ta, kter\u00e1 distribuci zaji\u0161\u0165uje, bude nedoru\u010diteln\u00e9 z\u00e1silky vracet zp\u011bt VZP.<\/p>\n<p>Klienti, jim\u017e platnost pr\u016fkazu kon\u010d\u00ed (datum je na karti\u010dce vyzna\u010deno) a nedostali nov\u00fd, ud\u011blaj\u00ed nejl\u00e9pe, kdy\u017e se obr\u00e1t\u00ed na pobo\u010dku VZP. Pracovn\u00edci poji\u0161\u0165ovny zjist\u00ed, kde vznikl probl\u00e9m, a pomohou ho odstranit.<\/p>\n<p>Pro pozm\u011bn\u011bnou vizu\u00e1ln\u00ed podobu pr\u016fkazu se VZP rozhodla proto, \u017ee cht\u011bla modernizovat jejich podobu. Ta strana dokladu, kde jsou uvedeny povinn\u00e9 \u00fadaje o poji\u0161t\u011bnc\u00edch, mus\u00ed m\u00edt jako Evropsk\u00fd pr\u016fkaz zdravotn\u00edho poji\u0161t\u011bn\u00ed jednotn\u00fd vizu\u00e1ln\u00ed styl. Zm\u011bna se proto mohla t\u00fdkat jen rubu, kde se nov\u011b objevuj\u00ed nap\u0159\u00edklad korpor\u00e1tn\u00ed barvy VZP. N\u00e1klady se t\u00edm nijak nezv\u00fd\u0161ily.<\/p>\n<p>V\u00edce o tom, k \u010demu klienty VZP oprav\u0148uje pr\u016fkaz poji\u0161t\u011bnce, jak postupovat p\u0159i jeho ztr\u00e1t\u011b a \u0159adu dal\u0161\u00edch u\u017eite\u010dn\u00fdch informac\u00ed najdete zde.<\/p>\n<p>Mgr. Old\u0159ich Tich\u00fd<br \/>\nvedouc\u00ed tiskov\u00e9ho odd\u011blen\u00ed a tiskov\u00fd mluv\u010d\u00ed<\/p>\n","protected":false},"excerpt":{"rendered":"<div class=\"mh-excerpt\"><p>Za\u010d\u00edn\u00e1 velk\u00e1 v\u00fdm\u011bna pr\u016fkaz\u016f VZP. Nov\u00fd dostane 3 985 000 klient\u016f. Platnost bude tentokr\u00e1t 10 let. Poji\u0161\u0165ovna t\u00edm u\u0161et\u0159\u00ed 60 milion\u016f korun<\/p>\n<\/div>","protected":false},"author":1,"featured_media":7432,"comment_status":"open","ping_status":"closed","sticky":false,"template":"","format":"standard","meta":{"footnotes":""},"categories":[7],"tags":[],"class_list":["post-16243","post","type-post","status-publish","format-standard","has-post-thumbnail","hentry","category-spolecnost"],"_links":{"self":[{"href":"https:\/\/www.invarena.cz\/index.php?rest_route=\/wp\/v2\/posts\/16243","targetHints":{"allow":["GET"]}}],"collection":[{"href":"https:\/\/www.invarena.cz\/index.php?rest_route=\/wp\/v2\/posts"}],"about":[{"href":"https:\/\/www.invarena.cz\/index.php?rest_route=\/wp\/v2\/types\/post"}],"author":[{"embeddable":true,"href":"https:\/\/www.invarena.cz\/index.php?rest_route=\/wp\/v2\/users\/1"}],"replies":[{"embeddable":true,"href":"https:\/\/www.invarena.cz\/index.php?rest_route=%2Fwp%2Fv2%2Fcomments&post=16243"}],"version-history":[{"count":0,"href":"https:\/\/www.invarena.cz\/index.php?rest_route=\/wp\/v2\/posts\/16243\/revisions"}],"wp:featuredmedia":[{"embeddable":true,"href":"https:\/\/www.invarena.cz\/index.php?rest_route=\/wp\/v2\/media\/7432"}],"wp:attachment":[{"href":"https:\/\/www.invarena.cz\/index.php?rest_route=%2Fwp%2Fv2%2Fmedia&parent=16243"}],"wp:term":[{"taxonomy":"category","embeddable":true,"href":"https:\/\/www.invarena.cz\/index.php?rest_route=%2Fwp%2Fv2%2Fcategories&post=16243"},{"taxonomy":"post_tag","embeddable":true,"href":"https:\/\/www.invarena.cz\/index.php?rest_route=%2Fwp%2Fv2%2Ftags&post=16243"}],"curies":[{"name":"wp","href":"https:\/\/api.w.org\/{rel}","templated":true}]}}