{"id":16262,"date":"2014-05-24T12:35:10","date_gmt":"2014-05-24T10:35:10","guid":{"rendered":"http:\/\/www.invarena.cz\/?p=16262"},"modified":"2014-05-24T12:35:10","modified_gmt":"2014-05-24T10:35:10","slug":"vymyslela-prirodni-lecivy-doplnek-na-nervovesvalovou-degeneraci","status":"publish","type":"post","link":"https:\/\/www.invarena.cz\/?p=16262","title":{"rendered":"Vymyslela p\u0159\u00edrodn\u00ed l\u00e9\u010div\u00fd dopln\u011bk na nervov\u011bsvalovou degeneraci"},"content":{"rendered":"<p><strong>Petra Kov\u00e1\u0159ov\u00e1 z Brankovic na Vy\u0161kovsku vymyslela l\u00e9\u010div\u00fd p\u0159\u00edrodn\u00ed p\u0159\u00edpravek, kter\u00fd by mohl pomoci lidem s nervov\u011b-svalov\u00fdm onemocn\u011bn\u00edm &#8211; s nemoc\u00ed motorick\u00e9ho neuronu. Prvn\u00ed balen\u00ed p\u0159\u00edpravku Vittalicci se na trhu objev\u00ed z\u0159ejm\u011b v \u010dervnu.<\/strong> <!--more--><\/p>\n<p>P\u0159\u00edpravek u\u017e podle Kov\u00e1\u0159ov\u00e9 pomohl Miroslavu Centekovi z Olomoucka. Pr\u016fb\u011bh jeho nemoci se zpomalil d\u00edky l\u00e1tce vyroben\u00e9 z koz\u00edho kolostra, arganov\u00e9ho oleje a ovsa, \u0159ekla. Podle farmaceutick\u00e9ho odborn\u00edka Jana \u0160otoly m\u016f\u017ee p\u0159\u00edpravek pomoci i proti roztrou\u0161en\u00e9 skler\u00f3ze.<\/p>\n<p>Nemoc motorick\u00e9ho neuronu je nervovo-svalov\u00e9 onemocn\u011bn\u00ed. &#8222;Napad\u00e1 svalstvo a degeneruje ho. \u010clov\u011bk po \u010dase ochrne a skon\u010d\u00ed jako le\u017e\u00edc\u00ed pacient a po n\u011bkolika m\u011bs\u00edc\u00edch nebo letech um\u00edr\u00e1. Verdikt l\u00e9ka\u0159\u016f b\u00fdv\u00e1 dva a\u017e \u010dty\u0159i roky \u017eivota,&#8220; uvedla Kov\u00e1\u0159ov\u00e1, kter\u00e1 se dlouhodob\u011b v\u011bnuje bylink\u00e1m a l\u00e9\u010ditelstv\u00ed.<\/p>\n<p>S Centekem se sezn\u00e1mila n\u00e1hodou p\u0159es kolegyni. &#8222;Do t\u00e9 doby jsem nev\u011bd\u011bla, co nemoc motorick\u00e9ho neuronu je. Nikde ve sv\u011bt\u011b na ni neexistuje l\u00e9k, a proto m\u011b napadla kombinace slo\u017eek, kter\u00e1 by Miroslavovi mohla pomoct,&#8220; \u0159ekla.<\/p>\n<p>&#8222;N\u00e1pad Petry Kov\u00e1\u0159ov\u00e9 mi pomohl. Slo\u017eky u\u017e\u00edv\u00e1m dodnes. Tlum\u00ed bolest a k\u0159e\u010de v\u00edc ne\u017e l\u00e9ky, kter\u00e9 mi doporu\u010dili l\u00e9ka\u0159i,&#8220; \u0159ekl Centek, jen\u017e se o nemoci dozv\u011bd\u011bl v\u00edce ne\u017e p\u0159ed rokem. A\u010dkoli by m\u011bl u\u017e nyn\u00ed m\u00edt velk\u00e9 pohybov\u00e9 probl\u00e9my, st\u00e1le je aktivn\u00edm \u010dlov\u011bkem.<\/p>\n<p>&#8222;Potravinov\u00fd v\u00fdrobek jsem si nechala patentovat a v \u010dervnu bude k dost\u00e1n\u00ed na trhu i pro ostatn\u00ed nemocn\u00e9, kter\u00fdm pom\u016f\u017ee,&#8220; uvedla Kov\u00e1\u0159ov\u00e1.<\/p>\n<p>&#8222;Ve\u0159ejnospr\u00e1vn\u00ed \u0159\u00edzen\u00ed u p\u0159ihl\u00e1\u0161ky ochrann\u00e9 zn\u00e1mky skon\u010dilo kladn\u011b. Z\u00e1konn\u00e1 lh\u016fta pro p\u0159\u00edpadn\u00e9 pod\u00e1n\u00ed n\u00e1mitek skon\u010d\u00ed v \u010dervenci,&#8220; uvedl patentov\u00fd z\u00e1stupce Kov\u00e1\u0159ov\u00e9 V\u00e1clav M\u00fcller. Balen\u00ed stoj\u00ed okolo \u010dty\u0159 tis\u00edc korun. Kov\u00e1\u0159ov\u00e1 se v\u0161ak bude sna\u017eit o to, aby p\u0159\u00edpravek propl\u00e1cely poji\u0161\u0165ovny.<\/p>\n<p>P\u0159\u00edpravek by mohl m\u00edt \u00fa\u010dinek i proti dal\u0161\u00edm nemocem. &#8222;Z v\u00fdsledk\u016f pokus\u016f vypl\u00fdv\u00e1, \u017ee povzbuzuje \u010dinnost n\u011bkolika druh\u016f z\u00e1kladn\u00edch bun\u011bk v mozku proti demyeliniza\u010dn\u00edm chorob\u00e1m. Nej\u010dast\u011bj\u0161\u00ed je takzvan\u00e1 roztrou\u0161en\u00e1 skler\u00f3za. V\u0161e je ale ot\u00e1zkou dal\u0161\u00edho v\u00fdzkumu,&#8220; dodal farmaceutick\u00fd v\u011bdec a konzultant v\u00fdvoje p\u0159\u00edpravku Vittalicci Jan \u0160otola.<\/p>\n<p>ilustra\u010dn\u00ed foto: sxc.hu<\/p>\n","protected":false},"excerpt":{"rendered":"<div class=\"mh-excerpt\"><p>Petra Kov\u00e1\u0159ov\u00e1 z Brankovic na Vy\u0161kovsku vymyslela l\u00e9\u010div\u00fd p\u0159\u00edrodn\u00ed p\u0159\u00edpravek, kter\u00fd by mohl pomoci lidem s nervov\u011b-svalov\u00fdm onemocn\u011bn\u00edm &#8211; s nemoc\u00ed motorick\u00e9ho neuronu. Prvn\u00ed balen\u00ed <a class=\"mh-excerpt-more\" href=\"https:\/\/www.invarena.cz\/?p=16262\" title=\"Vymyslela p\u0159\u00edrodn\u00ed l\u00e9\u010div\u00fd dopln\u011bk na nervov\u011bsvalovou degeneraci\">[&#8230;]<\/a><\/p>\n<\/div>","protected":false},"author":1,"featured_media":14127,"comment_status":"open","ping_status":"closed","sticky":false,"template":"","format":"standard","meta":{"footnotes":""},"categories":[11],"tags":[],"class_list":["post-16262","post","type-post","status-publish","format-standard","has-post-thumbnail","hentry","category-zdravi"],"_links":{"self":[{"href":"https:\/\/www.invarena.cz\/index.php?rest_route=\/wp\/v2\/posts\/16262","targetHints":{"allow":["GET"]}}],"collection":[{"href":"https:\/\/www.invarena.cz\/index.php?rest_route=\/wp\/v2\/posts"}],"about":[{"href":"https:\/\/www.invarena.cz\/index.php?rest_route=\/wp\/v2\/types\/post"}],"author":[{"embeddable":true,"href":"https:\/\/www.invarena.cz\/index.php?rest_route=\/wp\/v2\/users\/1"}],"replies":[{"embeddable":true,"href":"https:\/\/www.invarena.cz\/index.php?rest_route=%2Fwp%2Fv2%2Fcomments&post=16262"}],"version-history":[{"count":0,"href":"https:\/\/www.invarena.cz\/index.php?rest_route=\/wp\/v2\/posts\/16262\/revisions"}],"wp:featuredmedia":[{"embeddable":true,"href":"https:\/\/www.invarena.cz\/index.php?rest_route=\/wp\/v2\/media\/14127"}],"wp:attachment":[{"href":"https:\/\/www.invarena.cz\/index.php?rest_route=%2Fwp%2Fv2%2Fmedia&parent=16262"}],"wp:term":[{"taxonomy":"category","embeddable":true,"href":"https:\/\/www.invarena.cz\/index.php?rest_route=%2Fwp%2Fv2%2Fcategories&post=16262"},{"taxonomy":"post_tag","embeddable":true,"href":"https:\/\/www.invarena.cz\/index.php?rest_route=%2Fwp%2Fv2%2Ftags&post=16262"}],"curies":[{"name":"wp","href":"https:\/\/api.w.org\/{rel}","templated":true}]}}