{"id":16263,"date":"2014-05-24T12:37:19","date_gmt":"2014-05-24T10:37:19","guid":{"rendered":"http:\/\/www.invarena.cz\/?p=16263"},"modified":"2014-05-24T12:37:19","modified_gmt":"2014-05-24T10:37:19","slug":"ridic-autobusu-dostal-za-prahou-zachvat-vuz-zastavili-cestujici","status":"publish","type":"post","link":"https:\/\/www.invarena.cz\/?p=16263","title":{"rendered":"\u0158idi\u010d autobusu dostal za Prahou z\u00e1chvat, v\u016fz zastavili cestuj\u00edc\u00ed"},"content":{"rendered":"<p><strong>\u0158idi\u010d linkov\u00e9ho autobusu dostal v p\u00e1tek ve\u010der za Prahou z\u0159ejm\u011b epileptick\u00fd z\u00e1chvat a za j\u00edzdy upadl do bezv\u011bdom\u00ed. Se\u0161l\u00e1pl p\u0159i tom plynov\u00fd ped\u00e1l a p\u0159ejel do protism\u011bru. Cestuj\u00edc\u00edm se poda\u0159ilo autobus bezpe\u010dn\u011b zastavit, nikomu se nic nestalo, \u0159ekla dnes mluv\u010d\u00ed st\u0159edo\u010desk\u00e9 z\u00e1chrann\u00e9 slu\u017eby Petra Effenbergerov\u00e1.<\/strong> <!--more--><\/p>\n<p>\u0158idi\u010d podle n\u00ed v k\u0159e\u010di se\u0161l\u00e1pl ped\u00e1l plynu a v\u016fz za\u010dal zrychlovat. Nav\u00edc p\u0159ejel do protism\u011bru, kde pokra\u010doval v j\u00edzd\u011b asi 200 metr\u016f, ne\u017e duchap\u0159\u00edtomn\u00ed cestuj\u00edc\u00ed \u0159idi\u010de st\u00e1hli od volantu a autobus zastavili.<\/p>\n<p>Ud\u00e1lost se podle informac\u00ed \u010cTK stala u Jesenice nedaleko Prahy a zasahovali u n\u00ed z\u00e1chran\u00e1\u0159i z m\u00edstn\u00ed pos\u00e1dky. \u0158idi\u010de, kter\u00fd byl u\u017e p\u0159i v\u011bdom\u00ed, p\u0159evezli do nemocnice v pra\u017esk\u00e9 Kr\u010di.<\/p>\n<p>Podobn\u00e9 p\u0159\u00edpady m\u00edvaj\u00ed ob\u010das tragick\u00e9 n\u00e1sledky. Loni v Sobotce na Ji\u010d\u00ednsku \u0159idi\u010d osobn\u00edho auta s p\u0159\u00edv\u011bsn\u00fdm voz\u00edkem srazil a usmrtil dv\u011b d\u011bti. St\u00e1tn\u00ed z\u00e1stupce pozd\u011bji mu\u017eovo st\u00edh\u00e1n\u00ed zastavil, proto\u017ee m\u011bl p\u0159i nehod\u011b akutn\u00ed epileptick\u00fd z\u00e1chvat a nemohl j\u00ed \u00fadajn\u011b nijak zabr\u00e1nit.<\/p>\n","protected":false},"excerpt":{"rendered":"<div class=\"mh-excerpt\"><p>\u0158idi\u010d linkov\u00e9ho autobusu dostal v p\u00e1tek ve\u010der za Prahou z\u0159ejm\u011b epileptick\u00fd z\u00e1chvat a za j\u00edzdy upadl do bezv\u011bdom\u00ed. Se\u0161l\u00e1pl p\u0159i tom plynov\u00fd ped\u00e1l a p\u0159ejel <a class=\"mh-excerpt-more\" href=\"https:\/\/www.invarena.cz\/?p=16263\" title=\"\u0158idi\u010d autobusu dostal za Prahou z\u00e1chvat, v\u016fz zastavili cestuj\u00edc\u00ed\">[&#8230;]<\/a><\/p>\n<\/div>","protected":false},"author":1,"featured_media":0,"comment_status":"open","ping_status":"closed","sticky":false,"template":"","format":"standard","meta":{"footnotes":""},"categories":[9],"tags":[],"class_list":["post-16263","post","type-post","status-publish","format-standard","hentry","category-zpravy"],"_links":{"self":[{"href":"https:\/\/www.invarena.cz\/index.php?rest_route=\/wp\/v2\/posts\/16263","targetHints":{"allow":["GET"]}}],"collection":[{"href":"https:\/\/www.invarena.cz\/index.php?rest_route=\/wp\/v2\/posts"}],"about":[{"href":"https:\/\/www.invarena.cz\/index.php?rest_route=\/wp\/v2\/types\/post"}],"author":[{"embeddable":true,"href":"https:\/\/www.invarena.cz\/index.php?rest_route=\/wp\/v2\/users\/1"}],"replies":[{"embeddable":true,"href":"https:\/\/www.invarena.cz\/index.php?rest_route=%2Fwp%2Fv2%2Fcomments&post=16263"}],"version-history":[{"count":0,"href":"https:\/\/www.invarena.cz\/index.php?rest_route=\/wp\/v2\/posts\/16263\/revisions"}],"wp:attachment":[{"href":"https:\/\/www.invarena.cz\/index.php?rest_route=%2Fwp%2Fv2%2Fmedia&parent=16263"}],"wp:term":[{"taxonomy":"category","embeddable":true,"href":"https:\/\/www.invarena.cz\/index.php?rest_route=%2Fwp%2Fv2%2Fcategories&post=16263"},{"taxonomy":"post_tag","embeddable":true,"href":"https:\/\/www.invarena.cz\/index.php?rest_route=%2Fwp%2Fv2%2Ftags&post=16263"}],"curies":[{"name":"wp","href":"https:\/\/api.w.org\/{rel}","templated":true}]}}