{"id":16272,"date":"2014-05-27T06:54:32","date_gmt":"2014-05-27T04:54:32","guid":{"rendered":"http:\/\/www.invarena.cz\/?p=16272"},"modified":"2014-05-27T06:54:32","modified_gmt":"2014-05-27T04:54:32","slug":"zitrejsi-svetovy-den-pripomene-roztrousenou-sklerozu","status":"publish","type":"post","link":"https:\/\/www.invarena.cz\/?p=16272","title":{"rendered":"Z\u00edt\u0159ej\u0161\u00ed Sv\u011btov\u00fd den p\u0159ipomene roztrou\u0161enou skler\u00f3zu"},"content":{"rendered":"<p><strong>Podporu pacient\u016fm mohou lid\u00e9 vyj\u00e1d\u0159it ve Sv\u011btov\u00e9m dni boje proti roztrou\u0161en\u00e9 skler\u00f3ze 28. kv\u011btna, kdy\u017e se obl\u00e9knou do zelen\u00e9, kter\u00e1 jako barva nad\u011bje je i barvou tohoto dne.<\/strong><!--more--><\/p>\n<p>S roztrou\u0161enou skler\u00f3zou se l\u00e9\u010d\u00ed v \u010cesku 19.000 lid\u00ed, biologickou l\u00e9\u010dbu dost\u00e1v\u00e1 6000 z nich. \u00dahradov\u00e1 pravidla podle neurolo\u017eky Evy Havrdov\u00e9 neumo\u017e\u0148uj\u00ed d\u00e1t ji v\u0161em, kdo by z n\u00ed m\u011bli u\u017eitek. Centra nemaj\u00ed dotace, a tak neposkytuj\u00ed komplexn\u00ed p\u00e9\u010di jako v jin\u00fdch vysp\u011bl\u00fdch zem\u00edch, \u0159ekla \u0161\u00e9fka odborn\u00e9ho centra ve V\u0161eobecn\u00e9 fakultn\u00ed nemocnici v Praze.<\/p>\n<p>Podporu pacient\u016fm mohou lid\u00e9 vyj\u00e1d\u0159it ve Sv\u011btov\u00e9m dni boje proti roztrou\u0161en\u00e9 skler\u00f3ze 28. kv\u011btna, kdy\u017e se obl\u00e9knou do zelen\u00e9, kter\u00e1 jako barva nad\u011bje je i barvou tohoto dne.<\/p>\n<p>Roztrou\u0161en\u00e1 skler\u00f3za je chronick\u00e9 z\u00e1n\u011btliv\u00e9 onemocn\u011bn\u00ed centr\u00e1ln\u00edho nervov\u00e9ho syst\u00e9mu, bez l\u00e9\u010dby kon\u010d\u00ed pacienti na voz\u00ed\u010dku. Ka\u017ed\u00fd rok se zjist\u00ed u tis\u00edcovky lid\u00ed, v\u011bt\u0161inou ve v\u011bku od 20 do 40 let, p\u0159eva\u017euj\u00ed \u017eeny.<\/p>\n<p>&#8222;Nemoc se obvykle projevuje poruchami zraku, citlivosti a hybnosti, koordinace pohybu, dvojit\u00fdm vid\u011bn\u00edm, t\u0159esem \u010di poruchami vyprazd\u0148ov\u00e1n\u00ed. Kombinace p\u0159\u00edznak\u016f vytv\u00e1\u0159\u00ed pro ka\u017ed\u00e9ho pacienta jeho specifikou nemoc,&#8220; popsala profesorka.<\/p>\n<p>Z\u00e1sadn\u00ed podle n\u00ed je co nejd\u0159\u00edv nemoc rozpoznat a zah\u00e1jit l\u00e9\u010dbu v jednom z 15 specializovan\u00fdch center. &#8222;L\u00e9\u010dba je sice n\u00e1kladn\u00e1, ale udr\u017een\u00ed pr\u00e1ceschopnosti mlad\u00e9ho \u010dlov\u011bka jej\u00ed cenu pln\u011b vyva\u017euje,&#8220; zd\u016fraznila.<\/p>\n<p>Podle p\u0159ednosty neurologick\u00e9ho odd\u011blen\u00ed chomutovsk\u00e9 nemocnice a \u010dlena v\u00fdboru \u010cesk\u00e9 neurologick\u00e9 spole\u010dnosti Ji\u0159\u00edho Neumanna skon\u010d\u00ed t\u00e9m\u011b\u0159 polovina pacient\u016f s prac\u00ed do t\u0159\u00ed let od zji\u0161t\u011bn\u00ed diagn\u00f3zy. &#8222;Pr\u016fm\u011brn\u00e9 ro\u010dn\u00ed n\u00e1klady na l\u00e9\u010dbu jednoho nemocn\u00e9ho p\u0159ekra\u010duj\u00ed 250.000 korun. Celkov\u00e9 n\u00e1klady, kter\u00e9 zahrnuj\u00ed l\u00e9\u010dbu, soci\u00e1ln\u00ed slu\u017eby, p\u0159ed\u010dasn\u00e9 d\u016fchody a ztr\u00e1tu produktivity, ro\u010dn\u011b v \u010cR dosahuj\u00ed a\u017e p\u011bti miliard,&#8220; up\u0159esnil.<\/p>\n<p>V r\u00e1mci sv\u011btov\u00e9ho dne se bude konat v ulic\u00edch hlavn\u00edho m\u011bsta sb\u00edrkov\u00e1 akce na projekty pro lidi s roztrou\u0161enou skler\u00f3zou a na Mal\u00e9 Stran\u011b benefi\u010dn\u00ed koncert. V centrech zdrav\u00ed ve velk\u00fdch n\u00e1kupn\u00edch centrech v Praze, Brn\u011b, Jihlav\u011b, Ostrav\u011b a Plzni se budou rozd\u00e1vat let\u00e1ky a bro\u017eury s informacemi o roztrou\u0161en\u00e9 skler\u00f3ze.<\/p>\n<p>ilustra\u010dn\u00ed foto : Kait Jabeau \/ Flickr.com<\/p>\n","protected":false},"excerpt":{"rendered":"<div class=\"mh-excerpt\"><p>Podporu pacient\u016fm mohou lid\u00e9 vyj\u00e1d\u0159it ve Sv\u011btov\u00e9m dni boje proti roztrou\u0161en\u00e9 skler\u00f3ze 28. kv\u011btna, kdy\u017e se obl\u00e9knou do zelen\u00e9, kter\u00e1 jako barva nad\u011bje je i <a class=\"mh-excerpt-more\" href=\"https:\/\/www.invarena.cz\/?p=16272\" title=\"Z\u00edt\u0159ej\u0161\u00ed Sv\u011btov\u00fd den p\u0159ipomene roztrou\u0161enou skler\u00f3zu\">[&#8230;]<\/a><\/p>\n<\/div>","protected":false},"author":1,"featured_media":16278,"comment_status":"open","ping_status":"closed","sticky":false,"template":"","format":"standard","meta":{"footnotes":""},"categories":[11],"tags":[],"class_list":["post-16272","post","type-post","status-publish","format-standard","has-post-thumbnail","hentry","category-zdravi"],"_links":{"self":[{"href":"https:\/\/www.invarena.cz\/index.php?rest_route=\/wp\/v2\/posts\/16272","targetHints":{"allow":["GET"]}}],"collection":[{"href":"https:\/\/www.invarena.cz\/index.php?rest_route=\/wp\/v2\/posts"}],"about":[{"href":"https:\/\/www.invarena.cz\/index.php?rest_route=\/wp\/v2\/types\/post"}],"author":[{"embeddable":true,"href":"https:\/\/www.invarena.cz\/index.php?rest_route=\/wp\/v2\/users\/1"}],"replies":[{"embeddable":true,"href":"https:\/\/www.invarena.cz\/index.php?rest_route=%2Fwp%2Fv2%2Fcomments&post=16272"}],"version-history":[{"count":0,"href":"https:\/\/www.invarena.cz\/index.php?rest_route=\/wp\/v2\/posts\/16272\/revisions"}],"wp:featuredmedia":[{"embeddable":true,"href":"https:\/\/www.invarena.cz\/index.php?rest_route=\/wp\/v2\/media\/16278"}],"wp:attachment":[{"href":"https:\/\/www.invarena.cz\/index.php?rest_route=%2Fwp%2Fv2%2Fmedia&parent=16272"}],"wp:term":[{"taxonomy":"category","embeddable":true,"href":"https:\/\/www.invarena.cz\/index.php?rest_route=%2Fwp%2Fv2%2Fcategories&post=16272"},{"taxonomy":"post_tag","embeddable":true,"href":"https:\/\/www.invarena.cz\/index.php?rest_route=%2Fwp%2Fv2%2Ftags&post=16272"}],"curies":[{"name":"wp","href":"https:\/\/api.w.org\/{rel}","templated":true}]}}