{"id":16277,"date":"2014-05-27T00:01:28","date_gmt":"2014-05-26T22:01:28","guid":{"rendered":"http:\/\/www.invarena.cz\/?p=16277"},"modified":"2014-05-27T00:01:28","modified_gmt":"2014-05-26T22:01:28","slug":"jak-socialne-podnikat-na-opavsku","status":"publish","type":"post","link":"https:\/\/www.invarena.cz\/?p=16277","title":{"rendered":"Jak soci\u00e1ln\u011b podnikat na Opavsku?"},"content":{"rendered":"<p><strong>Speci\u00e1ln\u00ed restaurace, d\u00edlna na v\u00fdrobu sv\u00ed\u010dek \u2013 to jsou jen n\u011bkter\u00e9 z \u0159ady projekt\u016f tzv. soci\u00e1ln\u00edho podnik\u00e1n\u00ed, o nich\u017e bude ve \u010dtvrtek 29. kv\u011btna \u0159e\u010d na ve\u0159ejn\u00e9m workshopu Charity Opava.<\/strong> <!--more--><\/p>\n<p>Speci\u00e1ln\u00ed restaurace, v n\u00ed\u017e dost\u00e1vaj\u00ed v Litv\u011b \u0161anci vr\u00e1tit se zp\u011bt na trh pr\u00e1ce vyl\u00e9\u010den\u00e9 alkoholi\u010dky \u010di narkomanky, d\u00edlna na v\u00fdrobu sv\u00ed\u010dek, d\u00edky n\u00ed\u017e si \u00fasp\u011b\u0161n\u011b nach\u00e1zej\u00ed zam\u011bstn\u00e1n\u00ed pracovn\u011b znev\u00fdhodn\u011bn\u00ed ob\u010dan\u00e9 \u2013 to jsou jen n\u011bkter\u00e9 z \u0159ady projekt\u016f tzv. soci\u00e1ln\u00edho podnik\u00e1n\u00ed, o nich\u017e bude ve \u010dtvrtek 29. kv\u011btna \u0159e\u010d na ve\u0159ejn\u00e9m workshopu Charity Opava.<\/p>\n<p>Pracovn\u00edci opavsk\u00e9 Charity na n\u011bm sezn\u00e1n\u00ed z\u00e1jemce z \u0159ad odborn\u00e9 i laick\u00e9 ve\u0159ejnosti se sv\u00fdmi post\u0159ehy a z\u00e1\u017eitky z evropsk\u00e9ho projektu See Light, v n\u011bm\u017e si formou vz\u00e1jemn\u00fdch n\u00e1v\u0161t\u011bv a exkurz\u00ed vym\u011b\u0148uj\u00ed zku\u0161enosti se soci\u00e1ln\u00edm podnik\u00e1n\u00edm poskytovatel\u00e9 soci\u00e1ln\u00edch slu\u017eeb z mnoha zem\u00ed Evropy. Projekt m\u00e1 ve znaku maj\u00e1k, kter\u00fd symbolizuje mo\u017enost zakotven\u00ed v jistot\u011b st\u00e1l\u00e9ho zam\u011bstn\u00e1n\u00ed lidem, kte\u0159\u00ed si pr\u00e1ci z r\u016fzn\u00fdch d\u016fvod\u016f v rozbou\u0159en\u00e9m mo\u0159i voln\u00e9ho trhu pr\u00e1ce sami naj\u00edt neum\u00ed.<\/p>\n<p>&#8222;Soci\u00e1ln\u00ed podnik\u00e1n\u00ed je podnikatelsk\u00fd projekt, kter\u00fd z\u00e1rove\u0148 \u0159e\u0161\u00ed n\u011bjak\u00fd soci\u00e1ln\u00ed probl\u00e9m, nap\u0159\u00edklad zam\u011bstn\u00e1v\u00e1 lidi znev\u00fdhodn\u011bn\u00e9 na trhu pr\u00e1ce, tedy osoby <span class=\"highlight\">zdravotn\u011b<\/span> <span class=\"highlight\">posti\u017een\u00e9<\/span>, matky s mal\u00fdmi d\u011btmi \u010di po mate\u0159sk\u00e9 dovolen\u00e9, lidi po v\u00fdkonu trestu a podobn\u011b,&#8220; definuje soci\u00e1ln\u00ed podnik\u00e1n\u00ed z\u00e1stupce \u0159editele Charity Opava Tom\u00e1\u0161 Schaffartzik, kter\u00fd se \u00fa\u010dastnil exkurz\u00edv Litv\u011b \u010di Velk\u00e9 Brit\u00e1nii a bude na workshopu p\u0159edn\u00e1\u0161et spolu s dal\u0161\u00edmi odborn\u00edky. Workshop m\u016f\u017ee b\u00fdt zdrojem inspirace a pou\u010den\u00ed pro z\u00e1stupce neziskov\u00fdch organizac\u00ed, m\u011bst a obc\u00ed, ale tak\u00e9 pro studenty, p\u0159edev\u0161\u00edm pro ty, kte\u0159\u00ed se vzd\u011bl\u00e1vaj\u00ed v oblasti soci\u00e1ln\u00ed politiky nebo ve\u0159ejn\u00e9 spr\u00e1vy.<\/p>\n<p>Akce se kon\u00e1 v charitn\u00edm dom\u011b sv. Ane\u017eky na Kyle\u0161ovsk\u00e9 ulici \u010d. 4 a za\u010d\u00edn\u00e1 ve 14 hodin. Vstup je zdarma, po\u010det \u00fa\u010dastn\u00edk\u016f je v\u0161ak omezen, jist\u011bj\u0161\u00ed je proto se zaregistrovat na tel. 553 616 437 nebo 731 316 552.<br \/>\nWorkshop se uskute\u010dn\u00ed v r\u00e1mci oslav 25 let v\u00fdro\u010d\u00ed od zalo\u017een\u00ed Charity Opava, kter\u00e9 se konaj\u00ed pr\u016fb\u011b\u017en\u011b po cel\u00fd rok 2014.<\/p>\n","protected":false},"excerpt":{"rendered":"<div class=\"mh-excerpt\"><p>Speci\u00e1ln\u00ed restaurace, d\u00edlna na v\u00fdrobu sv\u00ed\u010dek \u2013 to jsou jen n\u011bkter\u00e9 z \u0159ady projekt\u016f tzv. soci\u00e1ln\u00edho podnik\u00e1n\u00ed, o nich\u017e bude ve \u010dtvrtek 29. kv\u011btna \u0159e\u010d <a class=\"mh-excerpt-more\" href=\"https:\/\/www.invarena.cz\/?p=16277\" title=\"Jak soci\u00e1ln\u011b podnikat na Opavsku?\">[&#8230;]<\/a><\/p>\n<\/div>","protected":false},"author":1,"featured_media":13766,"comment_status":"open","ping_status":"closed","sticky":false,"template":"","format":"standard","meta":{"footnotes":""},"categories":[7],"tags":[],"class_list":["post-16277","post","type-post","status-publish","format-standard","has-post-thumbnail","hentry","category-spolecnost"],"_links":{"self":[{"href":"https:\/\/www.invarena.cz\/index.php?rest_route=\/wp\/v2\/posts\/16277","targetHints":{"allow":["GET"]}}],"collection":[{"href":"https:\/\/www.invarena.cz\/index.php?rest_route=\/wp\/v2\/posts"}],"about":[{"href":"https:\/\/www.invarena.cz\/index.php?rest_route=\/wp\/v2\/types\/post"}],"author":[{"embeddable":true,"href":"https:\/\/www.invarena.cz\/index.php?rest_route=\/wp\/v2\/users\/1"}],"replies":[{"embeddable":true,"href":"https:\/\/www.invarena.cz\/index.php?rest_route=%2Fwp%2Fv2%2Fcomments&post=16277"}],"version-history":[{"count":0,"href":"https:\/\/www.invarena.cz\/index.php?rest_route=\/wp\/v2\/posts\/16277\/revisions"}],"wp:featuredmedia":[{"embeddable":true,"href":"https:\/\/www.invarena.cz\/index.php?rest_route=\/wp\/v2\/media\/13766"}],"wp:attachment":[{"href":"https:\/\/www.invarena.cz\/index.php?rest_route=%2Fwp%2Fv2%2Fmedia&parent=16277"}],"wp:term":[{"taxonomy":"category","embeddable":true,"href":"https:\/\/www.invarena.cz\/index.php?rest_route=%2Fwp%2Fv2%2Fcategories&post=16277"},{"taxonomy":"post_tag","embeddable":true,"href":"https:\/\/www.invarena.cz\/index.php?rest_route=%2Fwp%2Fv2%2Ftags&post=16277"}],"curies":[{"name":"wp","href":"https:\/\/api.w.org\/{rel}","templated":true}]}}