{"id":16292,"date":"2014-05-28T10:56:17","date_gmt":"2014-05-28T08:56:17","guid":{"rendered":"http:\/\/www.invarena.cz\/?p=16292"},"modified":"2014-05-28T10:56:56","modified_gmt":"2014-05-28T08:56:56","slug":"np-sumava-pripravuje-pro-vozickare-prvni-vylety-na-skutru","status":"publish","type":"post","link":"https:\/\/www.invarena.cz\/?p=16292","title":{"rendered":"NP \u0160umava p\u0159ipravuje pro voz\u00ed\u010dk\u00e1\u0159e prvn\u00ed v\u00fdlety na sk\u00fatru"},"content":{"rendered":"<p><strong>Voz\u00ed\u010dk\u00e1\u0159i si mohou prohl\u00e9dnout \u0161umavskou p\u0159\u00edrodu i z m\u00edst, kter\u00e1 jsou pro n\u011b zat\u00edm t\u011b\u017eko dostupn\u00e1. Spr\u00e1va N\u00e1rodn\u00edho parku \u0160umava p\u0159ipravuje na \u010derven pro handicapovan\u00e9 turisty v\u00fdlety s doprovodem na sk\u00fatru. Prvn\u00ed okru\u017en\u00ed trasy uspo\u0159\u00e1d\u00e1 kolem Sto\u017ece na Prachaticku a Rokyty na Klatovsku.\u00a0<\/strong> <!--more--><\/p>\n<p>&#8222;Je to vynikaj\u00edc\u00ed n\u00e1pad p\u0159edchoz\u00edho veden\u00ed, kter\u00fd chci ur\u010dit\u011b podporovat a d\u00e1le rozv\u00edjet,&#8220; uvedl sou\u010dasn\u00fd \u0159editel parku Pavel Huben\u00fd. Voz\u00ed\u010dk\u00e1\u0159i budou moci poprv\u00e9 vyrazit do ter\u00e9nu na sk\u00fatru 4. \u010dervna ve Sto\u017eci a o den pozd\u011bji v Rokyt\u011b. Pokud budou voln\u00e9 kapacity, mohou neobsazen\u00e1 m\u00edsta zaujmout lid\u00e9 star\u0161\u00ed 65 let.<\/p>\n<p>&#8222;Pojedeme z Rokyty na \u0160umavsk\u00e9 pl\u00e1n\u011b, \u00fadol\u00edm Roklansk\u00e9ho potoka nebo pod\u00e9l 200 let star\u00e9ho Vchynicko-Tetovsk\u00e9ho kan\u00e1lu k Hauswaldsk\u00e9 kapli. Ze Sto\u017ece si vyjedeme p\u0159es Sto\u017eeck\u00e1 luka a osadu Dobr\u00e1 k Vltavsk\u00e9mu luhu nebo k historick\u00e9mu Schwarzenbersk\u00e9mu kan\u00e1lu a revitalizovan\u00e9mu korytu potoka Hu\u010dina,&#8220; popisuje Lenka Dvo\u0159\u00e1kov\u00e1, kter\u00e1 m\u00e1 program na starosti.<\/p>\n<p>V\u00fdlety na sk\u00fatru s doprovodem jsou sou\u010d\u00e1st\u00ed projektu memoranda n\u00e1rodn\u00edho parku s N\u00e1rodn\u00ed radou osob se zdravotn\u00edm posti\u017een\u00fdm (NRZP). Veden\u00ed t\u011bchto organizac\u00ed ho podepsalo loni. Projekt by m\u011bl \u0160umavu v\u00edce otev\u0159\u00edt zdravotn\u011b posti\u017een\u00fdm lidem.<\/p>\n<p>&#8222;\u0160umava je m\u00edsto opravdu pro ka\u017ed\u00e9ho a handicap nemus\u00ed b\u00fdt p\u0159ek\u00e1\u017ekou p\u0159i pozn\u00e1v\u00e1n\u00ed jej\u00edch kr\u00e1s. Na konceptu jsem za\u010dal pracovat ji\u017e v roce 2009, kdy jsem pro ministerstvo \u017eivotn\u00edho prost\u0159ed\u00ed vytvo\u0159il manu\u00e1l, jak s touto n\u00e1v\u0161t\u011bvnickou skupinou pracovat ve v\u0161ech N\u00e1rodn\u00edch parc\u00edch v \u010cesku,&#8220; uvedl spoluautor projektu a minul\u00fd \u0159editel NP \u0160umava Ji\u0159\u00ed M\u00e1nek.<\/p>\n<p>T\u011blesn\u011b posti\u017een\u00ed se ned\u00e1vno ohradili proti pas\u00e1\u017ei v p\u0159ipom\u00ednk\u00e1ch k pl\u00e1nu p\u00e9\u010de \u0161umavsk\u00e9ho n\u00e1rodn\u00edho parku, kde byli handicapovan\u00ed naz\u00fdv\u00e1ni mrz\u00e1\u010dky. Od autora po\u017eaduj\u00ed omluvu a vysv\u011btlen\u00ed. Pl\u00e1n p\u0159ipravilo veden\u00ed parku v \u010dele s M\u00e1nkem. Strategick\u00fd dokument bude platit t\u0159i roky.<\/p>\n","protected":false},"excerpt":{"rendered":"<div class=\"mh-excerpt\"><p>Voz\u00ed\u010dk\u00e1\u0159i si mohou prohl\u00e9dnout \u0161umavskou p\u0159\u00edrodu i z m\u00edst, kter\u00e1 jsou pro n\u011b zat\u00edm t\u011b\u017eko dostupn\u00e1. Spr\u00e1va N\u00e1rodn\u00edho parku \u0160umava p\u0159ipravuje na \u010derven pro handicapovan\u00e9 <a class=\"mh-excerpt-more\" href=\"https:\/\/www.invarena.cz\/?p=16292\" title=\"NP \u0160umava p\u0159ipravuje pro voz\u00ed\u010dk\u00e1\u0159e prvn\u00ed v\u00fdlety na sk\u00fatru\">[&#8230;]<\/a><\/p>\n<\/div>","protected":false},"author":1,"featured_media":0,"comment_status":"open","ping_status":"closed","sticky":false,"template":"","format":"standard","meta":{"footnotes":""},"categories":[9],"tags":[],"class_list":["post-16292","post","type-post","status-publish","format-standard","hentry","category-zpravy"],"_links":{"self":[{"href":"https:\/\/www.invarena.cz\/index.php?rest_route=\/wp\/v2\/posts\/16292","targetHints":{"allow":["GET"]}}],"collection":[{"href":"https:\/\/www.invarena.cz\/index.php?rest_route=\/wp\/v2\/posts"}],"about":[{"href":"https:\/\/www.invarena.cz\/index.php?rest_route=\/wp\/v2\/types\/post"}],"author":[{"embeddable":true,"href":"https:\/\/www.invarena.cz\/index.php?rest_route=\/wp\/v2\/users\/1"}],"replies":[{"embeddable":true,"href":"https:\/\/www.invarena.cz\/index.php?rest_route=%2Fwp%2Fv2%2Fcomments&post=16292"}],"version-history":[{"count":0,"href":"https:\/\/www.invarena.cz\/index.php?rest_route=\/wp\/v2\/posts\/16292\/revisions"}],"wp:attachment":[{"href":"https:\/\/www.invarena.cz\/index.php?rest_route=%2Fwp%2Fv2%2Fmedia&parent=16292"}],"wp:term":[{"taxonomy":"category","embeddable":true,"href":"https:\/\/www.invarena.cz\/index.php?rest_route=%2Fwp%2Fv2%2Fcategories&post=16292"},{"taxonomy":"post_tag","embeddable":true,"href":"https:\/\/www.invarena.cz\/index.php?rest_route=%2Fwp%2Fv2%2Ftags&post=16292"}],"curies":[{"name":"wp","href":"https:\/\/api.w.org\/{rel}","templated":true}]}}