{"id":16296,"date":"2014-05-28T12:42:22","date_gmt":"2014-05-28T10:42:22","guid":{"rendered":"http:\/\/www.invarena.cz\/?p=16296"},"modified":"2014-10-17T22:31:05","modified_gmt":"2014-10-17T20:31:05","slug":"ne-uplatek-ale-vydirani-drabkuv-exnamestek-siska-dostal-sest-let","status":"publish","type":"post","link":"https:\/\/www.invarena.cz\/?p=16296","title":{"rendered":"Ne \u00faplatek, ale vyd\u00edr\u00e1n\u00ed. Dr\u00e1bk\u016fv exn\u00e1m\u011bstek \u0160i\u0161ka dostal \u0161est let"},"content":{"rendered":"<p><strong>Padl jeden z nejp\u0159\u00edsn\u011bj\u0161\u00edch trest\u016f v korup\u010dn\u00ed kauze v nejvy\u0161\u0161\u00edch patrech politiky. B\u00fdval\u00fd n\u00e1m\u011bstek exministra pr\u00e1ce Dr\u00e1bka Vladim\u00edr \u0160i\u0161ka (foto) m\u00e1 j\u00edt za m\u0159\u00ed\u017ee na \u0161est let, b\u00fdval\u00fd \u0161\u00e9f IT odboru na p\u011bt.<\/strong> <!--more--><\/p>\n<p>Korup\u010dn\u00ed skand\u00e1l, kter\u00fd st\u00e1l politickou kari\u00e9ru tehdej\u0161\u00edho <span class=\"highlight\">ministra<\/span> <span class=\"highlight\">pr\u00e1ce<\/span> a soci\u00e1ln\u00edch v\u011bc\u00ed Jarom\u00edra Dr\u00e1bka (TOP 09), vyvrcholil v\u010dera odsouzen\u00edm dvou jeho pod\u0159\u00edzen\u00fdch k vysok\u00fdm trest\u016fm.<\/p>\n<p>Exn\u00e1m\u011bstek ministra Vladim\u00edr \u0160i\u0161ka dostal \u0161est let v\u011bzen\u00ed, b\u00fdval\u00fd \u0161\u00e9f IT odboru ministerstva Milan Hojer o rok ni\u017e\u0161\u00ed trest. Oba se odvolali. P\u0159\u00edpadem se proto bude zab\u00fdvat Vrchn\u00ed soud v Praze. Exministr Dr\u00e1bek se zat\u00edm v\u011bzen\u00ed b\u00e1t nemus\u00ed, v kauze nebyl obvin\u011bn.<\/p>\n<p>Podle ob\u017ealoby mu\u017ei nab\u00eddli firm\u011b OKsystem zak\u00e1zku v hodnot\u011b nejm\u00e9n\u011b sto milion\u016f korun v\u00fdm\u011bnou za to, \u017ee firma v jin\u00e9 v\u011bci st\u00e1hne svou st\u00ed\u017enost na ministerstvo u antimonopoln\u00edho \u00fa\u0159adu. Ob\u017ealoba v tom spat\u0159ovala podpl\u00e1cen\u00ed a zneu\u017eit\u00ed pravomoci, soudce v\u0161ak trestn\u00fd \u010din p\u0159ekvalifikoval na vyd\u00edr\u00e1n\u00ed.<\/p>\n<p>P\u0159edseda sen\u00e1tu ve stru\u010dn\u00e9m od\u016fvodn\u011bn\u00ed uvedl, \u017ee o vin\u011b ob\u017ealovan\u00fdch nebylo pochyb.<\/p>\n<p>&#8222;Ob\u017ealovan\u00fd \u0160i\u0161ka byl ve v\u00fdrazn\u011b vy\u0161\u0161\u00edm postaven\u00ed, a jeho jedn\u00e1n\u00ed tak vykazuje vy\u0161\u0161\u00ed spole\u010denskou \u0161kodlivost. M\u011bl pravomoc rozhodnout o osudu firmy OKsystem,&#8220; vysv\u011btlil soudce Petr Nov\u00e1k, pro\u010d exn\u00e1m\u011bstek dostal p\u0159\u00edsn\u011bj\u0161\u00ed postih. Oba mu\u017ei si trest maj\u00ed odpykat ve v\u011bznici s ostrahou.<\/p>\n<p>\u0160i\u0161ka s Hojerem od po\u010d\u00e1tku pop\u00edrali tvrzen\u00ed, \u017ee firm\u011b OKsystem nab\u00eddli \u00faplatek. &#8222;Nesouhlas\u00edm, \u017ee bych m\u011bl n\u011bkoho upl\u00e1cet. Nesouhlas\u00edm s t\u00edm, \u017ee bych zneu\u017eil pravomoci. \u017d\u00e1dn\u00fd trestn\u00fd \u010din jsem nesp\u00e1chal,&#8220; prohl\u00e1sil letos v dubnu \u0160i\u0161ka.<\/p>\n<p>Odposlechy, kter\u00e9 soud nechal p\u0159ehr\u00e1t, v\u0161ak nazna\u010duj\u00ed, \u017ee se o jin\u00e9 zak\u00e1zce s firmou bavil.<\/p>\n<p>Z\u00e1znamy nahr\u00e1l spolumajitel OKsystemu Martin Proch\u00e1zka ve spolupr\u00e1ci s polici\u00ed. T\u00fdkaj\u00ed se v\u011bt\u0161inou sch\u016fzek se \u0161\u00e9fem IT odboru Hojerem, ale na sch\u016fzce 5. z\u00e1\u0159\u00ed 2012 byl i n\u00e1m\u011bstek \u0160i\u0161ka.<\/p>\n<p>&#8222;J\u00e1 jsem v\u00e1m \u0159ekl, v okam\u017eiku, kdy m\u00e1m partnera, tak se m\u016f\u017eeme bavit,&#8220; uvedl tehdy. Partnerem se OKsystem m\u011bl st\u00e1t, pokud st\u00e1hne sv\u00e9 pod\u00e1n\u00ed na \u00da\u0159ad pro ochranu hospod\u00e1\u0159sk\u00e9 sout\u011b\u017ee. Softwarov\u00e1 spole\u010dnost OKsystem pro Ministerstvo pr\u00e1ce dlouhodob\u011b zaji\u0161\u0165ovala \u010dty\u0159i rozs\u00e1hl\u00e9 informa\u010dn\u00ed syst\u00e9my.<\/p>\n<p>Ministerstvo se v\u0161ak v roce 2011 bez vyps\u00e1n\u00ed v\u00fdb\u011brov\u00e9ho \u0159\u00edzen\u00ed dohodlo s jin\u00fdm dodavatelem, spole\u010dnost\u00ed Fujitsu Technology Solutions. OKsystem v tom spat\u0159oval rozpor se z\u00e1konem o ve\u0159ejn\u00fdch zak\u00e1zk\u00e1ch, a proto se obr\u00e1til na \u00fa\u0159ad.<\/p>\n<p>Ob\u017ealoba tvrd\u00ed, \u017ee \u0160i\u0161ka s Hojerem n\u00e1sledn\u011b pod podm\u00ednkou toho, \u017ee firma sv\u00e9 pod\u00e1n\u00ed st\u00e1hne, sl\u00edbili jednateli OKsystemu jinou ve\u0159ejnou zak\u00e1zku. Jednatel v\u0161ak jejich postup ohl\u00e1sil na policii.<\/p>\n<p>Kv\u016fli dohod\u011b s Fujitsu \u010del\u00ed \u0160i\u0161ka dal\u0161\u00edmu obvin\u011bn\u00ed. Policie ho nav\u00edc st\u00edh\u00e1 pro \u00fadajn\u00fd nez\u00e1konn\u00fd pokus p\u0159id\u011blit miliardovou zak\u00e1zku na kontrolu d\u00e1vek firm\u011b IBM. Dozoruj\u00edc\u00ed \u017ealobce Zden\u011bk Matula sd\u011blil, \u017ee oba p\u0159\u00edpady jsou st\u00e1le ve f\u00e1zi vy\u0161et\u0159ov\u00e1n\u00ed.<\/p>\n<p><a href=\"http:\/\/www.idnes.cz\">Mlad\u00e1 fronta Dnes<\/a>\u00a0\u00a0\u00a0 <a href=\"http:\/\/www.idnes.cz\">http:\/\/www.idnes.cz<\/a><br \/>\n&#8212;<br \/>\nHana V\u00e1lkov\u00e1, s vyu\u017eit\u00edm \u010cTK<\/p>\n","protected":false},"excerpt":{"rendered":"<div class=\"mh-excerpt\"><p>Padl jeden z nejp\u0159\u00edsn\u011bj\u0161\u00edch trest\u016f v korup\u010dn\u00ed kauze v nejvy\u0161\u0161\u00edch patrech politiky. B\u00fdval\u00fd n\u00e1m\u011bstek exministra pr\u00e1ce Dr\u00e1bka Vladim\u00edr \u0160i\u0161ka (foto) m\u00e1 j\u00edt za m\u0159\u00ed\u017ee na <a class=\"mh-excerpt-more\" href=\"https:\/\/www.invarena.cz\/?p=16296\" title=\"Ne \u00faplatek, ale vyd\u00edr\u00e1n\u00ed. Dr\u00e1bk\u016fv exn\u00e1m\u011bstek \u0160i\u0161ka dostal \u0161est let\">[&#8230;]<\/a><\/p>\n<\/div>","protected":false},"author":1,"featured_media":1110,"comment_status":"open","ping_status":"closed","sticky":false,"template":"","format":"standard","meta":{"footnotes":""},"categories":[7],"tags":[],"class_list":["post-16296","post","type-post","status-publish","format-standard","has-post-thumbnail","hentry","category-spolecnost"],"_links":{"self":[{"href":"https:\/\/www.invarena.cz\/index.php?rest_route=\/wp\/v2\/posts\/16296","targetHints":{"allow":["GET"]}}],"collection":[{"href":"https:\/\/www.invarena.cz\/index.php?rest_route=\/wp\/v2\/posts"}],"about":[{"href":"https:\/\/www.invarena.cz\/index.php?rest_route=\/wp\/v2\/types\/post"}],"author":[{"embeddable":true,"href":"https:\/\/www.invarena.cz\/index.php?rest_route=\/wp\/v2\/users\/1"}],"replies":[{"embeddable":true,"href":"https:\/\/www.invarena.cz\/index.php?rest_route=%2Fwp%2Fv2%2Fcomments&post=16296"}],"version-history":[{"count":0,"href":"https:\/\/www.invarena.cz\/index.php?rest_route=\/wp\/v2\/posts\/16296\/revisions"}],"wp:featuredmedia":[{"embeddable":true,"href":"https:\/\/www.invarena.cz\/index.php?rest_route=\/wp\/v2\/media\/1110"}],"wp:attachment":[{"href":"https:\/\/www.invarena.cz\/index.php?rest_route=%2Fwp%2Fv2%2Fmedia&parent=16296"}],"wp:term":[{"taxonomy":"category","embeddable":true,"href":"https:\/\/www.invarena.cz\/index.php?rest_route=%2Fwp%2Fv2%2Fcategories&post=16296"},{"taxonomy":"post_tag","embeddable":true,"href":"https:\/\/www.invarena.cz\/index.php?rest_route=%2Fwp%2Fv2%2Ftags&post=16296"}],"curies":[{"name":"wp","href":"https:\/\/api.w.org\/{rel}","templated":true}]}}