{"id":16332,"date":"2014-05-30T07:04:37","date_gmt":"2014-05-30T05:04:37","guid":{"rendered":"http:\/\/www.invarena.cz\/?p=16332"},"modified":"2014-05-30T07:04:37","modified_gmt":"2014-05-30T05:04:37","slug":"asociace-odboru-je-proti-plosnemu-rustu-platu-uredniku","status":"publish","type":"post","link":"https:\/\/www.invarena.cz\/?p=16332","title":{"rendered":"Asociace odbor\u016f je proti plo\u0161n\u00e9mu r\u016fstu plat\u016f \u00fa\u0159edn\u00edk\u016f"},"content":{"rendered":"<p><strong>Asociace samostatn\u00fdch odbor\u016f (ASO) nesouhlas\u00ed s t\u00edm, aby platy ve ve\u0159ejn\u00e9m sektoru rostly p\u0159\u00ed\u0161t\u00ed rok o 3,5 procenta plo\u0161n\u011b. P\u0159id\u00e1no by podle n\u00ed m\u011bli dostat hlavn\u011b zdravotn\u00edci a pracovn\u00edci finan\u010dn\u00ed spr\u00e1vy.<\/strong> <!--more--><\/p>\n<p>Po jedn\u00e1n\u00ed s premi\u00e9rem Bohuslavem Sobotkou (\u010cSSD) to \u0159ekl p\u0159ed\u00e1k ASO Bohum\u00edr Dufek.<\/p>\n<p>ASO, kter\u00e1 je druhou nejv\u011bt\u0161\u00ed odborovou centr\u00e1lou v zemi, je i proti vl\u00e1dn\u00edmu n\u00e1vrhu pau\u0161\u00e1l\u016f a da\u0148ov\u00fdch limit\u016f pro \u017eivnostn\u00edky.<\/p>\n<p>Vl\u00e1da ve st\u0159edu souhlasila se zv\u00fd\u0161en\u00edm plat\u016f st\u00e1tn\u00edch zam\u011bstnanc\u016f o 3,5 procenta.<\/p>\n<p>&#8222;Ne\u017e aby vl\u00e1da plo\u0161n\u011b zvedala platy v\u0161em, \u017ee by se m\u011blo diferencovat. V prvn\u00ed \u0159ad\u011b hovo\u0159\u00edme o tom, \u017ee by se vl\u00e1da m\u011bla pod\u00edvat na platy zdravotn\u00edk\u016f a zdravotnick\u00e9ho person\u00e1lu. M\u011bly by se zv\u00fd\u0161it platy hlavn\u011b i u pracovn\u00edk\u016f finan\u010dn\u00edch spr\u00e1v,&#8220; uvedl Dufek. Pr\u00e1v\u011b finan\u010dn\u00ed \u00fa\u0159edn\u00edci jsou podle n\u011bj &#8222;pod limitem&#8220; ostatn\u00edch zam\u011bstnanc\u016f ve\u0159ejn\u00e9ho sektoru. &#8222;Nen\u00ed mo\u017en\u00e9 cht\u00edt zv\u00fd\u0161it platy v\u0161em st\u00e1tn\u00edm zam\u011bstnanc\u016fm a ob\u010dan\u016fm zv\u00fd\u0161it da\u0148ovou z\u00e1t\u011b\u017e,&#8220; podotkl Dufek.<\/p>\n<p>Zdravotn\u00edci nedost\u00e1vaj\u00ed pen\u00edze na platy ze st\u00e1tn\u00edho rozpo\u010dtu, ale ze zdravotn\u00edho poji\u0161t\u011bn\u00ed. Podle Sobotky tak vyjedn\u00e1v\u00e1n\u00ed o v\u00fdd\u011blc\u00edch ve zdravotnictv\u00ed teprve za\u010dne. &#8222;M\u011bla by vzniknout samostatn\u00e1 dohoda mezi vl\u00e1dou a odbory, jak se budou platy ve zdravotnictv\u00ed vyv\u00edjet,&#8220; uvedl premi\u00e9r. Podle n\u011bj by se ale m\u011blo jednat s ohledem na bilanci zdravotn\u00edho poji\u0161t\u011bn\u00ed, na \u00fahradovou vyhl\u00e1\u0161ku a vy\u010dlen\u011bn\u00e9 pen\u00edze pro zdravotnictv\u00ed.<\/p>\n<p>ASO sdru\u017euje des\u00edtku svaz\u016f, mezi n\u011b\u017e pat\u0159\u00ed t\u0159eba vlivn\u00e9 l\u00e9ka\u0159sk\u00e9 \u010di \u017eelezni\u010d\u00e1\u0159sk\u00e9 odbory. Centr\u00e1la m\u00e1 tak jin\u00fd n\u00e1zor ne\u017e \u010ceskomoravsk\u00e1 konfederace odborov\u00fdch svaz\u016f, kter\u00e1 prosazuje plo\u0161n\u00e9 p\u0159id\u00e1n\u00ed v\u0161em pracovn\u00edk\u016fm ve\u0159ejn\u00fdch slu\u017eeb.<\/p>\n<p>P\u0159ed\u00e1ci ASO jsou i proti vl\u00e1dn\u00edmu n\u00e1vrhu na zm\u011bnu da\u0148ov\u00fdch \u00faprav. &#8222;V \u017e\u00e1dn\u00e9m p\u0159\u00edpad\u011b nem\u016f\u017eeme souhlasit s t\u00edm, co dala dohromady vl\u00e1da a ministr financ\u00ed Andrej Babi\u0161 (ANO) s t\u00edm, \u017ee da\u0148ov\u00fd limit a pau\u0161\u00e1l pro osoby samostatn\u011b v\u00fdd\u011ble\u010dn\u011b \u010dinn\u00e9 bude stanoven do v\u00fd\u0161e dvou milion\u016f korun. Je to jen kosmetick\u00e1 \u00faprava, kter\u00e1 ne\u0159e\u0161\u00ed p\u0159\u00edjmy st\u00e1tn\u00edho rozpo\u010dtu,&#8220; uvedl Dufek. Podle n\u011bj naopak st\u00e1t pen\u00edze pot\u0159ebuje, a to t\u0159eba na zdravotnictv\u00ed. Podle ASO by limit pro pau\u0161\u00e1ly m\u011bl b\u00fdt milion korun. Pro \u017eivnostn\u00edky s obratem do 150.000 korun odbory navrhuj\u00ed nulovou da\u0148 a pro ty s vy\u0161\u0161\u00edm obratem pak minim\u00e1ln\u00ed da\u0148 1000 korun.<\/p>\n<p>Premi\u00e9r p\u0159edpokl\u00e1d\u00e1, \u017ee o \u017eivnostn\u00edc\u00edch a da\u0148ov\u00fdch zm\u011bn\u00e1ch bude diskutovat v pond\u011bl\u00ed tripartita. Vl\u00e1da, odbor\u00e1\u0159i a zam\u011bstnavatel\u00e9 budou jednat i o situaci ve zdravotnictv\u00ed.<\/p>\n","protected":false},"excerpt":{"rendered":"<div class=\"mh-excerpt\"><p>Asociace samostatn\u00fdch odbor\u016f (ASO) nesouhlas\u00ed s t\u00edm, aby platy ve ve\u0159ejn\u00e9m sektoru rostly p\u0159\u00ed\u0161t\u00ed rok o 3,5 procenta plo\u0161n\u011b. P\u0159id\u00e1no by podle n\u00ed m\u011bli dostat <a class=\"mh-excerpt-more\" href=\"https:\/\/www.invarena.cz\/?p=16332\" title=\"Asociace odbor\u016f je proti plo\u0161n\u00e9mu r\u016fstu plat\u016f \u00fa\u0159edn\u00edk\u016f\">[&#8230;]<\/a><\/p>\n<\/div>","protected":false},"author":1,"featured_media":0,"comment_status":"open","ping_status":"closed","sticky":false,"template":"","format":"standard","meta":{"footnotes":""},"categories":[9],"tags":[],"class_list":["post-16332","post","type-post","status-publish","format-standard","hentry","category-zpravy"],"_links":{"self":[{"href":"https:\/\/www.invarena.cz\/index.php?rest_route=\/wp\/v2\/posts\/16332","targetHints":{"allow":["GET"]}}],"collection":[{"href":"https:\/\/www.invarena.cz\/index.php?rest_route=\/wp\/v2\/posts"}],"about":[{"href":"https:\/\/www.invarena.cz\/index.php?rest_route=\/wp\/v2\/types\/post"}],"author":[{"embeddable":true,"href":"https:\/\/www.invarena.cz\/index.php?rest_route=\/wp\/v2\/users\/1"}],"replies":[{"embeddable":true,"href":"https:\/\/www.invarena.cz\/index.php?rest_route=%2Fwp%2Fv2%2Fcomments&post=16332"}],"version-history":[{"count":0,"href":"https:\/\/www.invarena.cz\/index.php?rest_route=\/wp\/v2\/posts\/16332\/revisions"}],"wp:attachment":[{"href":"https:\/\/www.invarena.cz\/index.php?rest_route=%2Fwp%2Fv2%2Fmedia&parent=16332"}],"wp:term":[{"taxonomy":"category","embeddable":true,"href":"https:\/\/www.invarena.cz\/index.php?rest_route=%2Fwp%2Fv2%2Fcategories&post=16332"},{"taxonomy":"post_tag","embeddable":true,"href":"https:\/\/www.invarena.cz\/index.php?rest_route=%2Fwp%2Fv2%2Ftags&post=16332"}],"curies":[{"name":"wp","href":"https:\/\/api.w.org\/{rel}","templated":true}]}}