{"id":16346,"date":"2014-05-30T10:54:41","date_gmt":"2014-05-30T08:54:41","guid":{"rendered":"http:\/\/www.invarena.cz\/?p=16346"},"modified":"2014-05-31T08:54:15","modified_gmt":"2014-05-31T06:54:15","slug":"socialni-pracovnici-chteji-zvysit-mzdy","status":"publish","type":"post","link":"https:\/\/www.invarena.cz\/?p=16346","title":{"rendered":"Soci\u00e1ln\u00ed pracovn\u00edci cht\u011bj\u00ed zv\u00fd\u0161it mzdy"},"content":{"rendered":"<p><strong>Lid\u00e9, kte\u0159\u00ed se staraj\u00ed o <span class=\"highlight\">posti\u017een\u00e9<\/span>, star\u00e9 a \u010dasto velmi nemocn\u00e9 ob\u010dany, tedy zam\u011bstnanci v soci\u00e1ln\u00edch slu\u017eb\u00e1ch, nejsou dostate\u010dn\u011b finan\u010dn\u011b ocen\u011bni.<\/strong><br \/>\n<strong> Opakovan\u011b to v\u010dera zazn\u011blo na semin\u00e1\u0159i, kter\u00fd se konal v poslaneck\u00e9 sn\u011bmovn\u011b \u010cR.<\/strong> <!--more--><\/p>\n<p>Jde o jeden z nejv\u011bt\u0161\u00edch paradox\u016f na\u0161\u00ed spole\u010dnosti. V \u010cR se prodlu\u017euje v\u011bk do\u017eit\u00ed, ale stejn\u00fdm tempem se neprodlu\u017euje v\u011bk do\u017eit\u00ed ve zdrav\u00ed, t\u0159eba jen pacient\u016f s Alzheimerovou chorobou ro\u010dn\u011b p\u0159ib\u00fdv\u00e1 kolem 20 tis\u00edc.<\/p>\n<p>Nar\u016fst\u00e1 po\u010det star\u00fdch a velmi nemocn\u00fdch lid\u00ed, odk\u00e1zan\u00fdch na soci\u00e1ln\u00ed p\u00e9\u010di, p\u00e9\u010di st\u00e1le rozs\u00e1hlej\u0161\u00ed a n\u00e1ro\u010dn\u011bj\u0161\u00ed. P\u0159itom za\u0159\u00edzen\u00ed soci\u00e1ln\u00ed p\u00e9\u010de se ka\u017edoro\u010dn\u011b pot\u00fdkaj\u00ed s nedostatkem pen\u011bz i na sv\u016fj z\u00e1kladn\u00ed provoz, co\u017e vede k propou\u0161t\u011bn\u00ed \u010dasto nejkvalifikovan\u011bj\u0161\u00edch, \u010dili \u00bbnejdra\u017e\u0161\u00edch\u00ab zam\u011bstnanc\u016f.<\/p>\n<p>Zam\u011bstnanci soci\u00e1ln\u00edch slu\u017eeb, jejich\u017e pr\u00e1ce je psychicky i fyzicky vy\u010derp\u00e1vaj\u00edc\u00ed, pat\u0159\u00ed mezi nejh\u016f\u0159e odm\u011b\u0148ovan\u00e9 zam\u011bstnance v \u010cR.<\/p>\n<p>\u00bbPlaty v t\u00e9to oblasti se dlouho nevalorizovaly. Pr\u00e1ce lid\u00ed v soci\u00e1ln\u00edch slu\u017eb\u00e1ch je velmi n\u00e1ro\u010dn\u00e1 a zaslou\u017e\u00ed si ocen\u011bn\u00ed. Nikdy nev\u00edme, kdy budeme tyto slu\u017eby pot\u0159ebovat, a pokud ano, budeme cht\u00edt kvalitn\u00ed p\u00e9\u010di, ob\u011btav\u00e9 a usm\u011bvav\u00e9 pracovn\u00edky, kte\u0159\u00ed mus\u00ed b\u00fdt \u010dasto i psychology\u2026A finan\u010dn\u00ed ohodnocen\u00ed motivuje, na to bychom nem\u011bli zapom\u00ednat,\u00ab reagovala poslankyn\u011b Alena Nohavov\u00e1 (KS\u010cM), kter\u00e1 se semin\u00e1\u0159e z\u00fa\u010dastnila.<\/p>\n<p>\u00bbPlaty v soci\u00e1ln\u00edch slu\u017eb\u00e1ch jsou v sou\u010dasnosti o 7121 K\u010d pod pr\u016fm\u011brn\u00fdm platem v \u010cR,\u00ab \u0159ekla na tiskov\u00e9 konferenci poslankyn\u011b Jana Hnykov\u00e1 (\u00dasvit). \u00bbV roce 2013 dosahovaly v pr\u016fm\u011bru 18 819 K\u010d,\u00ab uvedla.<\/p>\n<p>\u00bbN\u00e1\u0161 odborov\u00fd svaz se sna\u017e\u00ed prosadit zv\u00fd\u0161en\u00ed odm\u011bny za pr\u00e1ci zam\u011bstnanc\u016f pe\u010duj\u00edc\u00edch o jin\u00e9. Finan\u010dn\u00ed podhodnocen\u00ed zam\u011bstnanc\u016f v p\u0159\u00edm\u00e9 p\u00e9\u010di o jin\u00e9 je obrovsk\u00e9. Jejich pr\u016fm\u011brn\u00fd plat se pohyboval loni kolem 16 827 K\u010d,\u00ab informovala novin\u00e1\u0159e p\u0159edsedkyn\u011b odborov\u00e9ho svazu zdravotnictv\u00ed a soci\u00e1ln\u00ed p\u00e9\u010de Dagmar \u017ditn\u00edkov\u00e1.<\/p>\n<p>\u00bbPokud bychom cht\u011bli zam\u011bstnanc\u016fm v soci\u00e1ln\u00edch slu\u017eb\u00e1ch v\u00fdrazn\u011b pomoci a cht\u011bli bychom, aby dostali v pr\u016fm\u011bru o 750 K\u010d m\u011bs\u00ed\u010dn\u011b v\u00edce, je na to t\u0159eba dvou miliard,\u00ab uvedla. Je r\u00e1da, \u017ee zv\u00fd\u0161en\u00ed odm\u011bn podporuj\u00ed i zam\u011bstnavatel\u00e9.<\/p>\n<p>Hal\u00f3 noviny<\/p>\n","protected":false},"excerpt":{"rendered":"<div class=\"mh-excerpt\"><p>Lid\u00e9, kte\u0159\u00ed se staraj\u00ed o posti\u017een\u00e9, star\u00e9 a \u010dasto velmi nemocn\u00e9 ob\u010dany, tedy zam\u011bstnanci v soci\u00e1ln\u00edch slu\u017eb\u00e1ch, nejsou dostate\u010dn\u011b finan\u010dn\u011b ocen\u011bni. Opakovan\u011b to v\u010dera zazn\u011blo <a class=\"mh-excerpt-more\" href=\"https:\/\/www.invarena.cz\/?p=16346\" title=\"Soci\u00e1ln\u00ed pracovn\u00edci cht\u011bj\u00ed zv\u00fd\u0161it mzdy\">[&#8230;]<\/a><\/p>\n<\/div>","protected":false},"author":1,"featured_media":0,"comment_status":"open","ping_status":"closed","sticky":false,"template":"","format":"standard","meta":{"footnotes":""},"categories":[1],"tags":[],"class_list":["post-16346","post","type-post","status-publish","format-standard","hentry","category-nezarazene"],"_links":{"self":[{"href":"https:\/\/www.invarena.cz\/index.php?rest_route=\/wp\/v2\/posts\/16346","targetHints":{"allow":["GET"]}}],"collection":[{"href":"https:\/\/www.invarena.cz\/index.php?rest_route=\/wp\/v2\/posts"}],"about":[{"href":"https:\/\/www.invarena.cz\/index.php?rest_route=\/wp\/v2\/types\/post"}],"author":[{"embeddable":true,"href":"https:\/\/www.invarena.cz\/index.php?rest_route=\/wp\/v2\/users\/1"}],"replies":[{"embeddable":true,"href":"https:\/\/www.invarena.cz\/index.php?rest_route=%2Fwp%2Fv2%2Fcomments&post=16346"}],"version-history":[{"count":0,"href":"https:\/\/www.invarena.cz\/index.php?rest_route=\/wp\/v2\/posts\/16346\/revisions"}],"wp:attachment":[{"href":"https:\/\/www.invarena.cz\/index.php?rest_route=%2Fwp%2Fv2%2Fmedia&parent=16346"}],"wp:term":[{"taxonomy":"category","embeddable":true,"href":"https:\/\/www.invarena.cz\/index.php?rest_route=%2Fwp%2Fv2%2Fcategories&post=16346"},{"taxonomy":"post_tag","embeddable":true,"href":"https:\/\/www.invarena.cz\/index.php?rest_route=%2Fwp%2Fv2%2Ftags&post=16346"}],"curies":[{"name":"wp","href":"https:\/\/api.w.org\/{rel}","templated":true}]}}