{"id":16355,"date":"2014-05-31T09:54:20","date_gmt":"2014-05-31T07:54:20","guid":{"rendered":"http:\/\/www.invarena.cz\/?p=16355"},"modified":"2014-10-17T22:30:51","modified_gmt":"2014-10-17T20:30:51","slug":"16355","status":"publish","type":"post","link":"https:\/\/www.invarena.cz\/?p=16355","title":{"rendered":"Tip na v\u00fdlet pro voz\u00ed\u010dk\u00e1\u0159e"},"content":{"rendered":"<p><strong>Z bl\u00e1tiv\u00e9 cesty kolem p\u0159ehrady na \u010cern\u00e9 Nise se stala luxusn\u00ed promen\u00e1da. Lesy \u010cR tam vybudovaly nov\u00fd chodn\u00edk z dubov\u00e9ho a mod\u0159\u00ednov\u00e9ho d\u0159eva, jen\u017e je i pro voz\u00ed\u010dk\u00e1\u0159e.<\/strong> <!--more--><\/p>\n<p>BED\u0158ICHOV Strastiplnou p\u0159estala b\u00fdt proch\u00e1zka kolem p\u0159ehrady na \u010cern\u00e9 Nise, kter\u00e1 pat\u0159\u00ed mezi perly Jizersk\u00fdch hor. M\u00edsto obt\u00ed\u017en\u011b sch\u016fdn\u00e9 p\u0159\u00edrodn\u00ed cesty tam stoj\u00ed nov\u00fd Ha\u0165ov\u00fd chodn\u00edk. Lesy \u010cesk\u00e9 republiky ho postavily z pevn\u00e9ho bukov\u00e9ho a mod\u0159\u00ednov\u00e9ho d\u0159eva.<\/p>\n<p>&#8222;Po chodn\u00edku mohou jezdit i <span class=\"highlight\">voz\u00ed\u010dk\u00e1\u0159i<\/span> a rodi\u010de s ko\u010d\u00e1rky,&#8220; \u0159ekl \u0159editel st\u00e1tn\u00edch les\u016f v Libereck\u00e9m kraji Ludv\u00edk \u0158i\u010d\u00e1\u0159. &#8222;P\u016fvodn\u00ed cesta byla \u010dasto podm\u00e1\u010den\u00e1. Podobn\u00e9 chodn\u00edky najdou turist\u00e9 na jizerskohorsk\u00fdch ra\u0161elini\u0161t\u00edch.&#8220;<\/p>\n<p>Ha\u0165ov\u00fd chodn\u00edk vede od hr\u00e1ze na prav\u00e9m b\u0159ehu p\u0159ehrady. Na konci p\u0159ehrady navazuje na perkovou p\u011b\u0161inu. Po n\u00ed se d\u00e1 doj\u00edt a\u017e k asfaltov\u00e9 cest\u011b. Pokud turist\u00e9 vyraz\u00ed k \u010cern\u00e9 Nise z \u0160amalovy chaty mohou se na ni d\u00edky Ha\u0165ov\u00e9mu chodn\u00edku vr\u00e1tit po pohodln\u00e9m okruhu. Zvl\u00e1dnou ho i mal\u00e9 d\u011bti, star\u0161\u00ed lid\u00e9 a rekreanti s hor\u0161\u00ed t\u011blesnou kondic\u00ed.<\/p>\n<p>Ha\u0165ov\u00fd chodn\u00edk se nach\u00e1z\u00ed na trase nov\u00e9 technicko-p\u0159\u00edrodn\u00ed nau\u010dn\u00e9 stezky z Malin\u00edku na H\u0159eb\u00ednek. &#8222;Na chodn\u00edk navazuj\u00ed dv\u011b vyhl\u00eddkov\u00e1 mola,&#8220; prozradil mluv\u010d\u00ed st\u00e1tn\u00edch les\u016f Zbyn\u011bk Boubl\u00edk. &#8222;Turist\u016fm nab\u00edzej\u00ed jedine\u010dn\u00e9 pohledy na hladinu p\u0159ehrady.&#8220; Na Ha\u0165ov\u00e9m chodn\u00edku vznikla rovn\u011b\u017e dv\u011b zastaven\u00ed s tabulemi, kde se lid\u00e9 dozv\u00ed o zaj\u00edmavostech z nejbli\u017e\u0161\u00edho okol\u00ed. Na nov\u00e9 cest\u011b naraz\u00ed na t\u0159i odpo\u010dinkov\u00e1 m\u00edsta s lavi\u010dkami. Lesn\u00edci prob\u00edrali vybudov\u00e1n\u00ed nov\u00e9ho chodn\u00edku se Spr\u00e1vou chr\u00e1n\u011bn\u00e9 krajinn\u00e9 oblasti Jizersk\u00e9 hory a s Povod\u00edm Labe.<\/p>\n<p>&#8222;Nen\u00ed nikdy dobr\u00e9, kdy\u017e se lidi na hor\u00e1ch mus\u00ed brodit bl\u00e1tem,&#8220; \u0159ekl vedouc\u00ed &#8222;chr\u00e1n\u011bnky&#8220; Ji\u0159\u00ed Hu\u0161ek. &#8222;Na cest\u011b kolem p\u0159ehrady se vyh\u00fdbali m\u00edst\u016fm s vodou a bahnem a d\u011blali si p\u011b\u0161iny vedle n\u00ed. Se\u0161lap\u00e1vali p\u0159itom i n\u011bkter\u00e9 vz\u00e1cn\u011bj\u0161\u00ed rostliny. Krajina s mnoha vydupan\u00fdmi p\u011b\u0161inami nav\u00edc vypad\u00e1 o\u0161kliv\u011b.&#8220;<\/p>\n<p>P\u016fvodn\u00ed cestu kolem p\u0159ehrady rozr\u00fdvali cyklisti. Sice tam m\u011bli zak\u00e1zan\u00fd vjezd, ale poru\u0161ovali ho. &#8222;Nesm\u00ed ani na nov\u00fd Ha\u0165ov\u00fd chodn\u00edk, ale v\u0161echny uhl\u00eddat nelze,&#8220; konstatoval Hu\u0161ek. &#8222;V\u011b\u0159\u00edme alespo\u0148, \u017ee pokud tam u\u017e najedou, tak budou ohledupln\u00ed k p\u011b\u0161\u00edm turist\u016fm, ale p\u0159edev\u0161\u00edm k <span class=\"highlight\">voz\u00ed\u010dk\u00e1\u0159\u016fm<\/span> a mal\u00fdm d\u011btem.&#8220;<\/p>\n<p>redak\u010dn\u011b kr\u00e1ceno, cel\u00fd \u010dl\u00e1nek v dne\u0161n\u00edm vyd\u00e1n\u00ed MfD<\/p>\n<p>Mlad\u00e1 fronta DNES<\/p>\n","protected":false},"excerpt":{"rendered":"<div class=\"mh-excerpt\"><p>Z bl\u00e1tiv\u00e9 cesty kolem p\u0159ehrady na \u010cern\u00e9 Nise se stala luxusn\u00ed promen\u00e1da. Lesy \u010cR tam vybudovaly nov\u00fd chodn\u00edk z dubov\u00e9ho a mod\u0159\u00ednov\u00e9ho d\u0159eva, jen\u017e je <a class=\"mh-excerpt-more\" href=\"https:\/\/www.invarena.cz\/?p=16355\" title=\"Tip na v\u00fdlet pro voz\u00ed\u010dk\u00e1\u0159e\">[&#8230;]<\/a><\/p>\n<\/div>","protected":false},"author":1,"featured_media":16356,"comment_status":"open","ping_status":"closed","sticky":false,"template":"","format":"standard","meta":{"footnotes":""},"categories":[17],"tags":[],"class_list":["post-16355","post","type-post","status-publish","format-standard","has-post-thumbnail","hentry","category-kultura"],"_links":{"self":[{"href":"https:\/\/www.invarena.cz\/index.php?rest_route=\/wp\/v2\/posts\/16355","targetHints":{"allow":["GET"]}}],"collection":[{"href":"https:\/\/www.invarena.cz\/index.php?rest_route=\/wp\/v2\/posts"}],"about":[{"href":"https:\/\/www.invarena.cz\/index.php?rest_route=\/wp\/v2\/types\/post"}],"author":[{"embeddable":true,"href":"https:\/\/www.invarena.cz\/index.php?rest_route=\/wp\/v2\/users\/1"}],"replies":[{"embeddable":true,"href":"https:\/\/www.invarena.cz\/index.php?rest_route=%2Fwp%2Fv2%2Fcomments&post=16355"}],"version-history":[{"count":0,"href":"https:\/\/www.invarena.cz\/index.php?rest_route=\/wp\/v2\/posts\/16355\/revisions"}],"wp:featuredmedia":[{"embeddable":true,"href":"https:\/\/www.invarena.cz\/index.php?rest_route=\/wp\/v2\/media\/16356"}],"wp:attachment":[{"href":"https:\/\/www.invarena.cz\/index.php?rest_route=%2Fwp%2Fv2%2Fmedia&parent=16355"}],"wp:term":[{"taxonomy":"category","embeddable":true,"href":"https:\/\/www.invarena.cz\/index.php?rest_route=%2Fwp%2Fv2%2Fcategories&post=16355"},{"taxonomy":"post_tag","embeddable":true,"href":"https:\/\/www.invarena.cz\/index.php?rest_route=%2Fwp%2Fv2%2Ftags&post=16355"}],"curies":[{"name":"wp","href":"https:\/\/api.w.org\/{rel}","templated":true}]}}