{"id":16358,"date":"2014-05-31T11:44:49","date_gmt":"2014-05-31T09:44:49","guid":{"rendered":"http:\/\/www.invarena.cz\/?p=16358"},"modified":"2014-05-31T11:46:27","modified_gmt":"2014-05-31T09:46:27","slug":"socialne-hendikepovani-nechteji-pracovat","status":"publish","type":"post","link":"https:\/\/www.invarena.cz\/?p=16358","title":{"rendered":"Soci\u00e1ln\u011b hendikepovan\u00ed necht\u011bj\u00ed pracovat"},"content":{"rendered":"<p><strong>\u0158ada \u010desk\u00fdch firem m\u00e1 probl\u00e9my sehnat zam\u011bstnance, a to navzdory vysok\u00e9 nezam\u011bstnanosti. I v \u00dasteck\u00e9m kraji, v regionu s nejv\u011bt\u0161\u00edm pod\u00edlem lid\u00ed bez pr\u00e1ce, chce pracovat jen ka\u017ed\u00fd t\u0159et\u00ed, odhaduje \u00fa\u0159ad pr\u00e1ce.<\/strong> <!--more--><em><strong>report\u00e1\u017e \u010cT<\/strong><\/em><\/p>\n<p>N\u00e1stupn\u00ed plat pro d\u011bln\u00edka 11 tis\u00edc m\u011bs\u00ed\u010dn\u011b, po zapracov\u00e1n\u00ed dal\u0161\u00ed 4 tis\u00edce a k tomu benefity, to v\u0161echno v regionu, kde je nejv\u00edc lid\u00ed bez pr\u00e1ce. P\u0159esto tahle firma ze \u0160luknova sh\u00e1n\u00ed lidi \u010dastokr\u00e1t marn\u011b. A tak si najala cizince.<\/p>\n<p>Maclej PASLECZNIK, \u0159editel tov\u00e1rny, Plaston \u010cR \u0160luknov:<br \/>\nJsou to \u010desk\u00e9 firmy, kter\u00e9 pro n\u00e1s hledaj\u00ed lidi, a paradox je takov\u00fd, \u017ee ty firmy n\u00e1m najdou lidi hlavn\u011b v Polsku a na Slovensku.<\/p>\n<p>Robert GWLAZDA, polsk\u00fd d\u011bln\u00edk:<br \/>\nJ\u00e1 v Polsku nem\u00e1m pr\u00e1ci. A to se \u017eije t\u011b\u017eko. Nem\u00e1me takov\u00fd soci\u00e1ln\u00ed syst\u00e9m, tak se n\u00e1m vyplat\u00ed jezdit sem.<\/p>\n<p>Podle veden\u00ed firmy nen\u00ed probl\u00e9m ani v pracovn\u00edm tempu, zkr\u00e1tka tu nen\u00ed dost lid\u00ed zvykl\u00fdch pracovat.<\/p>\n<p>Ji\u0159\u00ed HOVORKA, vedouc\u00ed provozu, Plaston \u010cR \u0160luknov:<br \/>\nJsou tady bohu\u017eel lidi, kte\u0159\u00ed nejsou zvykl\u00ed pracovat v n\u011bjak\u00e9m tempu a v opakuj\u00edc\u00edch se cyklech.<\/p>\n<p>Podobnou zku\u0161enost te\u010f ud\u011blal i st\u00e1t, kdy\u017e cht\u011bly Lesy \u010cesk\u00e9 republiky najmout d\u011bln\u00edky na s\u00e1zen\u00ed nov\u00fdch strom\u016f, na \u00fa\u0159adech pr\u00e1ce jich sehnaly jenom p\u00e1r.<\/p>\n<p>Marian JURE\u010cKA, ministr zem\u011bd\u011blstv\u00ed \/KDU-\u010cSL\/:<br \/>\nUkazuje se, \u017ee je tu probl\u00e9m b\u011bhem m\u011bs\u00edce p\u0159ijmout pouhopouh\u00fdch 40 zam\u011bstnanc\u016f.<\/p>\n<p>Jaroslav KUNC, vedouc\u00ed odd\u011blen\u00ed zam\u011bstnanosti, \u00da\u0159ad pr\u00e1ce:<br \/>\n\u0158ekn\u011bme, chce pracovat, nebo m\u016f\u017ee pracovat, bez n\u011bjak\u00fdch <span class=\"highlight\">handicap\u016f<\/span> 30 procent uchaze\u010d\u016f, kte\u0159\u00ed bych \u0159ek, jsou bez v\u011bt\u0161\u00edch probl\u00e9m\u016f umistiteln\u00ed.<\/p>\n<p>Podle lid\u00ed z firem jde o hlub\u0161\u00ed probl\u00e9m, \u010desk\u00fd soci\u00e1ln\u00ed syst\u00e9m je proti plat\u016fm prost\u011b p\u0159\u00edli\u0161 \u0161t\u011bdr\u00fd. U n\u00e1s doma bychom toti\u017e na podpo\u0159e um\u0159eli hlady, \u0159\u00edkaj\u00ed pol\u0161t\u00ed a sloven\u0161t\u00ed gastarbajt\u0159i. Jan Ber\u00e1nek, \u010cesk\u00e1 televize, severn\u00ed \u010cechy.<\/p>\n<p><strong>Hostem Ud\u00e1lost\u00ed v regionech je n\u00e1m\u011bstek plze\u0148sk\u00e9ho hejtmana Ivo Gr\u00fcner. Dobr\u00fd ve\u010der, pane n\u00e1m\u011bstku. V\u00e1\u0161 region pr\u00fd bude do budoucna pot\u0159ebovat zam\u011bstnat v\u00edc cizinc\u016f. Pro\u010d?<\/strong><\/p>\n<p>Ivo GR\u00dcNER, n\u00e1m\u011bstek plze\u0148sk\u00e9ho hejtmana \/\u010cSSD\/:<br \/>\nTak, my vn\u00edm\u00e1me tu nab\u00eddku, kter\u00e1 p\u0159i\u0161la ze strany r\u016fzn\u00fdch firem tak, \u017ee pot\u0159ebujeme technicky zdatn\u00e9 k\u00e1dry a bohu\u017eel nedok\u00e1\u017eeme v kr\u00e1tk\u00e9m \u010dase vychovat.<\/p>\n<p><strong>Jak\u00fdm zp\u016fsobem jsou cizinci do firem vyb\u00edr\u00e1ni? P\u0159es \u00fa\u0159ad pr\u00e1ce nebo pracovn\u00ed agentury?<\/strong><\/p>\n<p>GR\u00dcNER,<br \/>\nTak, podle toho, co vn\u00edm\u00e1me cizinci. Pokud to jsou cizinci mimo Evropskou unii, tak samoz\u0159ejm\u011b t\u011bch je v Plze\u0148sk\u00e9m kraji jenom 500. My to sp\u00ed\u0161 sm\u011b\u0159ujeme na na\u0161e kolegy z okoln\u00edch zem\u00ed, Slov\u00e1ky, p\u0159edev\u0161\u00edm Pol\u00e1ky a p\u0159edev\u0161\u00edm na technicky zdatn\u00e9 mlad\u00e9 lidi, kter\u00e9 bysme r\u00e1di uplatnili v Plze\u0148sk\u00e9m kraji.<\/p>\n<p><strong>A jak\u00e1 je zku\u0161enost u v\u00e1s v regionu? Tak\u00e9 plat\u00ed, \u017ee \u010ce\u0161i na h\u016f\u0159e placen\u00e1 m\u00edsta necht\u011bj\u00ed nastoupit?<\/strong><\/p>\n<p>GR\u00dcNER,<br \/>\nV\u00edte, Plze\u0148sk\u00fd kraj m\u00e1 jednu velkou v\u00fdhodu a to \u017ee nezam\u011bstnanost v plze\u0148sk\u00e9m kraji je jenom 5,6 %. To znamen\u00e1 za Prahou nejni\u017e\u0161\u00ed. My m\u00e1me velkou v\u00fdhodu, \u017ee zde m\u00e1me bl\u00edzko Bavorsko a pro n\u00e1s tento partner je velice z\u00e1sadn\u00ed a proto zde nem\u00e1me takov\u00fd probl\u00e9m s nezam\u011bstnanost\u00ed. Na druhou stranu budou n\u00e1m chyb\u011bt do budoucna technick\u00e9 k\u00e1dry a proto to vn\u00edm\u00e1me a sna\u017e\u00edme se sehnat, kde se d\u00e1.<\/p>\n<p><em><strong>report\u00e1\u017e \u010cT<\/strong><\/em><\/p>\n<p>ilustra\u010dn\u00ed foto: Dmitri MIkitenko \/ Photoxpress<\/p>\n","protected":false},"excerpt":{"rendered":"<div class=\"mh-excerpt\"><p>\u0158ada \u010desk\u00fdch firem m\u00e1 probl\u00e9my sehnat zam\u011bstnance, a to navzdory vysok\u00e9 nezam\u011bstnanosti. I v \u00dasteck\u00e9m kraji, v regionu s nejv\u011bt\u0161\u00edm pod\u00edlem lid\u00ed bez pr\u00e1ce, chce <a class=\"mh-excerpt-more\" href=\"https:\/\/www.invarena.cz\/?p=16358\" title=\"Soci\u00e1ln\u011b hendikepovan\u00ed necht\u011bj\u00ed pracovat\">[&#8230;]<\/a><\/p>\n<\/div>","protected":false},"author":1,"featured_media":16359,"comment_status":"open","ping_status":"closed","sticky":false,"template":"","format":"standard","meta":{"footnotes":""},"categories":[7],"tags":[],"class_list":["post-16358","post","type-post","status-publish","format-standard","has-post-thumbnail","hentry","category-spolecnost"],"_links":{"self":[{"href":"https:\/\/www.invarena.cz\/index.php?rest_route=\/wp\/v2\/posts\/16358","targetHints":{"allow":["GET"]}}],"collection":[{"href":"https:\/\/www.invarena.cz\/index.php?rest_route=\/wp\/v2\/posts"}],"about":[{"href":"https:\/\/www.invarena.cz\/index.php?rest_route=\/wp\/v2\/types\/post"}],"author":[{"embeddable":true,"href":"https:\/\/www.invarena.cz\/index.php?rest_route=\/wp\/v2\/users\/1"}],"replies":[{"embeddable":true,"href":"https:\/\/www.invarena.cz\/index.php?rest_route=%2Fwp%2Fv2%2Fcomments&post=16358"}],"version-history":[{"count":0,"href":"https:\/\/www.invarena.cz\/index.php?rest_route=\/wp\/v2\/posts\/16358\/revisions"}],"wp:featuredmedia":[{"embeddable":true,"href":"https:\/\/www.invarena.cz\/index.php?rest_route=\/wp\/v2\/media\/16359"}],"wp:attachment":[{"href":"https:\/\/www.invarena.cz\/index.php?rest_route=%2Fwp%2Fv2%2Fmedia&parent=16358"}],"wp:term":[{"taxonomy":"category","embeddable":true,"href":"https:\/\/www.invarena.cz\/index.php?rest_route=%2Fwp%2Fv2%2Fcategories&post=16358"},{"taxonomy":"post_tag","embeddable":true,"href":"https:\/\/www.invarena.cz\/index.php?rest_route=%2Fwp%2Fv2%2Ftags&post=16358"}],"curies":[{"name":"wp","href":"https:\/\/api.w.org\/{rel}","templated":true}]}}