{"id":16381,"date":"2023-06-02T09:05:53","date_gmt":"2023-06-02T07:05:53","guid":{"rendered":"http:\/\/www.invarena.cz\/?p=16381"},"modified":"2023-06-02T09:06:11","modified_gmt":"2023-06-02T07:06:11","slug":"aktivne-s-handicapem-do-jiznich-cech","status":"publish","type":"post","link":"https:\/\/www.invarena.cz\/?p=16381","title":{"rendered":"Aktivn\u011b s handicapem do ji\u017en\u00edch \u010cech"},"content":{"rendered":"<h2><\/h2>\n<p>Ji\u017en\u00ed \u010cechy jsou otev\u0159en\u00e9 i handicapovan\u00fdm lidem. Rozhl\u00e9dnout se z v\u00fd\u0161ky \u010dty\u0159iceti metr\u016f po lipensk\u00e9m jeze\u0159e a okoln\u00ed p\u0159\u00edrod\u011b, anebo dohl\u00e9dnout za p\u0159\u00edzniv\u00e9ho po\u010das\u00ed a\u017e na vrcholky Alp? To nen\u00ed nic nemo\u017en\u00e9ho pro lidi s probl\u00e9mem ch\u016fze \u010di jin\u00fdm <span class=\"highlight\">handicapem<\/span>.<\/p>\n<p>Na bezbari\u00e9rovou, v republice unik\u00e1tn\u00ed Stezku v korun\u00e1ch strom\u016f se mohou bez obav vydat i lid\u00e9 na <span class=\"highlight\">invalidn\u00edm<\/span> voz\u00edku. Rozhledny b\u00fdvaj\u00ed pro turisty s <span class=\"highlight\">handicapem<\/span> vesm\u011bs nedostupn\u00e9. Tv\u016frci v republice ojedin\u011bl\u00e9 Stezky v korun\u00e1ch strom\u016f ale pamatovali i na <span class=\"highlight\">voz\u00ed\u010dk\u00e1\u0159e<\/span> a dal\u0161\u00ed osoby s probl\u00e9my ch\u016fze. Po spir\u00e1lov\u011b veden\u00e9m chodn\u00edku a\u017e na vrchol t\u00e9to d\u0159ev\u011bn\u00e9 stavby se bez p\u0159ek\u00e1\u017eek dostane ka\u017ed\u00fd. Odm\u011bnou je pak v\u00fdhled ze \u010dty\u0159icetimetrov\u00e9 v\u011b\u017ee, odkud je vid\u011bt t\u00e9m\u011b\u0159 cel\u00e9 Lipensk\u00e9 jezero, \u010d\u00e1st \u0160umavy, ale i Novohradsk\u00e9 hory a n\u011bkdy i vrcholky rakousk\u00fdch Alp.<br \/>\nwww.stezkakorunamistromu.cz<\/p>\n<p>\u0160ir\u0161\u00ed nab\u00eddku najdete na www.jiznicechy.cz<\/p>\n","protected":false},"excerpt":{"rendered":"<div class=\"mh-excerpt\"><p>Ji\u017en\u00ed \u010cechy jsou otev\u0159en\u00e9 i handicapovan\u00fdm lidem. Rozhl\u00e9dnout se z v\u00fd\u0161ky \u010dty\u0159iceti metr\u016f po lipensk\u00e9m jeze\u0159e a okoln\u00ed p\u0159\u00edrod\u011b, anebo dohl\u00e9dnout za p\u0159\u00edzniv\u00e9ho po\u010das\u00ed a\u017e <a class=\"mh-excerpt-more\" href=\"https:\/\/www.invarena.cz\/?p=16381\" title=\"Aktivn\u011b s handicapem do ji\u017en\u00edch \u010cech\">[&#8230;]<\/a><\/p>\n<\/div>","protected":false},"author":1,"featured_media":22940,"comment_status":"open","ping_status":"closed","sticky":false,"template":"","format":"standard","meta":{"footnotes":""},"categories":[7],"tags":[],"class_list":["post-16381","post","type-post","status-publish","format-standard","has-post-thumbnail","hentry","category-spolecnost"],"_links":{"self":[{"href":"https:\/\/www.invarena.cz\/index.php?rest_route=\/wp\/v2\/posts\/16381","targetHints":{"allow":["GET"]}}],"collection":[{"href":"https:\/\/www.invarena.cz\/index.php?rest_route=\/wp\/v2\/posts"}],"about":[{"href":"https:\/\/www.invarena.cz\/index.php?rest_route=\/wp\/v2\/types\/post"}],"author":[{"embeddable":true,"href":"https:\/\/www.invarena.cz\/index.php?rest_route=\/wp\/v2\/users\/1"}],"replies":[{"embeddable":true,"href":"https:\/\/www.invarena.cz\/index.php?rest_route=%2Fwp%2Fv2%2Fcomments&post=16381"}],"version-history":[{"count":0,"href":"https:\/\/www.invarena.cz\/index.php?rest_route=\/wp\/v2\/posts\/16381\/revisions"}],"wp:featuredmedia":[{"embeddable":true,"href":"https:\/\/www.invarena.cz\/index.php?rest_route=\/wp\/v2\/media\/22940"}],"wp:attachment":[{"href":"https:\/\/www.invarena.cz\/index.php?rest_route=%2Fwp%2Fv2%2Fmedia&parent=16381"}],"wp:term":[{"taxonomy":"category","embeddable":true,"href":"https:\/\/www.invarena.cz\/index.php?rest_route=%2Fwp%2Fv2%2Fcategories&post=16381"},{"taxonomy":"post_tag","embeddable":true,"href":"https:\/\/www.invarena.cz\/index.php?rest_route=%2Fwp%2Fv2%2Ftags&post=16381"}],"curies":[{"name":"wp","href":"https:\/\/api.w.org\/{rel}","templated":true}]}}