{"id":16395,"date":"2014-06-03T17:16:10","date_gmt":"2014-06-03T15:16:10","guid":{"rendered":"http:\/\/www.invarena.cz\/?p=16395"},"modified":"2014-06-03T17:18:25","modified_gmt":"2014-06-03T15:18:25","slug":"sobotka-je-proti-navrhu-babise-projednat-poplatky-a-druhy-pilir","status":"publish","type":"post","link":"https:\/\/www.invarena.cz\/?p=16395","title":{"rendered":"Sobotka je proti n\u00e1vrhu Babi\u0161e projednat poplatky a druh\u00fd pil\u00ed\u0159"},"content":{"rendered":"<p><strong>Premi\u00e9r Bohuslav Sobotka (\u010cSSD) je proti po\u017eadavku ministra financ\u00ed Andreje Babi\u0161e (ANO) jednat o obnoven\u00ed poplatku za pobyt v nemocnici a o druh\u00e9m pil\u00ed\u0159i d\u016fchodov\u00e9 reformy. Nevid\u00ed d\u016fvod m\u011bnit koali\u010dn\u00ed smlouvu.<\/strong> <!--more--><\/p>\n<p>Sobotka to uvedl v reakci na pond\u011bln\u00ed vyj\u00e1d\u0159en\u00ed \u0161\u00e9fa hnut\u00ed ANO, \u017ee zru\u0161en\u00ed stokorunov\u00e9ho poplatku za pobyt v nemocnici i pl\u00e1novan\u00e9 odstran\u011bn\u00ed druh\u00e9ho pil\u00ed\u0159e d\u016fchodov\u00e9 reformy byla chyba. KDU-\u010cSL se jedn\u00e1n\u00ed nebr\u00e1n\u00ed, zm\u011bny ale mus\u00ed schv\u00e1lit v\u0161ichni koali\u010dn\u00ed partne\u0159i.<\/p>\n<p>&#8222;Vl\u00e1da mus\u00ed pracovat, plnit sv\u016fj program, a ne se h\u00e1dat. Koali\u010dn\u00ed smlouva plat\u00ed jako celek a \u010cSSD nevid\u00ed \u017e\u00e1dn\u00fd d\u016fvod ji m\u011bnit nebo zp\u011btn\u011b zpochyb\u0148ovat,&#8220; uvedl Sobotka, kter\u00fd je dnes na n\u00e1v\u0161t\u011bv\u011b V\u00eddn\u011b. &#8222;J\u00e1 mysl\u00edm, \u017ee v civilizovan\u00e9 spole\u010dnosti plat\u00ed z\u00e1sada, \u017ee smlouvy by m\u011bly b\u00fdt respektov\u00e1ny,&#8220; doplnil. Podle ministersk\u00e9ho p\u0159edsedy bu\u010f koali\u010dn\u00ed smlouva bude platit jako celek, nebo nebude platit v\u016fbec. Soci\u00e1ln\u00ed demokracie je podle Sobotky p\u0159ipravena dohodu plnit.<\/p>\n<p>P\u0159edseda KDU-\u010cSL Pavel B\u011blobr\u00e1dek jedn\u00e1n\u00ed o Babi\u0161ov\u00fdch po\u017eadavc\u00edch nevylou\u010dil, i on ale zd\u016fraznil, \u017ee plat\u00ed koali\u010dn\u00ed smlouva. Pokud by se m\u011bla zm\u011bnit, mus\u00ed se na tom shodnout v\u0161echny t\u0159i koali\u010dn\u00ed strany, sd\u011blil \u0161\u00e9f lidovc\u016f. KDU-\u010cSL zru\u0161en\u00ed poplatku za hospitalizaci u\u017e d\u0159\u00edve kritizovala.<\/p>\n<p>Proti zachov\u00e1n\u00ed druh\u00e9ho pil\u00ed\u0159e i proti obnoven\u00ed poplatku za hospitalizaci se postavila tak\u00e9 Asociace samostatn\u00fdch odbor\u016f. Podle n\u00ed by se t\u00edm poru\u0161ily sliby, kter\u00e9 vl\u00e1da dala voli\u010d\u016fm.<\/p>\n<p>&#8222;Asociace vyjad\u0159uje velk\u00e9 znepokojen\u00ed nad prohl\u00e1\u0161en\u00edm \u010dlena vl\u00e1dy, kter\u00fdm ji\u017e po kr\u00e1tk\u00e9 dob\u011b vl\u00e1dnut\u00ed neguje to, k \u010demu se zav\u00e1zal v prohl\u00e1\u0161en\u00ed sv\u00e9 vl\u00e1dy a d\u00edky kter\u00e9mu tato vl\u00e1da z\u00edskala d\u016fv\u011bru Poslaneck\u00e9 sn\u011bmovny,&#8220; uvedl v prohl\u00e1\u0161en\u00ed \u0161\u00e9f odborov\u00e9 asociace Bohum\u00edr Dufek.<\/p>\n<p>V koali\u010dn\u00ed smlouv\u011b se \u010cSSD, ANO a KDU-\u010cSL dohodly, \u017ee nebudou znovu zav\u00e1d\u011bt poplatek za pobyt v nemocnici, kter\u00fd u\u017e p\u0159edt\u00edm zru\u0161il \u00dastavn\u00ed soud. Druh\u00fd pil\u00ed\u0159 d\u016fchodov\u00e9 reformy, v n\u011bm\u017e si z\u00e1jemci mohou \u010d\u00e1st odvod\u016f p\u0159esm\u011brovat do vlastn\u00edho spo\u0159en\u00ed, cht\u011bj\u00ed koali\u010dn\u00ed strany slou\u010dit se t\u0159et\u00edm.<\/p>\n<p>Babi\u0161 v \u010cesk\u00e9 televizi zapochyboval i o tom, jestli je dobr\u00fd n\u00e1pad zav\u00e1d\u011bt t\u0159et\u00ed sazbu DPH, na \u010dem\u017e se vl\u00e1dn\u00ed koalice rovn\u011b\u017e u\u017e dohodla. Nepova\u017euje to pr\u00fd za ide\u00e1ln\u00ed.<\/p>\n","protected":false},"excerpt":{"rendered":"<div class=\"mh-excerpt\"><p>Premi\u00e9r Bohuslav Sobotka (\u010cSSD) je proti po\u017eadavku ministra financ\u00ed Andreje Babi\u0161e (ANO) jednat o obnoven\u00ed poplatku za pobyt v nemocnici a o druh\u00e9m pil\u00ed\u0159i d\u016fchodov\u00e9 <a class=\"mh-excerpt-more\" href=\"https:\/\/www.invarena.cz\/?p=16395\" title=\"Sobotka je proti n\u00e1vrhu Babi\u0161e projednat poplatky a druh\u00fd pil\u00ed\u0159\">[&#8230;]<\/a><\/p>\n<\/div>","protected":false},"author":1,"featured_media":2624,"comment_status":"open","ping_status":"closed","sticky":false,"template":"","format":"standard","meta":{"footnotes":""},"categories":[6],"tags":[],"class_list":["post-16395","post","type-post","status-publish","format-standard","has-post-thumbnail","hentry","category-politika"],"_links":{"self":[{"href":"https:\/\/www.invarena.cz\/index.php?rest_route=\/wp\/v2\/posts\/16395","targetHints":{"allow":["GET"]}}],"collection":[{"href":"https:\/\/www.invarena.cz\/index.php?rest_route=\/wp\/v2\/posts"}],"about":[{"href":"https:\/\/www.invarena.cz\/index.php?rest_route=\/wp\/v2\/types\/post"}],"author":[{"embeddable":true,"href":"https:\/\/www.invarena.cz\/index.php?rest_route=\/wp\/v2\/users\/1"}],"replies":[{"embeddable":true,"href":"https:\/\/www.invarena.cz\/index.php?rest_route=%2Fwp%2Fv2%2Fcomments&post=16395"}],"version-history":[{"count":0,"href":"https:\/\/www.invarena.cz\/index.php?rest_route=\/wp\/v2\/posts\/16395\/revisions"}],"wp:featuredmedia":[{"embeddable":true,"href":"https:\/\/www.invarena.cz\/index.php?rest_route=\/wp\/v2\/media\/2624"}],"wp:attachment":[{"href":"https:\/\/www.invarena.cz\/index.php?rest_route=%2Fwp%2Fv2%2Fmedia&parent=16395"}],"wp:term":[{"taxonomy":"category","embeddable":true,"href":"https:\/\/www.invarena.cz\/index.php?rest_route=%2Fwp%2Fv2%2Fcategories&post=16395"},{"taxonomy":"post_tag","embeddable":true,"href":"https:\/\/www.invarena.cz\/index.php?rest_route=%2Fwp%2Fv2%2Ftags&post=16395"}],"curies":[{"name":"wp","href":"https:\/\/api.w.org\/{rel}","templated":true}]}}