{"id":16407,"date":"2014-06-04T18:38:11","date_gmt":"2014-06-04T16:38:11","guid":{"rendered":"http:\/\/www.invarena.cz\/?p=16407"},"modified":"2014-06-04T18:49:26","modified_gmt":"2014-06-04T16:49:26","slug":"marksova-chce-zvysit-mzdy-v-socialnich-sluzbach","status":"publish","type":"post","link":"https:\/\/www.invarena.cz\/?p=16407","title":{"rendered":"Marksov\u00e1 chce zv\u00fd\u0161it mzdy v soci\u00e1ln\u00edch slu\u017eb\u00e1ch"},"content":{"rendered":"<p><strong>Ministryn\u011b pr\u00e1ce a soci\u00e1ln\u00edch v\u011bc\u00ed Michaela Marksov\u00e1 slibuje v\u0161em pracovn\u00edk\u016fm v\u00a0soci\u00e1ln\u00edch slu\u017eb\u00e1ch lep\u0161\u00ed podm\u00ednky od roku 2016. Chce o tom jednat s ministrem financ\u00ed&#8230;<\/strong><!--more--><br \/>\nreport\u00e1\u017e TV Barrandov<\/p>\n<p>Jsou lid\u00e9, o\u00a0kter\u00e9 se jejich bl\u00edzc\u00ed postarat nemohou, ti pak putuj\u00ed do \u00fastav\u016f, l\u00e9\u010deben, nebo domov\u016f d\u016fchodc\u016f. P\u00e9\u010de o\u00a0n\u011b nen\u00ed snadn\u00e1. P\u0159esto zam\u011bstnanci v\u00a0soci\u00e1ln\u00edch slu\u017eb\u00e1ch d\u00e1l berou podpr\u016fm\u011brn\u00e9 mzdy.<\/p>\n<p>N\u011bkte\u0159\u00ed nemocn\u00ed, nebo sta\u0159\u00ed se musej\u00ed spol\u00e9hat na p\u00e9\u010di zdravotn\u00edch sester, pe\u010dovatel\u016f, nebo fyzioterapeut\u016f. Ti ale za svou pr\u00e1ci dlouhodob\u011b dost\u00e1vaj\u00ed plat, kter\u00fd je t\u0159i a p\u016fl tis\u00edce korun pod pr\u016fm\u011brnou mzdou.<\/p>\n<p><b>Dagmar \u017dITN\u00cdKOV\u00c1, Odborov\u00fd svaz zdravotnictv\u00ed<\/b><br \/>\nPlat zam\u011bstnance v\u00a0soci\u00e1ln\u00edch slu\u017eb\u00e1ch \u010din\u00ed n\u011bco k\u00a0devaten\u00e1cti tis\u00edc\u016fm korun\u00e1m &#8211; 18\u00a0866 korun m\u011bs\u00ed\u010dn\u011b.<\/p>\n<p>Probl\u00e9m si uv\u011bdomuje a \u0159e\u0161\u00ed i\u00a0ministryn\u011b pr\u00e1ce a soci\u00e1ln\u00edch v\u011bc\u00ed, jen\u017ee na pot\u0159ebn\u00e9 odm\u011bny podle n\u00ed chyb\u00ed dv\u011b miliardy korun.<\/p>\n<p><b>Michaela MARKSOV\u00c1, ministryn\u011b pr\u00e1ce a soci\u00e1ln\u00edch v\u011bc\u00ed, \/\u010cSSD\/<\/b><br \/>\nJ\u00e1 jako ministryn\u011b pr\u00e1ce budu podporovat to, aby se zlep\u0161ilo odm\u011b\u0148ov\u00e1n\u00ed lid\u00ed v\u00a0soci\u00e1ln\u00edch slu\u017eb\u00e1ch.<\/p>\n<p>N\u011bkter\u00fdch se bude t\u00fdkat slibovan\u00fd n\u00e1r\u016fst plat\u016f st\u00e1tn\u00edch zam\u011bstnanc\u016f. \u017de by ale koali\u010dn\u00ed pl\u00e1n situaci zlep\u0161il, tomu fyzioterapeutka pan\u00ed Mirka, kter\u00e1 se u\u017e \u010dty\u0159icet let star\u00e1 o\u00a0nepohybliv\u00e9 pacienty nev\u011b\u0159\u00ed.<\/p>\n<p><b>Mirka JORD\u00c1NOV\u00c1, fyzioterapeutka<\/b><br \/>\nTo je jenom takov\u00e1 \u00falitba, jenom tak, abychom v\u011bd\u011bli, \u017ee se n\u011bco malinko d\u011bje, \u017ee prost\u011b na n\u00e1s n\u011bkdo mysl\u00ed.<\/p>\n<p>Jen\u017ee z\u00e1jem pracovat v\u00a0soci\u00e1ln\u00edch slu\u017eb\u00e1ch kv\u016fli n\u00e1ro\u010dnosti pr\u00e1ce a n\u00edzk\u00fdm mzd\u00e1m st\u00e1le kles\u00e1. Pan\u00ed R\u016f\u017eena s\u00a0v\u00edce ne\u017e \u010dty\u0159icetiletou prax\u00ed v\u00ed o\u00a0tom, jak reaguj\u00ed na kontakt s\u00a0realitou \u010derstv\u011b zam\u011bstnan\u00e9 zdravotn\u00ed sestry sv\u00e9.<\/p>\n<p><b>R\u016f\u017eena MEN\u0160\u00cdKOV\u00c1, zdravotn\u00ed sestra<\/b><br \/>\nNeum\u00ed si to ani t\u0159eba uv\u011bdomit, kdy\u017e jde do toho v\u00fdb\u011brov\u00e9ho \u0159\u00edzen\u00ed jako nov\u00fd zam\u011bstnanec a potom kdy\u017e to pozn\u00e1, tak b\u011bhem t\u00fd zku\u0161ebn\u00ed lh\u016fty odejde.<\/p>\n<p><b>MARKSOV\u00c1,<\/b><br \/>\nDomlouvali jsme se u\u017e d\u0159\u00edve s\u00a0panem ministrem Babi\u0161em, \u017ee si d\u00e1me osobn\u00ed sch\u016fzku po evropsk\u00fdch volb\u00e1ch, tak\u017ee to p\u0159edpokl\u00e1d\u00e1m, \u017ee u\u017e bude brzo.<\/p>\n<p>Ministryn\u011b slibuje v\u0161em pracovn\u00edk\u016fm v\u00a0soci\u00e1ln\u00edch slu\u017eb\u00e1ch lep\u0161\u00ed podm\u00ednky od roku 2016.<\/p>\n<p><em>Zdroj: TV Barrandov<\/em><\/p>\n","protected":false},"excerpt":{"rendered":"<div class=\"mh-excerpt\"><p>Ministryn\u011b pr\u00e1ce a soci\u00e1ln\u00edch v\u011bc\u00ed Michaela Marksov\u00e1 slibuje v\u0161em pracovn\u00edk\u016fm v\u00a0soci\u00e1ln\u00edch slu\u017eb\u00e1ch lep\u0161\u00ed podm\u00ednky od roku 2016. Chce o tom jednat s ministrem financ\u00ed&#8230;<\/p>\n<\/div>","protected":false},"author":1,"featured_media":16408,"comment_status":"open","ping_status":"closed","sticky":false,"template":"","format":"standard","meta":{"footnotes":""},"categories":[12],"tags":[],"class_list":["post-16407","post","type-post","status-publish","format-standard","has-post-thumbnail","hentry","category-rozhovory"],"_links":{"self":[{"href":"https:\/\/www.invarena.cz\/index.php?rest_route=\/wp\/v2\/posts\/16407","targetHints":{"allow":["GET"]}}],"collection":[{"href":"https:\/\/www.invarena.cz\/index.php?rest_route=\/wp\/v2\/posts"}],"about":[{"href":"https:\/\/www.invarena.cz\/index.php?rest_route=\/wp\/v2\/types\/post"}],"author":[{"embeddable":true,"href":"https:\/\/www.invarena.cz\/index.php?rest_route=\/wp\/v2\/users\/1"}],"replies":[{"embeddable":true,"href":"https:\/\/www.invarena.cz\/index.php?rest_route=%2Fwp%2Fv2%2Fcomments&post=16407"}],"version-history":[{"count":0,"href":"https:\/\/www.invarena.cz\/index.php?rest_route=\/wp\/v2\/posts\/16407\/revisions"}],"wp:featuredmedia":[{"embeddable":true,"href":"https:\/\/www.invarena.cz\/index.php?rest_route=\/wp\/v2\/media\/16408"}],"wp:attachment":[{"href":"https:\/\/www.invarena.cz\/index.php?rest_route=%2Fwp%2Fv2%2Fmedia&parent=16407"}],"wp:term":[{"taxonomy":"category","embeddable":true,"href":"https:\/\/www.invarena.cz\/index.php?rest_route=%2Fwp%2Fv2%2Fcategories&post=16407"},{"taxonomy":"post_tag","embeddable":true,"href":"https:\/\/www.invarena.cz\/index.php?rest_route=%2Fwp%2Fv2%2Ftags&post=16407"}],"curies":[{"name":"wp","href":"https:\/\/api.w.org\/{rel}","templated":true}]}}