{"id":16420,"date":"2014-11-13T23:28:46","date_gmt":"2014-11-13T22:28:46","guid":{"rendered":"http:\/\/www.invarena.cz\/?p=16420"},"modified":"2014-11-14T08:47:24","modified_gmt":"2014-11-14T07:47:24","slug":"zhorsi-se-mi-zrak-kde-najdu-sluzby-pro-zrakove-hendikepovane","status":"publish","type":"post","link":"https:\/\/www.invarena.cz\/?p=16420","title":{"rendered":"Zhor\u0161uje se mi zrak. Kde najdu slu\u017eby pro zrakov\u011b hendikepovan\u00e9?"},"content":{"rendered":"<p><strong>Pe\u010dovatelka v\u00e1\u017en\u011b onemocn\u011bla a z\u0159ejm\u011b p\u0159ijde o podstatnou \u010d\u00e1st sv\u00e9ho zraku. Sama tak bude pot\u0159ebovat p\u00e9\u010di a slu\u017eby. Na tuto dal\u0161\u00ed \u017eivotn\u00ed etapu se ji\u017e p\u0159ipravuje a klade si ot\u00e1zky, kter\u00e9 slu\u017eby by si mohla vyhledat&#8230;. <\/strong><!--more--><\/p>\n<p><em>ilustra\u010dn\u00ed foto: PhotoRack<\/em><\/p>\n<p>Na podzim mi bude 54 let a pracuji jako pe\u010dovatelka v ter\u00e9nu, co\u017e znamen\u00e1 chodit po dom\u00e1cnostech klient\u016f a obstar\u00e1vat jim pot\u0159ebn\u00e9 \u00fakony, kter\u00e9 si nezvl\u00e1dnou vzhledem ke sv\u00e9mu zdravotn\u00edmu <span class=\"highlight\">posti\u017een\u00ed<\/span> \u010di vysok\u00e9mu v\u011bku. Pr\u00e1ce je to velmi hezk\u00e1, rozhodn\u011b nejde o stereotyp. Ka\u017ed\u00fd den mi p\u0159in\u00e1\u0161el nov\u00e1 pozn\u00e1n\u00ed, radosti, ale mnohdy i starosti, kter\u00e9 moji klienti pro\u017e\u00edvali ve sv\u00fdch rodin\u00e1ch a s okol\u00edm, ale i se zhor\u0161uj\u00edc\u00edm se zdravotn\u00edm stavem.<\/p>\n<p>V sou\u010dasn\u00e9 dob\u011b jsem i j\u00e1 sama skoro p\u016fl roku doma, proto\u017ee mi byl diagnostikov\u00e1n n\u00e1dor v hlav\u011b. Byla jsem pom\u011brn\u011b rychle na operaci, ale p\u0159i n\u00ed se zjistilo, \u017ee je t\u0159eba ud\u011blat rozs\u00e1hlej\u0161\u00ed z\u00e1krok, ne\u017e bylo p\u016fvodn\u011b pl\u00e1nov\u00e1no. A bohu\u017eel se n\u00e1dor dostal i do okol\u00ed o\u010dn\u00edch nerv\u016f. Po operaci jsem pomalu p\u0159est\u00e1vala vid\u011bt na jedno oko.<\/p>\n<p>Druh\u00e9 oko je zat\u00edm relativn\u011b v po\u0159\u00e1dku, ale po porad\u011b mezi m\u00fdm o\u0161et\u0159uj\u00edc\u00edm chirurgem a o\u010dn\u00edm l\u00e9ka\u0159em to vypad\u00e1, \u017ee u druh\u00e9ho oka dojde asi taky ke zhor\u0161en\u00ed zraku. Zat\u00edm se \u010dek\u00e1 je\u0161t\u011b na n\u011bjak\u00e9 v\u00fdsledky, mo\u017en\u00e1 na z\u00e1klad\u011b nich budu je\u0161t\u011b muset na jednu operaci. Ale dostala jsem nad\u011bji, \u017ee by mi m\u011bl zrak by\u0165\u00a0 zhor\u0161en\u00fd z\u016fstat. Je mi jasn\u00e9, \u017ee budu muset v pr\u00e1ci skon\u010dit, proto\u017ee bych ji ji\u017e nezvl\u00e1dala. Zkus\u00edm se domluvit se svoj\u00ed dcerou, \u017ee bych j\u00ed zat\u00edm vypom\u00e1hala s administrativou ve firm\u011b. M\u00e1m v pl\u00e1nu i v\u00edce hl\u00eddat vnou\u010data. U\u017e jsou star\u0161\u00ed, 10 a 12 let, ale dcera ob\u010das po ve\u010derech pot\u0159ebuje z\u016fstat t\u0159eba d\u00e9le v pr\u00e1ci, tak si bere pan\u00ed na hl\u00edd\u00e1n\u00ed, aby d\u011bti nebyly doma samotn\u00e9 a bez dozoru. Douf\u00e1m, \u017ee nebude \u010das zah\u00e1let, nerada bych se dostala do n\u011bjak\u00e9 izolace. A pokud to jen trochu p\u016fjde, chci si uchovat co nejv\u00edce dosavadn\u00edch kon\u00ed\u010dk\u016f a z\u00e1lib. Nebo bych je r\u00e1da roz\u0161\u00ed\u0159ila o nov\u00e9 zku\u0161enosti a z\u00e1\u017eitky.<\/p>\n<p>M\u011bla jsem u\u017e v nemocnici takov\u00fd n\u00e1pad, \u017ee ur\u010dit\u011b existuj\u00ed organizace, kter\u00e9 pom\u00e1haj\u00ed lidem s omezen\u00edm \u010di ztr\u00e1tou zraku. Jednak bych r\u00e1da vyu\u017eila jejich slu\u017eeb, ale sou\u010dasn\u011b si dovedu p\u0159edstavit, \u017ee bych (tedy douf\u00e1m) zvl\u00e1dla i s n\u011b\u010d\u00edm drobn\u011bj\u0161\u00edm vypom\u00e1hat. Mezi sv\u00fdmi klienty jsem kdysi m\u011bla man\u017eele, kde m\u011bli oba pom\u011brn\u011b z\u00e1sadn\u00ed probl\u00e9my se zrakem. V\u00edm, \u017ee tehdy n\u011bjakou slu\u017ebu vyu\u017e\u00edvali, kdy\u017e byli je\u0161t\u011b mobiln\u00ed.<\/p>\n<p>Milada K.<\/p>\n<p>V\u00e1\u017een\u00e1 pan\u00ed Milado,<br \/>\nnejprve mi dovolte vyj\u00e1d\u0159it v\u00e1m opravdu velk\u00fd obdiv, ve kter\u00e9m se snoub\u00ed jednak v\u00e1\u0161 neutuchaj\u00edc\u00ed optimismus a jasn\u00e1 p\u0159edstava o budoucnosti. A sou\u010dasn\u011b i uzn\u00e1n\u00ed a radost z va\u0161\u00ed dosavadn\u00ed bezpochyby n\u00e1ro\u010dn\u00e9 pr\u00e1ce, kterou jste zjevn\u011b vykon\u00e1vala r\u00e1da a s pot\u011b\u0161en\u00edm. Nemoc samotn\u00e1 je jist\u011b z\u00e1le\u017eitost\u00ed nep\u0159\u00edjemnou.<\/p>\n<p>Zat\u011b\u017euj\u00edc\u00ed nejen fyzickou str\u00e1nku \u010dlov\u011bka, ale i tu psychickou. A pokud psychika p\u0159eva\u017euje do sebel\u00edtosti, smutk\u016f \u010di do depres\u00ed, tak se jist\u011b v\u0161e mnohem h\u016f\u0159e sn\u00e1\u0161\u00ed. Podobn\u011b rozs\u00e1hl\u00e1 ztr\u00e1ta zraku znamen\u00e1 pro jedince vymizen\u00ed\/omezen\u00ed hlavn\u00edho orienta\u010dn\u00edho smyslu, kter\u00fdm z\u00edsk\u00e1v\u00e1me v\u011bt\u0161inu informac\u00ed z okoln\u00edho prost\u0159ed\u00ed. Jde proto o zna\u010dn\u00fd handicap, kter\u00fd je ve srovn\u00e1n\u00ed se ztr\u00e1tou ostatn\u00edch smysl\u016f velmi ob\u00e1van\u00fd.<\/p>\n<p>Se ztr\u00e1tou zraku p\u0159ich\u00e1z\u00ed i velmi pravd\u011bpodobn\u00e1 ztr\u00e1ta sou\u010dasn\u00e9 pr\u00e1ce a patrn\u011b p\u0159izn\u00e1n\u00ed <span class=\"highlight\">invalidn\u00edho<\/span> d\u016fchodu. V tomto ohledu v\u00e1m doporu\u010duji obr\u00e1tit se na o\u0161et\u0159uj\u00edc\u00edho l\u00e9ka\u0159e, kter\u00fd by v\u00e1s m\u011bl obezn\u00e1mit s progn\u00f3zou a kter\u00fd bude pravd\u011bpodobn\u011b i p\u0159ipravovat zpr\u00e1vu pro posudkovou slu\u017ebu spr\u00e1vy soci\u00e1ln\u00edho zabezpe\u010den\u00ed. P\u0159edpokl\u00e1d\u00e1m, \u017ee jste v sou\u010dasn\u00e9 dob\u011b v pracovn\u00ed neschopnosti a \u017ee jste finan\u010dn\u011b zaji\u0161t\u011bna ze syst\u00e9mu d\u00e1vek nemocensk\u00e9ho poji\u0161t\u011bn\u00ed.<\/p>\n<p>V r\u00e1mci s\u00edt\u011b soci\u00e1ln\u00edch slu\u017eeb samoz\u0159ejm\u011b existuj\u00ed organizace\/pracovi\u0161t\u011b, kter\u00e9 se specializuj\u00ed p\u0159\u00edmo na c\u00edlovou skupinu osob se zrakov\u00fdm posti\u017een\u00edm. Jedna z nejv\u011bt\u0161\u00edch organizac\u00ed, kter\u00e1 m\u00e1 celorepublikov\u00e9 zastoupen\u00ed, je Sjednocen\u00e1 organizace <span class=\"highlight\">nevidom\u00fdch<\/span> a slabozrak\u00fdch \u010cR. Ta m\u00e1 na sv\u00fdch webov\u00fdch str\u00e1nk\u00e1ch motto, kter\u00e9 si dovoluji uv\u00e9st. A mysl\u00edm, \u017ee by i v\u00e1s mohlo oslovit: &#8222;Nejsme organizace, kter\u00e1 za <span class=\"highlight\">nevidom\u00e9<\/span> rozhoduje a jedn\u00e1; jsme <span class=\"highlight\">nevidom\u00ed<\/span> ob\u010dan\u00e9, kte\u0159\u00ed rozhoduj\u00ed a jednaj\u00ed sami za sebe&#8220;.<\/p>\n<p>Hned pod t\u00edmto mottem organizace uve\u0159ej\u0148uje z\u00e1kladn\u00ed z\u00e1sady svoj\u00ed \u010dinnosti, ke kter\u00fdm pat\u0159\u00ed sv\u00e9pomoc, partnerstv\u00ed, solidarita, \u00facta k lidsk\u00e9 d\u016fstojnosti, svobodn\u00e1 volba, zdrav\u00fd rozum. Tato organizace nab\u00edz\u00ed \u0161irok\u00e9 spektrum slu\u017eeb \u2013 odborn\u00e9 soci\u00e1ln\u00ed poradenstv\u00ed (poradny jsou rozm\u00edst\u011bny celorepublikov\u011b), pr\u016fvodcovsk\u00e9 a p\u0159ed\u010ditatelsk\u00e9 slu\u017eby, soci\u00e1ln\u011b aktiviza\u010dn\u00ed slu\u017eby pro seniory a osoby se zdravotn\u00edm posti\u017een\u00edm, soci\u00e1ln\u00ed rehabilitaci (St\u0159edisko v\u00fdcviku vodic\u00edch ps\u016f, Klikat\u00e1 613\/2a, Praha 5-Jinonice).<\/p>\n<p>K dal\u0161\u00edm aktivit\u00e1m pat\u0159\u00ed i slavnostn\u00ed koncerty, dny otev\u0159en\u00fdch dve\u0159\u00ed, besedy, ur\u010ditou specialitou je turnaj ve h\u0159e QARDO (speci\u00e1ln\u00ed stoln\u00ed hra pro <span class=\"highlight\">nevidom\u00e9<\/span> a jejich p\u0159\u00e1tele). Patrn\u011b se v\u00e1m budou hodit i informace ke kompenza\u010dn\u00edm pom\u016fck\u00e1m pro zrakov\u011b <span class=\"highlight\">posti\u017een\u00e9<\/span> \u2013 pom\u016fcky optick\u00e9 a optoelektronick\u00e9, pom\u016fcky na b\u00e1zi PC, speci\u00e1ln\u00ed hardware a software a dal\u0161\u00ed jin\u00e9 pom\u016fcky.<br \/>\nP\u0159i va\u0161\u00ed energii a nad\u0161en\u00ed v\u00e1s mo\u017en\u00e1 oslov\u00ed i nab\u00eddka TyfloCentra, kter\u00e9 m\u00e1 k dispozici p\u016fj\u010dovnu tandemov\u00fdch kol. Mo\u017en\u00e1 to pr\u00e1v\u011b pro v\u00e1s bude i ur\u010dit\u00e1 v\u00fdzva. Proto\u017ee kdo z n\u00e1s jel na podobn\u00e9m kole?<\/p>\n<p>P\u0159eji v\u00e1m st\u00e1le dal\u0161\u00ed pl\u00e1ny do budoucna. A aby se nemoc, kter\u00e1 v\u00e1s potkala, poda\u0159ilo stabilizovat a aby v\u00e1s co nejm\u00e9n\u011b omezila ve va\u0161em \u017eivot\u011b a dal\u0161\u00edm po\u010d\u00edn\u00e1n\u00ed.<\/p>\n<p>Odkazy na organizace Pobytov\u00e9 rehabilita\u010dn\u00ed a rekvalifika\u010dn\u00ed st\u0159edisko pro <span class=\"highlight\">nevidom\u00e9<\/span> D\u011bdina, o. p. s. www.dedina.cz Sjednocen\u00e1 organizace <span class=\"highlight\">nevidom\u00fdch<\/span> a slabozrak\u00fdch \u010cR (SONS \u010cR) www.sons.cz TyfloCentrum Praha, o. p. s. http:\/\/praha.tyflocentrum.cz\/kontakty\/ Tyfloservis \u2013 rehabilitace <span class=\"highlight\">nevidom\u00fdch<\/span> a slabozrak\u00fdch, o. p. s. www.tyfloservis.cz<\/p>\n<p>Bc. Jana Bedn\u00e1\u0159ov\u00e1 soci\u00e1ln\u00ed pracovnice<\/p>\n<p>Sestra<\/p>\n","protected":false},"excerpt":{"rendered":"<div class=\"mh-excerpt\"><p>Pe\u010dovatelka v\u00e1\u017en\u011b onemocn\u011bla a z\u0159ejm\u011b p\u0159ijde o podstatnou \u010d\u00e1st sv\u00e9ho zraku. Sama tak bude pot\u0159ebovat p\u00e9\u010di a slu\u017eby. Na tuto dal\u0161\u00ed \u017eivotn\u00ed etapu se ji\u017e <a class=\"mh-excerpt-more\" href=\"https:\/\/www.invarena.cz\/?p=16420\" title=\"Zhor\u0161uje se mi zrak. Kde najdu slu\u017eby pro zrakov\u011b hendikepovan\u00e9?\">[&#8230;]<\/a><\/p>\n<\/div>","protected":false},"author":1,"featured_media":14573,"comment_status":"open","ping_status":"closed","sticky":false,"template":"","format":"standard","meta":{"footnotes":""},"categories":[7],"tags":[],"class_list":["post-16420","post","type-post","status-publish","format-standard","has-post-thumbnail","hentry","category-spolecnost"],"_links":{"self":[{"href":"https:\/\/www.invarena.cz\/index.php?rest_route=\/wp\/v2\/posts\/16420","targetHints":{"allow":["GET"]}}],"collection":[{"href":"https:\/\/www.invarena.cz\/index.php?rest_route=\/wp\/v2\/posts"}],"about":[{"href":"https:\/\/www.invarena.cz\/index.php?rest_route=\/wp\/v2\/types\/post"}],"author":[{"embeddable":true,"href":"https:\/\/www.invarena.cz\/index.php?rest_route=\/wp\/v2\/users\/1"}],"replies":[{"embeddable":true,"href":"https:\/\/www.invarena.cz\/index.php?rest_route=%2Fwp%2Fv2%2Fcomments&post=16420"}],"version-history":[{"count":0,"href":"https:\/\/www.invarena.cz\/index.php?rest_route=\/wp\/v2\/posts\/16420\/revisions"}],"wp:featuredmedia":[{"embeddable":true,"href":"https:\/\/www.invarena.cz\/index.php?rest_route=\/wp\/v2\/media\/14573"}],"wp:attachment":[{"href":"https:\/\/www.invarena.cz\/index.php?rest_route=%2Fwp%2Fv2%2Fmedia&parent=16420"}],"wp:term":[{"taxonomy":"category","embeddable":true,"href":"https:\/\/www.invarena.cz\/index.php?rest_route=%2Fwp%2Fv2%2Fcategories&post=16420"},{"taxonomy":"post_tag","embeddable":true,"href":"https:\/\/www.invarena.cz\/index.php?rest_route=%2Fwp%2Fv2%2Ftags&post=16420"}],"curies":[{"name":"wp","href":"https:\/\/api.w.org\/{rel}","templated":true}]}}