{"id":16466,"date":"2014-06-10T11:20:19","date_gmt":"2014-06-10T09:20:19","guid":{"rendered":"http:\/\/www.invarena.cz\/?p=16466"},"modified":"2014-06-10T11:20:19","modified_gmt":"2014-06-10T09:20:19","slug":"nechceme-aby-inspekce-socialnich-sluzeb-presla-na-kraje","status":"publish","type":"post","link":"https:\/\/www.invarena.cz\/?p=16466","title":{"rendered":"Nechceme, aby inspekce soci\u00e1ln\u00edch slu\u017eeb p\u0159e\u0161la na kraje"},"content":{"rendered":"<p><strong>Asociace poskytovatel\u016f soci\u00e1ln\u00edch slu\u017eeb \u010cR (APSS), Svaz m\u011bst a obc\u00ed \u010cR (SMO) a N\u00e1rodn\u00ed rada osob se <span class=\"highlight\">zdravotn\u00edm<\/span> posti\u017een\u00edm \u010cR (NRZP) d\u016frazn\u011b odm\u00edtaj\u00ed pl\u00e1novan\u00fd p\u0159echod inspekc\u00ed kvality soci\u00e1ln\u00edch slu\u017eeb z \u00da\u0159adu pr\u00e1ce \u010cR na krajsk\u00e9 \u00fa\u0159ady.<\/strong><!--more--><br \/>\nHroz\u00ed podle nich st\u0159et z\u00e1jm\u016f, proto\u017ee kraje samy mnoh\u00e9 slu\u017eby z\u0159izuj\u00ed a od ledna budou v\u0161em rozd\u011blovat i dotace. \u017d\u00e1daj\u00ed, aby kontrolu m\u011bl na starosti st\u00e1t, tedy Ministerstvo pr\u00e1ce a soci\u00e1ln\u00edch v\u011bc\u00ed \u010cR (MPSV).<\/p>\n<p>Existuje toti\u017e mo\u017enost, \u017ee by ka\u017ed\u00fd kraj mohl m\u00edt sv\u016fj vlastn\u00ed model. Podle prezidenta APSS Ji\u0159\u00edho Horeck\u00e9ho je pro provozovatele d\u016fle\u017eit\u00e9, aby inspekce byla jednotn\u00e1. \u00bbJe to b\u011b\u017en\u00e9 u st\u00e1tn\u00ed kontroly jin\u00fdch, resp. v\u011bt\u0161iny ve\u0159ejn\u00fdch slu\u017eeb, kdy \u00fast\u0159edn\u00ed org\u00e1ny st\u00e1tu jsou, resp. maj\u00ed b\u00fdt, zodpov\u011bdn\u00e9 za v\u00fdkon st\u00e1tn\u00ed kontroly.<br \/>\nTento po\u017eadavek jsme ostatn\u011b p\u0159edkl\u00e1dali ji\u017e v roce 2007. Vn\u00edm\u00e1me a akceptujeme, \u017ee ka\u017ed\u00fd kraj by m\u011bl m\u00edt p\u0159ehled o kvalit\u011b soci\u00e1ln\u00edch slu\u017eeb poskytovan\u00fdch<br \/>\nna sv\u00e9m \u00fazem\u00ed, ale toto je zaji\u0161t\u011bno mo\u017enost\u00ed \u00fa\u010dasti krajsk\u00e9ho z\u00e1stupce v inspek\u010dn\u00edm t\u00fdmu,\u00ab uvedl pro Hal\u00f3 noviny Horeck\u00fd.<br \/>\nInspekce kvality soci\u00e1ln\u00edch slu\u017eeb v minulosti pod MPSV spadala. Po soci\u00e1ln\u00ed reform\u011b exministra Jarom\u00edra Dr\u00e1bka (TOP 09) se p\u0159esunula na \u00fa\u0159ady pr\u00e1ce. S p\u0159esunem na kraje te\u010f po\u010d\u00edt\u00e1 n\u00e1vrh novely o soci\u00e1ln\u00edch slu\u017eb\u00e1ch, kter\u00e1 by mohla platit od ledna. Od p\u0159\u00ed\u0161t\u00edho roku za\u010dnou kraje m\u00edsto MPSV rozd\u011blovat i dotace na soci\u00e1ln\u00ed slu\u017eby. Stanovuj\u00ed tak\u00e9 jejich s\u00ed\u0165 a poskytovatele registruj\u00ed. Samy mnoh\u00e1 za\u0159\u00edzen\u00ed provozuj\u00ed.<br \/>\nPodle n\u00e1m\u011bstkyn\u011b z MPSV Zuzany Jentschke St\u0161cklov\u00e9 (\u010cSSD) by kraje ale m\u011bly kvalitu kontrolovat, kdy\u017e maj\u00ed rozd\u011blovat pen\u00edze. \u00bbJe tam pojistka &#8211; organizace, kter\u00e9 z\u0159izuje kraj, bude kontrolovat<br \/>\nministerstvo,\u00ab \u0159ekla n\u00e1m\u011bstkyn\u011b. Podle n\u00ed nyn\u00ed inspekce na \u00fa\u0159adech pr\u00e1ce nen\u00ed efektivn\u00ed, inspekto\u0159i pr\u00fd ro\u010dn\u011b stihnou zkontrolovat dv\u011b procenta poskytovatel\u016f.<\/p>\n<p>Hal\u00f3 noviny<\/p>\n","protected":false},"excerpt":{"rendered":"<div class=\"mh-excerpt\"><p>Asociace poskytovatel\u016f soci\u00e1ln\u00edch slu\u017eeb \u010cR (APSS), Svaz m\u011bst a obc\u00ed \u010cR (SMO) a N\u00e1rodn\u00ed rada osob se zdravotn\u00edm posti\u017een\u00edm \u010cR (NRZP) d\u016frazn\u011b odm\u00edtaj\u00ed pl\u00e1novan\u00fd p\u0159echod <a class=\"mh-excerpt-more\" href=\"https:\/\/www.invarena.cz\/?p=16466\" title=\"Nechceme, aby inspekce soci\u00e1ln\u00edch slu\u017eeb p\u0159e\u0161la na kraje\">[&#8230;]<\/a><\/p>\n<\/div>","protected":false},"author":1,"featured_media":15802,"comment_status":"open","ping_status":"closed","sticky":false,"template":"","format":"standard","meta":{"footnotes":""},"categories":[6],"tags":[],"class_list":["post-16466","post","type-post","status-publish","format-standard","has-post-thumbnail","hentry","category-politika"],"_links":{"self":[{"href":"https:\/\/www.invarena.cz\/index.php?rest_route=\/wp\/v2\/posts\/16466","targetHints":{"allow":["GET"]}}],"collection":[{"href":"https:\/\/www.invarena.cz\/index.php?rest_route=\/wp\/v2\/posts"}],"about":[{"href":"https:\/\/www.invarena.cz\/index.php?rest_route=\/wp\/v2\/types\/post"}],"author":[{"embeddable":true,"href":"https:\/\/www.invarena.cz\/index.php?rest_route=\/wp\/v2\/users\/1"}],"replies":[{"embeddable":true,"href":"https:\/\/www.invarena.cz\/index.php?rest_route=%2Fwp%2Fv2%2Fcomments&post=16466"}],"version-history":[{"count":0,"href":"https:\/\/www.invarena.cz\/index.php?rest_route=\/wp\/v2\/posts\/16466\/revisions"}],"wp:featuredmedia":[{"embeddable":true,"href":"https:\/\/www.invarena.cz\/index.php?rest_route=\/wp\/v2\/media\/15802"}],"wp:attachment":[{"href":"https:\/\/www.invarena.cz\/index.php?rest_route=%2Fwp%2Fv2%2Fmedia&parent=16466"}],"wp:term":[{"taxonomy":"category","embeddable":true,"href":"https:\/\/www.invarena.cz\/index.php?rest_route=%2Fwp%2Fv2%2Fcategories&post=16466"},{"taxonomy":"post_tag","embeddable":true,"href":"https:\/\/www.invarena.cz\/index.php?rest_route=%2Fwp%2Fv2%2Ftags&post=16466"}],"curies":[{"name":"wp","href":"https:\/\/api.w.org\/{rel}","templated":true}]}}