{"id":16473,"date":"2014-06-11T18:18:52","date_gmt":"2014-06-11T16:18:52","guid":{"rendered":"http:\/\/www.invarena.cz\/?p=16473"},"modified":"2014-06-11T18:18:16","modified_gmt":"2014-06-11T16:18:16","slug":"mam-narok-na-rodicovsky-prispevek","status":"publish","type":"post","link":"https:\/\/www.invarena.cz\/?p=16473","title":{"rendered":"M\u00e1m n\u00e1rok na rodi\u010dovsk\u00fd p\u0159\u00edsp\u011bvek?"},"content":{"rendered":"<p><strong>DOTAZ: Cht\u011bla bych se zeptat, zda m\u00e1m n\u00e1rok na rodi\u010dovsk\u00fd p\u0159\u00edsp\u011bvek a v jak\u00e9 v\u00fd\u0161i? Sly\u0161ela jsem, \u017ee si mohu ur\u010dit d\u00e9lku, po kterou budu rodi\u010dovsk\u00fd p\u0159\u00edsp\u011bvek pob\u00edrat. Mus\u00edm splnit n\u011bjak\u00e9 podm\u00ednky?<\/strong><br \/>\n<!--more--><br \/>\nODPOV\u011a\u010e:<\/p>\n<p>Na rodi\u010dovsk\u00fd p\u0159\u00edsp\u011bvek m\u00e1te n\u00e1rok v p\u0159\u00edpad\u011b, \u017ee se osobn\u011b star\u00e1te o nejmlad\u0161\u00ed d\u00edt\u011b v rodin\u011b. P\u00e9\u010de mus\u00ed b\u00fdt celodenn\u00ed a po cel\u00fd kalend\u00e1\u0159n\u00ed m\u011bs\u00edc, za kter\u00fd je p\u0159\u00edsp\u011bvek vypl\u00e1cen.<\/p>\n<p>P\u0159\u00edsp\u011bvek V\u00e1m bude vypl\u00e1cen maxim\u00e1ln\u011b do \u010dty\u0159 let v\u011bku d\u00edt\u011bte a z\u00e1rove\u0148 do t\u00e9 doby, ne\u017e V\u00e1m bude vyplaceno celkem 220 tis\u00edc korun.<br \/>\nS ur\u010dov\u00e1n\u00edm doby, po kterou budete p\u0159\u00edsp\u011bvek dost\u00e1vat, je to slo\u017eit\u011bj\u0161\u00ed. Abyste si mohla dobu zvolit, mus\u00edte splnit p\u00e1r podm\u00ednek.<\/p>\n<p>T\u00edm, \u017ee m\u00e1te pr\u00e1vo na vyplacen\u00ed celkem 220 tis\u00edc korun, nestanovujete si pouze dobu, ale i v\u00fd\u0161i p\u0159\u00edsp\u011bvku.<br \/>\nUr\u010dit si v\u00fd\u0161i p\u0159\u00edsp\u011bvku m\u016f\u017eete v p\u0159\u00edpad\u011b, \u017ee lze alespo\u0148 u jednoho rodi\u010de stanovit k datu narozen\u00ed d\u00edt\u011bte 70% 30n\u00e1sobku denn\u00edho vym\u011b\u0159ovac\u00edho z\u00e1kladu v \u010d\u00e1stce p\u0159evy\u0161uj\u00edc\u00ed 7600 korun a\u017e do \u010d\u00e1stky 11 500 korun m\u011bs\u00ed\u010dn\u011b, s t\u00edm, \u017ee zvolen\u00e1 v\u00fd\u0161e rodi\u010dovsk\u00e9ho p\u0159\u00edsp\u011bvku nesm\u00ed p\u0159es\u00e1hnout 70%30n\u00e1sobku denn\u00edho vym\u011b\u0159ovac\u00edho z\u00e1kladu.<\/p>\n<p>Pokud nelze \u017e\u00e1dn\u00e9mu z rodi\u010d\u016f stanovit denn\u00ed vym\u011b\u0159ovac\u00ed z\u00e1klad, n\u00e1le\u017e\u00ed V\u00e1m rodi\u010dovsk\u00fd p\u0159\u00edsp\u011bvek, jeho\u017e v\u00fd\u0161e je stanovena z\u00e1konem.<\/p>\n<p>Pokud byste cht\u011bla zm\u011bnit v\u00fd\u0161i rodi\u010dovsk\u00e9ho p\u0159\u00edsp\u011bvku, m\u016f\u017eete tak u\u010dinit. Je to v\u0161ak mo\u017en\u00e9 a\u017e ve chv\u00edli, kdy V\u00e1m byl p\u0159\u00edsp\u011bvek vypl\u00e1cen po dobu t\u0159\u00ed m\u011bs\u00edc\u016f. To plat\u00ed i v p\u0159\u00edpad\u011b, kdy se pe\u010duj\u00edc\u00ed osoba zm\u011bn\u00ed.<\/p>\n<p>N\u00e1rok na rodi\u010dovsk\u00fd p\u0159\u00edsp\u011bvek m\u016f\u017eete m\u00edt i v p\u0159\u00edpad\u011b, \u017ee se po cel\u00fd den o d\u00edt\u011b nestar\u00e1te, proto\u017ee je v n\u011bkter\u00e9m pe\u010duj\u00edc\u00edm \u010di vzd\u011bl\u00e1vac\u00edm za\u0159\u00edzen\u00ed. Zde je p\u00e1r mo\u017enost\u00ed, po jejich\u017e spln\u011bn\u00ed m\u016f\u017eete d\u00e1l pob\u00edrat rodi\u010dovsk\u00fd p\u0159\u00edsp\u011bvek:<br \/>\n&#8211; d\u00edt\u011b, kter\u00e9 nedos\u00e1hlo 2 let v\u011bku, nav\u0161t\u011bvuje jesle, mate\u0159skou \u0161kolu nebo jin\u00e9 obdobn\u00e9 za\u0159\u00edzen\u00ed pro d\u011bti v rozsahu nep\u0159evy\u0161uj\u00edc\u00edm 46 hodin v kalend\u00e1\u0159n\u00edm m\u011bs\u00edci<br \/>\n&#8211; d\u00edt\u011b pravideln\u011b nav\u0161t\u011bvuje l\u00e9\u010debn\u011b rehabilita\u010dn\u00ed za\u0159\u00edzen\u00ed nebo mate\u0159skou \u0161kolu nebo jej\u00ed t\u0159\u00eddu za\u0159\u00edzenou pro zdravotn\u011b posti\u017een\u00e9 d\u011bti nebo jesle se zam\u011b\u0159en\u00edm na vady zraku, sluchu, \u0159e\u010di a na d\u011bti t\u011blesn\u011b posti\u017een\u00e9 a ment\u00e1ln\u011b retardovan\u00e9 v rozsahu nep\u0159evy\u0161uj\u00edc\u00edm 4 hodiny denn\u011b<br \/>\n&#8211; d\u00edt\u011b zdravotn\u011b posti\u017een\u00e9 pravideln\u011b nav\u0161t\u011bvuje jesle, mate\u0159skou \u0161kolu nebo jin\u00e9 obdobn\u00e9 za\u0159\u00edzen\u00ed pro d\u011bti p\u0159ed\u0161koln\u00edho v\u011bku v rozsahu nep\u0159evy\u0161uj\u00edc\u00edm 6 hodin denn\u011b<br \/>\n&#8211; d\u00edt\u011b nav\u0161t\u011bvuje jesle, mate\u0159skou \u0161kolu nebo jin\u00e9 obdobn\u00e9 za\u0159\u00edzen\u00ed pro d\u011bti p\u0159ed\u0161koln\u00edho v\u011bku v rozsahu nep\u0159evy\u0161uj\u00edc\u00edm 4 hodiny denn\u011b a jestli\u017ee oba rodi\u010de nebo osam\u011bl\u00fd rodi\u010d je osobou z\u00e1vislou na pomoci jin\u00e9 osoby ve stupni III. nebo IV. stupni z\u00e1vislosti &#8211; rodi\u010d zajist\u00ed p\u00e9\u010di o d\u00edt\u011b jinou zletilou osobou v dob\u011b, kdy je v\u00fdd\u011ble\u010dn\u011b \u010dinn\u00fd nebo je \u017e\u00e1kem nebo studentem soustavn\u011b se p\u0159ipravuj\u00edc\u00edm na budouc\u00ed povol\u00e1n\u00ed, s v\u00fdjimkou studia za trv\u00e1n\u00ed slu\u017eebn\u00edho pom\u011bru p\u0159\u00edslu\u0161n\u00edk\u016f ozbrojen\u00fdch sil; doch\u00e1zka do uveden\u00fdch za\u0159\u00edzen\u00ed se nesleduje u d\u011bt\u00ed star\u0161\u00edch 2 let.<\/p>\n<p>Jeliko\u017e se rodi\u010dovsk\u00fd p\u0159\u00edsp\u011bvek vztahuje pouze na nejmlad\u0161\u00ed d\u00edt\u011b v rodin\u011b, v p\u0159\u00edpad\u011b narozen\u00ed dal\u0161\u00edho potomka n\u00e1rok na p\u0159\u00edsp\u011bvek na v tu chv\u00edli ji\u017e star\u0161\u00ed d\u00edt\u011b zanik\u00e1 a mus\u00edte si po\u017e\u00e1dat o p\u0159\u00edsp\u011bvek na d\u00edt\u011b pr\u00e1v\u011b narozen\u00e9.<\/p>\n<p>Ji\u0159\u00ed Marek<br \/>\ninvArena<\/p>\n<p>ilustra\u010dn\u00ed foto: PhotoXpress<\/p>\n","protected":false},"excerpt":{"rendered":"<div class=\"mh-excerpt\"><p>DOTAZ: Cht\u011bla bych se zeptat, zda m\u00e1m n\u00e1rok na rodi\u010dovsk\u00fd p\u0159\u00edsp\u011bvek a v jak\u00e9 v\u00fd\u0161i? Sly\u0161ela jsem, \u017ee si mohu ur\u010dit d\u00e9lku, po kterou budu <a class=\"mh-excerpt-more\" href=\"https:\/\/www.invarena.cz\/?p=16473\" title=\"M\u00e1m n\u00e1rok na rodi\u010dovsk\u00fd p\u0159\u00edsp\u011bvek?\">[&#8230;]<\/a><\/p>\n<\/div>","protected":false},"author":3,"featured_media":14683,"comment_status":"open","ping_status":"closed","sticky":false,"template":"","format":"standard","meta":{"footnotes":""},"categories":[18],"tags":[],"class_list":["post-16473","post","type-post","status-publish","format-standard","has-post-thumbnail","hentry","category-poradna"],"_links":{"self":[{"href":"https:\/\/www.invarena.cz\/index.php?rest_route=\/wp\/v2\/posts\/16473","targetHints":{"allow":["GET"]}}],"collection":[{"href":"https:\/\/www.invarena.cz\/index.php?rest_route=\/wp\/v2\/posts"}],"about":[{"href":"https:\/\/www.invarena.cz\/index.php?rest_route=\/wp\/v2\/types\/post"}],"author":[{"embeddable":true,"href":"https:\/\/www.invarena.cz\/index.php?rest_route=\/wp\/v2\/users\/3"}],"replies":[{"embeddable":true,"href":"https:\/\/www.invarena.cz\/index.php?rest_route=%2Fwp%2Fv2%2Fcomments&post=16473"}],"version-history":[{"count":0,"href":"https:\/\/www.invarena.cz\/index.php?rest_route=\/wp\/v2\/posts\/16473\/revisions"}],"wp:featuredmedia":[{"embeddable":true,"href":"https:\/\/www.invarena.cz\/index.php?rest_route=\/wp\/v2\/media\/14683"}],"wp:attachment":[{"href":"https:\/\/www.invarena.cz\/index.php?rest_route=%2Fwp%2Fv2%2Fmedia&parent=16473"}],"wp:term":[{"taxonomy":"category","embeddable":true,"href":"https:\/\/www.invarena.cz\/index.php?rest_route=%2Fwp%2Fv2%2Fcategories&post=16473"},{"taxonomy":"post_tag","embeddable":true,"href":"https:\/\/www.invarena.cz\/index.php?rest_route=%2Fwp%2Fv2%2Ftags&post=16473"}],"curies":[{"name":"wp","href":"https:\/\/api.w.org\/{rel}","templated":true}]}}