{"id":16482,"date":"2014-06-10T15:56:57","date_gmt":"2014-06-10T13:56:57","guid":{"rendered":"http:\/\/www.invarena.cz\/?p=16482"},"modified":"2014-06-10T17:57:13","modified_gmt":"2014-06-10T15:57:13","slug":"papez-kvuli-nemoci-zrusil-uz-druhy-den-audienci","status":"publish","type":"post","link":"https:\/\/www.invarena.cz\/?p=16482","title":{"rendered":"Pape\u017e kv\u016fli nemoci zru\u0161il u\u017e druh\u00fd den audienc\u00ed"},"content":{"rendered":"<p><strong>Pape\u017e Franti\u0161ek dnes kv\u016fli neup\u0159esn\u011bn\u00e9 lehk\u00e9 nemoci zru\u0161il u\u017e druh\u00fd den soukrom\u00fdch audienc\u00ed i rann\u00ed m\u0161i. U\u017e ve st\u0159edu ale m\u00e1 p\u0159edsedat gener\u00e1ln\u00ed audienci, informovala agentura AP.<\/strong><br \/>\n<!--more--><\/p>\n<p>Sedmasedmdes\u00e1tilet\u00fd Franti\u0161ek m\u011bl v uplynul\u00fdch t\u00fddnech nabit\u00fd program, kdy\u017e podnikl cestu na Bl\u00edzk\u00fd v\u00fdchod a v ned\u011bli ve Vatik\u00e1nu p\u0159iv\u00edtal prezidenty Izraele i Palestiny. V pond\u011bl\u00ed jej oslabil vir a i dnes se rozhodl odpo\u010d\u00edvat.<br \/>\nVatik\u00e1nsk\u00fd mluv\u010d\u00ed Ciro Benedettini pouze uvedl, \u017ee onemocn\u011bn\u00ed je m\u00edrn\u00e9 a Franti\u0161ek bude p\u0159edsedat gener\u00e1ln\u00ed audienci, co\u017e je pravideln\u00e9 st\u0159ede\u010dn\u00ed setk\u00e1n\u00ed pape\u017ee s v\u011b\u0159\u00edc\u00edmi, k nim\u017e vystupuje s promluvou na ur\u010dit\u00e9 t\u00e9ma.<br \/>\nN\u011bkte\u0159\u00ed vatik\u00e1n\u0161t\u00ed p\u0159edstavitel\u00e9 vyj\u00e1d\u0159ili znepokojen\u00ed z hore\u010dn\u00e9ho pracovn\u00edho tempa pape\u017ee Franti\u0161ka, jen\u017e m\u00e1 celou pouze jednu pl\u00edci.<br \/>\nZat\u00edmco p\u0159edchoz\u00ed pape\u017eov\u00e9 v l\u00e9t\u011b odpo\u010d\u00edvali a p\u0159ed \u0159\u00edmsk\u00fdm vedrem prchali do vl\u00eddn\u011bj\u0161\u00ed letn\u00ed rezidence Castel Gandolfo, Franti\u0161ek se rozhodl z\u016fstat ve m\u011bst\u011b a pracovat.<\/p>\n","protected":false},"excerpt":{"rendered":"<div class=\"mh-excerpt\"><p>Pape\u017e Franti\u0161ek dnes kv\u016fli neup\u0159esn\u011bn\u00e9 lehk\u00e9 nemoci zru\u0161il u\u017e druh\u00fd den soukrom\u00fdch audienc\u00ed i rann\u00ed m\u0161i. U\u017e ve st\u0159edu ale m\u00e1 p\u0159edsedat gener\u00e1ln\u00ed audienci, informovala <a class=\"mh-excerpt-more\" href=\"https:\/\/www.invarena.cz\/?p=16482\" title=\"Pape\u017e kv\u016fli nemoci zru\u0161il u\u017e druh\u00fd den audienc\u00ed\">[&#8230;]<\/a><\/p>\n<\/div>","protected":false},"author":1,"featured_media":12767,"comment_status":"open","ping_status":"closed","sticky":false,"template":"","format":"standard","meta":{"footnotes":""},"categories":[7],"tags":[],"class_list":["post-16482","post","type-post","status-publish","format-standard","has-post-thumbnail","hentry","category-spolecnost"],"_links":{"self":[{"href":"https:\/\/www.invarena.cz\/index.php?rest_route=\/wp\/v2\/posts\/16482","targetHints":{"allow":["GET"]}}],"collection":[{"href":"https:\/\/www.invarena.cz\/index.php?rest_route=\/wp\/v2\/posts"}],"about":[{"href":"https:\/\/www.invarena.cz\/index.php?rest_route=\/wp\/v2\/types\/post"}],"author":[{"embeddable":true,"href":"https:\/\/www.invarena.cz\/index.php?rest_route=\/wp\/v2\/users\/1"}],"replies":[{"embeddable":true,"href":"https:\/\/www.invarena.cz\/index.php?rest_route=%2Fwp%2Fv2%2Fcomments&post=16482"}],"version-history":[{"count":0,"href":"https:\/\/www.invarena.cz\/index.php?rest_route=\/wp\/v2\/posts\/16482\/revisions"}],"wp:featuredmedia":[{"embeddable":true,"href":"https:\/\/www.invarena.cz\/index.php?rest_route=\/wp\/v2\/media\/12767"}],"wp:attachment":[{"href":"https:\/\/www.invarena.cz\/index.php?rest_route=%2Fwp%2Fv2%2Fmedia&parent=16482"}],"wp:term":[{"taxonomy":"category","embeddable":true,"href":"https:\/\/www.invarena.cz\/index.php?rest_route=%2Fwp%2Fv2%2Fcategories&post=16482"},{"taxonomy":"post_tag","embeddable":true,"href":"https:\/\/www.invarena.cz\/index.php?rest_route=%2Fwp%2Fv2%2Ftags&post=16482"}],"curies":[{"name":"wp","href":"https:\/\/api.w.org\/{rel}","templated":true}]}}