{"id":16496,"date":"2014-06-11T16:45:16","date_gmt":"2014-06-11T14:45:16","guid":{"rendered":"http:\/\/www.invarena.cz\/?p=16496"},"modified":"2014-06-11T17:21:43","modified_gmt":"2014-06-11T15:21:43","slug":"skody-dnes-pacha-leckdo","status":"publish","type":"post","link":"https:\/\/www.invarena.cz\/?p=16496","title":{"rendered":"V metru \u0159\u00e1dil invalidn\u00ed d\u016fchodce."},"content":{"rendered":"<p style=\"text-align: justify;\"><strong>V dne\u0161n\u00ed dob\u011b u\u017e neplat\u00ed, \u017ee \u0161kody p\u00e1chaj\u00ed jen v\u00fdrostci a nep\u0159izp\u016fsobiv\u00fd ob\u010dan\u00e9, zde uveden rozhovor, kdy na p\u00e1ch\u00e1n\u00ed \u0161kody \u00fa\u010dastnil invalidn\u00ed d\u016fchodce v pra\u017esk\u00e9m metru, kdy \u0159e\u0161il\u00a0nefunk\u010dnost poj\u00edzdn\u00fdch schod\u016f<\/strong><\/p>\n<p style=\"text-align: justify;\"><!--more-->Rozhovor &#8211; TV Barrandov<\/p>\n<p>Vandalov\u00e9. Ti po sob\u011b nech\u00e1vaj\u00ed po cel\u00e9m \u010cesku \u0161kody za des\u00edtky milion\u016f korun. T\u0159eba n\u00e1pravy jejich \u0159\u00e1d\u011bn\u00ed v pra\u017esk\u00e9m metru p\u0159ijdou ro\u010dn\u011b skoro na devades\u00e1t milion\u016f korun.<\/p>\n<p>K vandal\u016fm se bohu\u017eel ne\u0159ad\u00ed jen pubert\u00e1ln\u00ed v\u00fdrostci. Naposledy \u0159\u00e1dil ve stanici metra Palmovka p\u0159ekvapiv\u011b invalidn\u00ed d\u016fchodce.<\/p>\n<p>Osma\u010dty\u0159icetilet\u00fd invalidn\u00ed d\u016fchodce se dom\u00e1hal spu\u0161t\u011bn\u00ed eskal\u00e1toru, kter\u00fd byl mimo provoz. Rozl\u00edcen\u011b k\u0159i\u010del na dozor\u010d\u00edho stanice, kter\u00fd se mu sna\u017eil vysv\u011btlit, \u017ee eskal\u00e1tor spustit nem\u016f\u017ee. Mu\u017e na nic ne\u010dekal a vysklil francouzskou hol\u00ed ok\u00e9nko dozor\u010d\u00ed budky.<\/p>\n<p>Irena SEIFERTOV\u00c1, mluv\u010d\u00ed m\u011bstsk\u00e9 policie Praha:<br \/>\nPo dobu, kdy hl\u00eddka jednala s dozor\u010d\u00edm stanice, invalidn\u00ed mu\u017e str\u00e1\u017en\u00edk\u016fm sprost\u011b nad\u00e1val a oso\u010dil je z toho, \u017ee ho \u0161ikanuj\u00ed a zp\u016fsobuj\u00ed mu psychick\u00e9 probl\u00e9my. Na to si vlastn\u00edm mobiln\u00edm telefonem zavolal t\u00eds\u0148ovou linku 158.<\/p>\n<p>Jana R\u00d6SSLEROV\u00c1, mluv\u010d\u00ed policie Praha:<br \/>\nTento mu\u017e byl velmi agresivn\u00ed, odm\u00edtal s policisty i str\u00e1\u017en\u00edky komunikovat. Policist\u00e9 se sna\u017eili tohoto mu\u017ee zpacifikovat, nakonec mu\u017ee zajistili pomoc\u00ed hmat\u016f a chvat\u016f, nasadili mu pouta a eskortovali ho na nejbli\u017e\u0161\u00ed slu\u017eebnu.<\/p>\n<p>redaktorka:<br \/>\nTam mu nam\u011b\u0159ili v dechu p\u0159es 1,8 promile alkoholu. Rozbit\u00edm okna u dozor\u010d\u00edho stanice zp\u016fsobil invalidn\u00ed d\u016fchodce \u0161kodu ve v\u00fd\u0161i tis\u00edc korun. Za to mu te\u010f hroz\u00ed pen\u011b\u017en\u00ed pokuta.<\/p>\n<p>Aneta \u0158EHKOV\u00c1, mluv\u010d\u00ed pra\u017esk\u00e9ho dopravn\u00edho podniku:<br \/>\nTento p\u0159\u00edpad byl z pohledu dopravn\u00edho podniku ojedin\u011bl\u00fd, proto\u017ee se jednalo o vandalismus zp\u016fsoben\u00fd invalidn\u00edm d\u016fchodcem, co\u017e se tady moc \u010dasto nest\u00e1v\u00e1.<\/p>\n<p>redaktorka:<br \/>\nV\u00fdtr\u017enictv\u00ed a vandalismus v pra\u017esk\u00fdch dopravn\u00edch prost\u0159edc\u00edch ale \u0159e\u0161\u00ed dopravn\u00ed podnik ka\u017ed\u00fd t\u00fdden.<\/p>\n<p>Aneta \u0158EHKOV\u00c1, mluv\u010d\u00ed pra\u017esk\u00e9ho dopravn\u00edho podniku:<br \/>\nNej\u010dast\u011bji si jedn\u00e1 nap\u0159\u00edklad o grafity v metru, v metru d\u00e1le evidujeme roz\u0159ezan\u00e9 sed\u00e1ky, poni\u010den\u00e9 sklo.<\/p>\n<p>redaktorka:<br \/>\nDopravn\u00ed podniky tak\u00e9 tr\u00e1p\u00ed neleg\u00e1ln\u00ed v\u00fdlepy. Vloni jich z vozu n\u00edch.<\/p>\n<p style=\"text-align: justify;\">TV Barrandov<\/p>\n","protected":false},"excerpt":{"rendered":"<div class=\"mh-excerpt\"><p>V dne\u0161n\u00ed dob\u011b u\u017e neplat\u00ed, \u017ee \u0161kody p\u00e1chaj\u00ed jen v\u00fdrostci a nep\u0159izp\u016fsobiv\u00fd ob\u010dan\u00e9, zde uveden rozhovor, kdy na p\u00e1ch\u00e1n\u00ed \u0161kody \u00fa\u010dastnil invalidn\u00ed d\u016fchodce v pra\u017esk\u00e9m <a class=\"mh-excerpt-more\" href=\"https:\/\/www.invarena.cz\/?p=16496\" title=\"V metru \u0159\u00e1dil invalidn\u00ed d\u016fchodce.\">[&#8230;]<\/a><\/p>\n<\/div>","protected":false},"author":1,"featured_media":0,"comment_status":"open","ping_status":"closed","sticky":false,"template":"","format":"standard","meta":{"footnotes":""},"categories":[9],"tags":[],"class_list":["post-16496","post","type-post","status-publish","format-standard","hentry","category-zpravy"],"_links":{"self":[{"href":"https:\/\/www.invarena.cz\/index.php?rest_route=\/wp\/v2\/posts\/16496","targetHints":{"allow":["GET"]}}],"collection":[{"href":"https:\/\/www.invarena.cz\/index.php?rest_route=\/wp\/v2\/posts"}],"about":[{"href":"https:\/\/www.invarena.cz\/index.php?rest_route=\/wp\/v2\/types\/post"}],"author":[{"embeddable":true,"href":"https:\/\/www.invarena.cz\/index.php?rest_route=\/wp\/v2\/users\/1"}],"replies":[{"embeddable":true,"href":"https:\/\/www.invarena.cz\/index.php?rest_route=%2Fwp%2Fv2%2Fcomments&post=16496"}],"version-history":[{"count":0,"href":"https:\/\/www.invarena.cz\/index.php?rest_route=\/wp\/v2\/posts\/16496\/revisions"}],"wp:attachment":[{"href":"https:\/\/www.invarena.cz\/index.php?rest_route=%2Fwp%2Fv2%2Fmedia&parent=16496"}],"wp:term":[{"taxonomy":"category","embeddable":true,"href":"https:\/\/www.invarena.cz\/index.php?rest_route=%2Fwp%2Fv2%2Fcategories&post=16496"},{"taxonomy":"post_tag","embeddable":true,"href":"https:\/\/www.invarena.cz\/index.php?rest_route=%2Fwp%2Fv2%2Ftags&post=16496"}],"curies":[{"name":"wp","href":"https:\/\/api.w.org\/{rel}","templated":true}]}}