{"id":16524,"date":"2014-06-16T06:44:14","date_gmt":"2014-06-16T04:44:14","guid":{"rendered":"http:\/\/www.invarena.cz\/?p=16524"},"modified":"2014-06-16T10:05:59","modified_gmt":"2014-06-16T08:05:59","slug":"invalida-ziskal-zpatky-davky-odebrane-urady","status":"publish","type":"post","link":"https:\/\/www.invarena.cz\/?p=16524","title":{"rendered":"Invalida z\u00edskal zp\u00e1tky d\u00e1vky odebran\u00e9 \u00fa\u0159ady"},"content":{"rendered":"<p style=\"text-align: justify;\"><strong>Dal\u0161\u00ed p\u0159\u00edpad, kdy se poda\u0159ilo zvr\u00e1tit absurdn\u00ed rozhodnut\u00ed \u00fa\u0159edn\u00edk\u016f. Ministerstvo pr\u00e1ce a soci\u00e1ln\u00edch v\u011bc\u00ed sjedn\u00e1 n\u00e1pravu v rozhodnut\u00ed, podle kter\u00e9ho m\u011bl invalida Rudolf \u010cerm\u00e1k z Karlov\u00fdch Var\u016f p\u0159ij\u00edt o podstatnou \u010d\u00e1st p\u0159\u00edsp\u011bvku na p\u00e9\u010di.<br \/>\n<\/strong><\/p>\n<p><!--more--><\/p>\n<p>Report\u00e1\u017e &#8211; TV NOVA<\/p>\n<p><strong>P<strong>\u0159\u00edsp\u011bvek na p\u00e9\u010di<\/strong>\u00a0mu\u017ei s t\u011b\u017ek\u00fdm posti\u017een\u00edm zraku p\u0159ed p\u011bti m\u011bs\u00edci sn\u00ed\u017eil ze \u010dty\u0159 tis\u00edc na osm set korun m\u011bs\u00ed\u010dn\u011b karlovarsk\u00fd \u00fa\u0159ad pr\u00e1ce. Invalidovi pak hrozilo, \u017ee nebude m\u00edt pen\u00edze na pe\u010dovatelku, bez kter\u00e9 se prakticky neobejde.<\/strong><\/p>\n<p><strong>Rudolf \u010cerm\u00e1k to m\u00e1 sice \u010dern\u00e9 na b\u00edl\u00e9m, ale \u00fa\u0159ad\u016fm u\u017e asi nikdy v\u011b\u0159it nebude. Dokument o tom, \u017ee se mu p\u0159\u00edsp\u011bvek kr\u00e1tit nebude, pova\u017euje zat\u00edm za c\u00e1r pap\u00edru, kter\u00fd si stejn\u011b st\u011b\u017e\u00ed s\u00e1m p\u0159e\u010dte. <\/strong><\/p>\n<p>Rudolf \u010cERM\u00c1K, zrakov\u011b <span class=\"highlight\">posti\u017een\u00fd<\/span><!--K-->:<br \/>\nJe\u0161t\u011b \u010dek\u00e1m na to, kdy p\u0159ijdou ty pen\u00edze, proto\u017ee u\u017e jsem pomalu tak\u0159ka bez pen\u011bz.<\/p>\n<p><strong>Za ty si u\u017e dlouh\u00e1 l\u00e9ta platil pe\u010dovatelku, kter\u00e1 mu pom\u00e1h\u00e1 s \u00faklidem a pran\u00edm. V \u00fanoru leto\u0161n\u00edho roku se invalida dozv\u011bd\u011bl \u0161patnou a pro n\u011bj pom\u011brn\u011b dost zdrcuj\u00edc\u00ed zpr\u00e1vu. Karlovarsk\u00fd \u00fa\u0159ad pr\u00e1ce toti\u017e rozhodl o tom, \u017ee mu d\u00e1vky sni\u017euje ze \u010dty\u0159 tis\u00edc korun na osm set korun m\u011bs\u00ed\u010dn\u011b. Pro mnoh\u00e9 st\u011b\u017e\u00ed pochopiteln\u00e1 v\u011bc. Kdy\u017e si uv\u011bdom\u00edme, \u017ee se invalida asi takhle n\u011bjak kouk\u00e1 na sv\u011bt. Vid\u00edte brejle \u017ee m\u00e1m nebo n\u011bco? <\/strong><\/p>\n<p>Rudolf \u010cERM\u00c1K, zrakov\u011b <span class=\"highlight\">posti\u017een\u00fd<\/span><!--K-->:<br \/>\nNe, to v\u016fbec ne. J\u00e1 vid\u00edm jenom \u010dernou bundu, modr\u00fd triko n\u011bjak\u00fd a mikrofon, jo, \u017ee jo tu b\u00edlou kouli.<\/p>\n<p>Michaela BE\u010cKOV\u00c1, vedouc\u00ed pe\u010dovatelsk\u00e9 slu\u017eby:<br \/>\nOn si \u017e\u00e1dal vlastn\u011b o nav\u00fd\u0161en\u00ed a ud\u011blalo se to \u00fapln\u011b naopak. Sebrali mu i to, co m\u011bl.<\/p>\n<p>Petra DOLEJ\u0160OV\u00c1, \u00da\u0159ad pr\u00e1ce Karlovy Vary, tiskov\u00e1 mluv\u010d\u00ed:<br \/>\n\u00da\u0159ad pr\u00e1ce sn\u00ed\u017eil p\u0159\u00edsp\u011bvek na p\u00e9\u010di na z\u00e1klad\u011b rozhodnut\u00ed posudkov\u00e9ho l\u00e9ka\u0159e.<\/p>\n<p><strong>Pe\u010dovatelka za n\u011bj napsala odvol\u00e1n\u00ed a Ministerstvo pr\u00e1ce a soci\u00e1ln\u00edch v\u011bc\u00ed te\u010f rozhodlo v jeho prosp\u011bch. <\/strong><\/p>\n<p>Rudolf \u010cERM\u00c1K, zrakov\u011b <span class=\"highlight\">posti\u017een\u00fd<\/span><!--K-->:<br \/>\nKdo by nem\u011bl radost, dy\u0165 je to pro m\u011b d\u016fle\u017eit\u00fd, jak bych ze v\u0161eho \u017eil?<\/p>\n<p><strong>P\u0159\u00edpad Rudolfa \u010cerm\u00e1ka dokazuje, \u017ee zvr\u00e1tit absurdn\u00ed rozhodnut\u00ed \u00fa\u0159ad\u016f po\u0159\u00e1d je\u0161t\u011b jde. Chce to jedin\u00e9, nevzd\u00e1vat se. <\/strong><\/p>\n","protected":false},"excerpt":{"rendered":"<div class=\"mh-excerpt\"><p>Dal\u0161\u00ed p\u0159\u00edpad, kdy se poda\u0159ilo zvr\u00e1tit absurdn\u00ed rozhodnut\u00ed \u00fa\u0159edn\u00edk\u016f. Ministerstvo pr\u00e1ce a soci\u00e1ln\u00edch v\u011bc\u00ed sjedn\u00e1 n\u00e1pravu v rozhodnut\u00ed, podle kter\u00e9ho m\u011bl invalida Rudolf \u010cerm\u00e1k z <a class=\"mh-excerpt-more\" href=\"https:\/\/www.invarena.cz\/?p=16524\" title=\"Invalida z\u00edskal zp\u00e1tky d\u00e1vky odebran\u00e9 \u00fa\u0159ady\">[&#8230;]<\/a><\/p>\n<\/div>","protected":false},"author":1,"featured_media":7976,"comment_status":"open","ping_status":"closed","sticky":false,"template":"","format":"standard","meta":{"footnotes":""},"categories":[9],"tags":[],"class_list":["post-16524","post","type-post","status-publish","format-standard","has-post-thumbnail","hentry","category-zpravy"],"_links":{"self":[{"href":"https:\/\/www.invarena.cz\/index.php?rest_route=\/wp\/v2\/posts\/16524","targetHints":{"allow":["GET"]}}],"collection":[{"href":"https:\/\/www.invarena.cz\/index.php?rest_route=\/wp\/v2\/posts"}],"about":[{"href":"https:\/\/www.invarena.cz\/index.php?rest_route=\/wp\/v2\/types\/post"}],"author":[{"embeddable":true,"href":"https:\/\/www.invarena.cz\/index.php?rest_route=\/wp\/v2\/users\/1"}],"replies":[{"embeddable":true,"href":"https:\/\/www.invarena.cz\/index.php?rest_route=%2Fwp%2Fv2%2Fcomments&post=16524"}],"version-history":[{"count":0,"href":"https:\/\/www.invarena.cz\/index.php?rest_route=\/wp\/v2\/posts\/16524\/revisions"}],"wp:featuredmedia":[{"embeddable":true,"href":"https:\/\/www.invarena.cz\/index.php?rest_route=\/wp\/v2\/media\/7976"}],"wp:attachment":[{"href":"https:\/\/www.invarena.cz\/index.php?rest_route=%2Fwp%2Fv2%2Fmedia&parent=16524"}],"wp:term":[{"taxonomy":"category","embeddable":true,"href":"https:\/\/www.invarena.cz\/index.php?rest_route=%2Fwp%2Fv2%2Fcategories&post=16524"},{"taxonomy":"post_tag","embeddable":true,"href":"https:\/\/www.invarena.cz\/index.php?rest_route=%2Fwp%2Fv2%2Ftags&post=16524"}],"curies":[{"name":"wp","href":"https:\/\/api.w.org\/{rel}","templated":true}]}}