{"id":16582,"date":"2014-06-20T10:40:12","date_gmt":"2014-06-20T08:40:12","guid":{"rendered":"http:\/\/www.invarena.cz\/?p=16582"},"modified":"2014-06-20T12:27:45","modified_gmt":"2014-06-20T10:27:45","slug":"us-dal-zene-sanci-na-vyssi-odskodneni-za-nasledky-zpusobene-lekem","status":"publish","type":"post","link":"https:\/\/www.invarena.cz\/?p=16582","title":{"rendered":"\u00daS dal \u017een\u011b \u0161anci na vy\u0161\u0161\u00ed od\u0161kodn\u011bn\u00ed za n\u00e1sledky zp\u016fsoben\u00e9 l\u00e9kem"},"content":{"rendered":"<p><strong>\u00dastavn\u00ed soud otev\u0159el cestu k vy\u0161\u0161\u00edmu od\u0161kodn\u011bn\u00ed \u017eeny, jej\u00ed\u017e zdrav\u00ed t\u011b\u017ece poznamenal l\u00e9k p\u0159edepsan\u00fd v roce 1975. Sou\u010dasn\u00e1 justice j\u00ed v procesu pln\u00e9m zvrat\u016f p\u0159iznala pouze 500 tis\u00edc korun od M\u0106 Praha 10, kter\u00e1 je pr\u00e1vn\u00edm n\u00e1stupcem n\u011bkdej\u0161\u00edho O\u00daNZ.<\/strong> <!--more--><\/p>\n<p>\u00daS na\u0159\u00eddil nov\u00e9 projedn\u00e1n\u00ed \u017ealoby u soudu prvn\u00edho stupn\u011b. P\u0159iznanou sumu ozna\u010dil za nep\u0159im\u011b\u0159enou, ale konkr\u00e9tn\u00ed doporu\u010den\u00ed nedal.<\/p>\n<p>Advok\u00e1tka Marie Cil\u00ednkov\u00e1 verdikt p\u0159iv\u00edtala, jej\u00ed klientce, matce t\u0159\u00ed d\u011bt\u00ed, pr\u00fd d\u00e1 alespo\u0148 nad\u011bji do dal\u0161\u00edho \u017eivota. &#8222;Jej\u00ed sou\u010dasn\u00fd zdravotn\u00ed stav je skute\u010dn\u011b strastipln\u00fd po v\u0161ech str\u00e1nk\u00e1ch,&#8220; \u0159ekla Cil\u00ednkov\u00e1. \u017dena \u010derp\u00e1 invalidn\u00ed d\u016fchod, \u017eije st\u0159\u00eddav\u011b v \u010cesku a N\u011bmecku. Pen\u00edze z od\u0161kodn\u011bn\u00ed by pr\u00fd pou\u017eila na l\u00e9ky a pe\u010dovatelskou slu\u017ebu.<\/p>\n<p>P\u0159\u00ed\u010dinou probl\u00e9m\u016f je takzvan\u00fd Lyell\u016fv syndrom neboli syndrom opa\u0159en\u00e9 k\u016f\u017ee, kter\u00fd se u tehdy \u010dty\u0159let\u00e9 d\u00edvky vyvinul v reakci na nedostate\u010dn\u011b otestovan\u00e9 antibiotikum. Syndrom m\u00e1 trval\u00e9 a t\u011b\u017ek\u00e9 n\u00e1sledky, po\u0161kodil k\u016f\u017ei, sliznice, n\u011bkter\u00e9 vnit\u0159n\u00ed org\u00e1ny a zrak. &#8222;Byly \u010dty\u0159i p\u0159\u00edpady &#8211; t\u0159i zem\u0159eli, ji jako \u010dty\u0159letou zachr\u00e1nili. Rok byla po nemocnic\u00edch, pe\u010dovali o ni nejv\u00fdznamn\u011bj\u0161\u00ed \u010de\u0161t\u00ed l\u00e9ka\u0159i,&#8220; \u0159ekla Cil\u00ednkov\u00e1.<\/p>\n<p>Od\u0161kodn\u011bn\u00ed \u017eena z\u00edskala ji\u017e za minul\u00e9ho re\u017eimu, v roce 2003 v\u0161ak kv\u016fli dal\u0161\u00edmu prudk\u00e9mu zhor\u0161en\u00ed zdravotn\u00edho stavu podala novou \u017ealobu. Obvodn\u00ed soud pro Prahu 10 j\u00ed nejprve v roce 2008 p\u0159iznal jednor\u00e1zovou n\u00e1hradu 4,1 milionu korun a m\u011bs\u00ed\u010dn\u00ed rentu 18.193 korun. Po z\u00e1saz\u00edch odvolac\u00edho M\u011bstsk\u00e9ho soudu v Praze a Nejvy\u0161\u0161\u00edho soudu nakonec v roce 2013 padl verdikt, kter\u00fd \u017een\u011b p\u0159iznal pouze 500.000 korun.<\/p>\n<p>D\u016fvodem sn\u00ed\u017een\u00ed byl argument, \u017ee n\u00e1rok je v \u010d\u00e1sti, kter\u00e1 se t\u00fdk\u00e1 zt\u00ed\u017een\u00ed spole\u010densk\u00e9ho uplatn\u011bn\u00ed, proml\u010den\u00fd. \u017dena toti\u017e n\u00e1rok v \u017ealob\u011b zprvu nekonkretizovala a teprve pozd\u011bji jej up\u0159esnila. \u00dastavn\u00ed soudci s t\u00edmto z\u00e1v\u011brem nesouhlas\u00ed. &#8222;Konkretizace t\u00e9 v\u00fd\u0161e nen\u00ed nov\u00fdm n\u00e1vrhem, kter\u00fd by se proml\u010doval. Posta\u010d\u00ed p\u016fvodn\u00ed, obecn\u00e9 tvrzen\u00ed v \u017ealob\u011b, kter\u00e9 je pak v \u0159\u00edzen\u00ed uplat\u0148ov\u00e1no,&#8220; uvedla p\u0159edsedkyn\u011b sen\u00e1tu Kate\u0159ina \u0160im\u00e1\u010dkov\u00e1.<\/p>\n<p>\u00dastavn\u00ed soudci tak\u00e9 stanovili, \u017ee i kdy\u017e po\u0161kozen\u00ed nastalo v d\u011btsk\u00e9m v\u011bku, lze odhadnout a \u017een\u011b p\u0159iznat ztr\u00e1tu na v\u00fdd\u011blku, jeho\u017e by dos\u00e1hla p\u0159i pln\u00e9m zdrav\u00ed. Nakonec soud zopakoval, \u017ee n\u00e1rok na n\u00e1hradu l\u00e9\u010debn\u00fdch n\u00e1klad\u016f lze p\u0159iznat i v situaci, kdy p\u00e9\u010di o nemocn\u00e9ho neposkytuje profesion\u00e1l, ale rodina.<\/p>\n<p>\u00daS i advok\u00e1tka zkritizovaly zvl\u00e1\u0161t\u011b Nejvy\u0161\u0161\u00ed soud. &#8222;Mn\u011b to p\u0159ipadalo a\u017e jako arogance k takov\u00e9 trag\u00e9dii,&#8220; \u0159ekla Cil\u00ednkov\u00e1.<\/p>\n","protected":false},"excerpt":{"rendered":"<div class=\"mh-excerpt\"><p>\u00dastavn\u00ed soud otev\u0159el cestu k vy\u0161\u0161\u00edmu od\u0161kodn\u011bn\u00ed \u017eeny, jej\u00ed\u017e zdrav\u00ed t\u011b\u017ece poznamenal l\u00e9k p\u0159edepsan\u00fd v roce 1975. Sou\u010dasn\u00e1 justice j\u00ed v procesu pln\u00e9m zvrat\u016f p\u0159iznala <a class=\"mh-excerpt-more\" href=\"https:\/\/www.invarena.cz\/?p=16582\" title=\"\u00daS dal \u017een\u011b \u0161anci na vy\u0161\u0161\u00ed od\u0161kodn\u011bn\u00ed za n\u00e1sledky zp\u016fsoben\u00e9 l\u00e9kem\">[&#8230;]<\/a><\/p>\n<\/div>","protected":false},"author":1,"featured_media":15745,"comment_status":"open","ping_status":"closed","sticky":false,"template":"","format":"standard","meta":{"footnotes":""},"categories":[7],"tags":[],"class_list":["post-16582","post","type-post","status-publish","format-standard","has-post-thumbnail","hentry","category-spolecnost"],"_links":{"self":[{"href":"https:\/\/www.invarena.cz\/index.php?rest_route=\/wp\/v2\/posts\/16582","targetHints":{"allow":["GET"]}}],"collection":[{"href":"https:\/\/www.invarena.cz\/index.php?rest_route=\/wp\/v2\/posts"}],"about":[{"href":"https:\/\/www.invarena.cz\/index.php?rest_route=\/wp\/v2\/types\/post"}],"author":[{"embeddable":true,"href":"https:\/\/www.invarena.cz\/index.php?rest_route=\/wp\/v2\/users\/1"}],"replies":[{"embeddable":true,"href":"https:\/\/www.invarena.cz\/index.php?rest_route=%2Fwp%2Fv2%2Fcomments&post=16582"}],"version-history":[{"count":0,"href":"https:\/\/www.invarena.cz\/index.php?rest_route=\/wp\/v2\/posts\/16582\/revisions"}],"wp:featuredmedia":[{"embeddable":true,"href":"https:\/\/www.invarena.cz\/index.php?rest_route=\/wp\/v2\/media\/15745"}],"wp:attachment":[{"href":"https:\/\/www.invarena.cz\/index.php?rest_route=%2Fwp%2Fv2%2Fmedia&parent=16582"}],"wp:term":[{"taxonomy":"category","embeddable":true,"href":"https:\/\/www.invarena.cz\/index.php?rest_route=%2Fwp%2Fv2%2Fcategories&post=16582"},{"taxonomy":"post_tag","embeddable":true,"href":"https:\/\/www.invarena.cz\/index.php?rest_route=%2Fwp%2Fv2%2Ftags&post=16582"}],"curies":[{"name":"wp","href":"https:\/\/api.w.org\/{rel}","templated":true}]}}