{"id":16605,"date":"2014-06-24T16:13:52","date_gmt":"2014-06-24T14:13:52","guid":{"rendered":"http:\/\/www.invarena.cz\/?p=16605"},"modified":"2014-06-24T16:14:03","modified_gmt":"2014-06-24T14:14:03","slug":"ve-francii-se-schyluje-k-ukonceni-zivota-ochrnuteho-muze","status":"publish","type":"post","link":"https:\/\/www.invarena.cz\/?p=16605","title":{"rendered":"Ve Francii se schyluje k ukon\u010den\u00ed \u017eivota ochrnut\u00e9ho mu\u017ee"},"content":{"rendered":"<p><strong>\u00a0Francouzsk\u00e1 justice z\u0159ejm\u011b u\u017e brzy rozhodne, zda se m\u00e1, \u010di nem\u00e1 nechat zem\u0159\u00edt dev\u011btat\u0159icetilet\u00fd tetraplegik Vincent Lambert, kter\u00e9ho \u0161est let udr\u017euj\u00ed p\u0159i \u017eivot\u011b jen p\u0159\u00edstroje.<\/strong> <!--more--><\/p>\n<p>Ve\u0159ejn\u00fd zpravodajce St\u00e1tn\u00ed rady, kter\u00e1 je nejvy\u0161\u0161\u00ed instanc\u00ed spr\u00e1vn\u00edho soudnictv\u00ed ve Francii, se dnes vyj\u00e1d\u0159il pro jejich vypnut\u00ed. Jeho doporu\u010den\u00ed pat\u0159\u00ed soudc\u016fm St\u00e1tn\u00ed rady, kte\u0159\u00ed o p\u0159\u00edpadu definitivn\u011b rozhodnou 24. \u010dervna a ji\u017e v \u00fanoru nazna\u010dili, \u017ee by se \u017eivot Lamberta mohl ukon\u010dit.<\/p>\n<p>Proti odpojen\u00ed od p\u0159\u00edstroj\u016f bojuj\u00ed soudn\u00ed cestou Lambertovi katoli\u010dt\u00ed rodi\u010de a sourozenci, zat\u00edmco jeho man\u017eelka a l\u00e9ka\u0159i naopak usiluj\u00ed o zastaven\u00ed p\u00e9\u010de. Dne\u0161n\u00ed v\u00fdrok zpravodaje, s jeho\u017e doporu\u010den\u00edm se soudci zpravidla ztoto\u017e\u0148uj\u00ed, je podle m\u00edstn\u00edch koment\u00e1\u0159\u016f dobrou zpr\u00e1vou pro ty, kte\u0159\u00ed cht\u011bj\u00ed ve Francii zav\u00e9st eutanazii.<br \/>\nExpert\u00edzy, kter\u00e9 si vy\u017e\u00e1dala v \u00fanoru St\u00e1tn\u00ed rada, uk\u00e1zaly, \u017ee Lambert je v takzvan\u00e9m vegetativn\u00edm stavu a v\u016fbec nevn\u00edm\u00e1. &#8222;L\u00e9\u010dba neslou\u017e\u00ed ni\u010demu jin\u00e9mu, ne\u017e aby byl um\u011ble udr\u017eov\u00e1n ve stavu, kdy je odtr\u017een od sv\u011bta,&#8220; vysv\u011btil sv\u00e9 doporu\u010den\u00ed nez\u00e1visl\u00fd ve\u0159ejn\u00fd zpravodajce St\u00e1tn\u00ed rady R\u00e9mi Keller, jeho\u017e \u00fakolem ze z\u00e1kona je posuzovat p\u0159\u00edpady sv\u011b\u0159en\u00e9 rad\u011b a p\u0159edkl\u00e1dat jej\u00edm 17 soudc\u016fm sv\u00e9 z\u00e1v\u011bry.<br \/>\nLambert je po automobilov\u00e9 nehod\u011b od roku 2008 ve vegetativn\u00edm stavu v nemocnici v Reme\u0161i. L\u00e9ka\u0159i nemocnice a Lambertova man\u017eelka se loni rozhodli, \u017ee ho odpoj\u00ed od p\u0159\u00edstroj\u016f. A to po konzultaci s kolegiem sedmi l\u00e9ka\u0159\u016f. Z nich byl proti jen jeden l\u00e9ka\u0159, kter\u00e9ho do kolegia doporu\u010dili Lambertovi rodi\u010de. Ti jsou jako katol\u00edci proti pasivn\u00ed eutanazii jejich syna a proti rozhodnut\u00ed nemocnice se odvolali. V lednu jim spr\u00e1vn\u00ed soud dal za pravdu. Proti jeho verdiktu se ke St\u00e1tn\u00ed rad\u011b odvolala Lambertova man\u017eelka a reme\u0161sk\u00e1 nemocnice.<br \/>\nFrancouzsk\u00fd z\u00e1kon z roku 2005 zakazuje aktivn\u00ed eutanazii, ale doporu\u010duje paliativn\u00ed l\u00e9\u010dbu a sou\u010dasn\u011b se vyslovuje u pacient\u016f na konci \u017eivota proti &#8222;nerozumn\u00e9&#8220; l\u00e9\u010db\u011b za ka\u017edou cenu.<br \/>\nSt\u00e1tn\u00ed rada ji\u017e v \u00fanoru usoudila, \u017ee z\u00e1kon se m\u016f\u017ee uplat\u0148ovat i u v\u00e1\u017en\u011b posti\u017een\u00fdch pacient\u016f, kte\u0159\u00ed p\u0159itom jako Vincent Lambert nejsou na konci \u017eivota.<br \/>\nPrezident Fran\u00e7ois Hollande se za\u010d\u00e1tkem roku vyslovil pro p\u0159ijet\u00ed nov\u00e9ho z\u00e1kona, kter\u00fd by umo\u017e\u0148oval nevyl\u00e9\u010diteln\u011b nemocn\u00fdm &#8222;ukon\u010dit d\u016fstojn\u011b sv\u016fj \u017eivot&#8220;.<\/p>\n","protected":false},"excerpt":{"rendered":"<div class=\"mh-excerpt\"><p>\u00a0Francouzsk\u00e1 justice z\u0159ejm\u011b u\u017e brzy rozhodne, zda se m\u00e1, \u010di nem\u00e1 nechat zem\u0159\u00edt dev\u011btat\u0159icetilet\u00fd tetraplegik Vincent Lambert, kter\u00e9ho \u0161est let udr\u017euj\u00ed p\u0159i \u017eivot\u011b jen p\u0159\u00edstroje.<\/p>\n<\/div>","protected":false},"author":1,"featured_media":0,"comment_status":"open","ping_status":"closed","sticky":false,"template":"","format":"standard","meta":{"footnotes":""},"categories":[9],"tags":[],"class_list":["post-16605","post","type-post","status-publish","format-standard","hentry","category-zpravy"],"_links":{"self":[{"href":"https:\/\/www.invarena.cz\/index.php?rest_route=\/wp\/v2\/posts\/16605","targetHints":{"allow":["GET"]}}],"collection":[{"href":"https:\/\/www.invarena.cz\/index.php?rest_route=\/wp\/v2\/posts"}],"about":[{"href":"https:\/\/www.invarena.cz\/index.php?rest_route=\/wp\/v2\/types\/post"}],"author":[{"embeddable":true,"href":"https:\/\/www.invarena.cz\/index.php?rest_route=\/wp\/v2\/users\/1"}],"replies":[{"embeddable":true,"href":"https:\/\/www.invarena.cz\/index.php?rest_route=%2Fwp%2Fv2%2Fcomments&post=16605"}],"version-history":[{"count":0,"href":"https:\/\/www.invarena.cz\/index.php?rest_route=\/wp\/v2\/posts\/16605\/revisions"}],"wp:attachment":[{"href":"https:\/\/www.invarena.cz\/index.php?rest_route=%2Fwp%2Fv2%2Fmedia&parent=16605"}],"wp:term":[{"taxonomy":"category","embeddable":true,"href":"https:\/\/www.invarena.cz\/index.php?rest_route=%2Fwp%2Fv2%2Fcategories&post=16605"},{"taxonomy":"post_tag","embeddable":true,"href":"https:\/\/www.invarena.cz\/index.php?rest_route=%2Fwp%2Fv2%2Ftags&post=16605"}],"curies":[{"name":"wp","href":"https:\/\/api.w.org\/{rel}","templated":true}]}}