{"id":16656,"date":"2014-06-26T12:14:31","date_gmt":"2014-06-26T10:14:31","guid":{"rendered":"http:\/\/www.invarena.cz\/?p=16656"},"modified":"2014-06-26T13:22:39","modified_gmt":"2014-06-26T11:22:39","slug":"evropsti-soudci-zacinaji-podporovat-eutanazii","status":"publish","type":"post","link":"https:\/\/www.invarena.cz\/?p=16656","title":{"rendered":"Evrop\u0161t\u00ed soudci za\u010d\u00ednaj\u00ed podporovat eutanazii"},"content":{"rendered":"<p><strong>Soudy v Brit\u00e1nii a ve Francii dnes vydaly d\u016fle\u017eit\u00e9 verdikty, kter\u00e9 se t\u00fdkaj\u00ed asistovan\u00e9 sebevra\u017edy a pr\u00e1va na d\u016fstojn\u00e9 ukon\u010den\u00ed \u017eivota nevyl\u00e9\u010diteln\u011b nemocn\u00fdch. Sm\u011b\u0159uj\u00ed ve prosp\u011bch zast\u00e1nc\u016f eutanazie.<\/strong><!--more--><\/p>\n<p>V <strong>Lond\u00fdn\u011b<\/strong> nejvy\u0161\u0161\u00ed soud nevyhov\u011bl dv\u011bma ochrnut\u00fdm, kte\u0159\u00ed cht\u011bli zm\u011bnit z\u00e1kon tak, aby l\u00e9ka\u0159i neporu\u0161ovali z\u00e1kon, kdy\u017e jim na jejich \u017e\u00e1dost pomohou zem\u0159\u00edt. Navrhl v\u0161ak parlamentu, aby legislativu zrevidoval, proto\u017ee podle n\u011bj je sou\u010dasn\u00e1 praxe v rozporu se z\u00e1kladn\u00edmi lidsk\u00fdmi pr\u00e1vy.<\/p>\n<p>Ve <strong>Francii<\/strong> soud zprostil viny l\u00e9ka\u0159e, kter\u00fd byl ob\u017ealov\u00e1n, \u017ee pomoc\u00ed medikament\u016f usmrtil sedm pacient\u016f v nemocnici v Bayonne.<\/p>\n<p><strong>Britsk\u00fd verdikt<\/strong> se t\u00fdkal Paula Lamba a zesnul\u00e9ho Tonyho Nicklinsona, kter\u00e9ho u soudu zastupovala vdova Jane Nicklinsonov\u00e1. Oba cht\u011bli, aby zem\u011b zm\u011bnila z\u00e1kony, kter\u00e9 kriminalizuj\u00ed l\u00e9ka\u0159e v p\u0159\u00edpad\u011b, \u017ee vyhov\u00ed \u017e\u00e1dosti sv\u00fdch pacient\u016f a pomohou jim s ukon\u010den\u00edm \u017eivota. St\u011b\u017eovatel\u00e9 neusp\u011bli, verdikt ale nakonec p\u0159esto m\u016f\u017ee nakonec p\u0159in\u00e9st p\u0159evratnou zm\u011bnu britsk\u00e9ho pr\u00e1va. Soudci toti\u017e navrhli parlamentu, aby z\u00e1kony zrevidoval, proto\u017ee podle nich jsou v rozporu se z\u00e1kladn\u00edmi lidsk\u00fdmi pr\u00e1vy, kter\u00e9 zaru\u010duje Evropsk\u00e1 \u00famluva o ochran\u011b lidsk\u00fdch pr\u00e1v.<\/p>\n<p>Lamb je po autonehod\u011b u\u017e 20 let ochrnut\u00fd od krku dol\u016f a tvrd\u00ed, \u017ee trp\u00ed neust\u00e1l\u00fdmi bolestmi. Nicklinson ochrnul v roce 2005 po mrtvici. Kdy\u017e prohr\u00e1l p\u0159edchoz\u00ed soud o pr\u00e1vo na ukon\u010den\u00ed \u017eivota, odm\u00edtl p\u0159ij\u00edmat potravu a loni zem\u0159el.<\/p>\n<p><strong>Francouzsk\u00fd soud<\/strong> dnes zprostil viny 53let\u00e9ho l\u00e9ka\u0159e Nicolas Bonnemaisona, kter\u00fd byl ob\u017ealov\u00e1n z usmrcen\u00ed sedmi nevyl\u00e9\u010diteln\u011b nemocn\u00fdch pacient\u016f pomoc\u00ed injekc\u00ed se siln\u00fdmi medikamenty. V l\u00e9ka\u0159\u016fv prosp\u011bch sv\u011bd\u010dilo n\u011bkolik p\u0159\u00edbuzn\u00fdch zesnul\u00fdch a petici za jeho osvobozen\u00ed podepsalo 66.000 lid\u00ed.<\/p>\n<p>O eutanazii, kter\u00e1 je zat\u00edm ve Francii nez\u00e1konn\u00e1, se hovo\u0159ilo i v souvislosti s p\u0159\u00edpadem tetraplegika Vincenta Lamberta, kter\u00fd je u\u017e n\u011bkolik let v takzvan\u00e9m vegetativn\u00edm stavu a nevn\u00edm\u00e1. Francouzsk\u00fd nejvy\u0161\u0161\u00ed spr\u00e1vn\u00ed soud se sice v \u00fater\u00fd vyslovil pro odpojen\u00ed ochrnut\u00e9ho mu\u017ee od p\u0159\u00edstroj\u016f, kter\u00e9 ho udr\u017euj\u00ed p\u0159i \u017eivot\u011b, rozhodnut\u00ed ale vz\u00e1p\u011bt\u00ed zvr\u00e1til Evropsk\u00fd soud pro lidsk\u00e1 pr\u00e1va. Ten Francii na\u0159\u00eddil mu\u017ee neodpojovat od p\u0159\u00edstroj\u016f, dokud p\u0159\u00edpad neprojedn\u00e1.<\/p>\n<p>Proti odpojen\u00ed od p\u0159\u00edstroj\u016f bojuj\u00ed soudn\u00ed cestou Lambertovi katoli\u010dt\u00ed rodi\u010de a sourozenci. Naopak man\u017eelka ochrnut\u00e9ho mu\u017ee a l\u00e9ka\u0159i usiluj\u00ed o zastaven\u00ed p\u00e9\u010de.<\/p>\n<p>Prezident Fran\u00e7ois Hollande se za\u010d\u00e1tkem roku vyslovil pro p\u0159ijet\u00ed nov\u00e9ho z\u00e1kona, kter\u00fd by umo\u017e\u0148oval nevyl\u00e9\u010diteln\u011b nemocn\u00fdm &#8222;ukon\u010dit d\u016fstojn\u011b sv\u016fj \u017eivot&#8220;. Vl\u00e1da nyn\u00ed pov\u011b\u0159ila t\u00fdm poslanc\u016f, aby do konce roku navrhl \u00fapravy z\u00e1kona z roku 2005, kter\u00fd je podle n\u00ed m\u00e1lo zn\u00e1m\u00fd, \u0161patn\u011b pochopen\u00fd a nespr\u00e1vn\u011b aplikovan\u00fd.<\/p>\n<p>Eutanazie je nyn\u00ed leg\u00e1ln\u00ed v Nizozemsku, Belgii a Lucembursku.<\/p>\n<p>ilustra\u010dn\u00ed foto: PhotoRack<\/p>\n","protected":false},"excerpt":{"rendered":"<div class=\"mh-excerpt\"><p>Soudy v Brit\u00e1nii a ve Francii dnes vydaly d\u016fle\u017eit\u00e9 verdikty, kter\u00e9 se t\u00fdkaj\u00ed asistovan\u00e9 sebevra\u017edy a pr\u00e1va na d\u016fstojn\u00e9 ukon\u010den\u00ed \u017eivota nevyl\u00e9\u010diteln\u011b nemocn\u00fdch. Sm\u011b\u0159uj\u00ed ve <a class=\"mh-excerpt-more\" href=\"https:\/\/www.invarena.cz\/?p=16656\" title=\"Evrop\u0161t\u00ed soudci za\u010d\u00ednaj\u00ed podporovat eutanazii\">[&#8230;]<\/a><\/p>\n<\/div>","protected":false},"author":1,"featured_media":14574,"comment_status":"open","ping_status":"closed","sticky":false,"template":"","format":"standard","meta":{"footnotes":""},"categories":[7,9],"tags":[],"class_list":["post-16656","post","type-post","status-publish","format-standard","has-post-thumbnail","hentry","category-spolecnost","category-zpravy"],"_links":{"self":[{"href":"https:\/\/www.invarena.cz\/index.php?rest_route=\/wp\/v2\/posts\/16656","targetHints":{"allow":["GET"]}}],"collection":[{"href":"https:\/\/www.invarena.cz\/index.php?rest_route=\/wp\/v2\/posts"}],"about":[{"href":"https:\/\/www.invarena.cz\/index.php?rest_route=\/wp\/v2\/types\/post"}],"author":[{"embeddable":true,"href":"https:\/\/www.invarena.cz\/index.php?rest_route=\/wp\/v2\/users\/1"}],"replies":[{"embeddable":true,"href":"https:\/\/www.invarena.cz\/index.php?rest_route=%2Fwp%2Fv2%2Fcomments&post=16656"}],"version-history":[{"count":0,"href":"https:\/\/www.invarena.cz\/index.php?rest_route=\/wp\/v2\/posts\/16656\/revisions"}],"wp:featuredmedia":[{"embeddable":true,"href":"https:\/\/www.invarena.cz\/index.php?rest_route=\/wp\/v2\/media\/14574"}],"wp:attachment":[{"href":"https:\/\/www.invarena.cz\/index.php?rest_route=%2Fwp%2Fv2%2Fmedia&parent=16656"}],"wp:term":[{"taxonomy":"category","embeddable":true,"href":"https:\/\/www.invarena.cz\/index.php?rest_route=%2Fwp%2Fv2%2Fcategories&post=16656"},{"taxonomy":"post_tag","embeddable":true,"href":"https:\/\/www.invarena.cz\/index.php?rest_route=%2Fwp%2Fv2%2Ftags&post=16656"}],"curies":[{"name":"wp","href":"https:\/\/api.w.org\/{rel}","templated":true}]}}