{"id":16665,"date":"2014-06-26T13:43:24","date_gmt":"2014-06-26T11:43:24","guid":{"rendered":"http:\/\/www.invarena.cz\/?p=16665"},"modified":"2014-06-26T13:45:45","modified_gmt":"2014-06-26T11:45:45","slug":"pacienti-ziskali-noveho-zastance-vzp","status":"publish","type":"post","link":"https:\/\/www.invarena.cz\/?p=16665","title":{"rendered":"Pacienti z\u00edskali nov\u00e9ho zast\u00e1nce&#8230;.. VZP"},"content":{"rendered":"<p><strong>V\u0161eobecn\u00e1 zdravotn\u00ed poji\u0161\u0165ovna a obecn\u011b prosp\u011b\u0161n\u00e1 spole\u010dnost Koalice pro zdrav\u00ed se dohodly na zalo\u017een\u00ed Pacientsk\u00e9 rady VZP. Je to poprv\u00e9 v\u00a0historii, kdy n\u011bkter\u00e1 zdravotn\u00ed poji\u0161\u0165ovna v\u00a0\u010cesku vytvo\u0159ila ofici\u00e1ln\u00ed f\u00f3rum pro spolupr\u00e1ci s\u00a0pacientsk\u00fdmi organizacemi. <\/strong><!--more--><\/p>\n<p><strong>Nejen klienti VZP d\u00edky tomu z\u00edskaj\u00ed siln\u00e9ho zast\u00e1nce, d\u00edky kter\u00e9mu budou moci p\u0159edn\u00e1\u0161et a \u0159e\u0161it sv\u00e9 podn\u011bty a probl\u00e9my p\u0159\u00edmo na p\u016fd\u011b nejv\u011bt\u0161\u00ed a\u00a0nejspolehliv\u011bj\u0161\u00ed zdravotn\u00ed poji\u0161\u0165ovny. <\/strong><\/p>\n<p>tiskov\u00e1 zpr\u00e1va<\/p>\n<p>S\u00a0my\u0161lenkou na z\u0159\u00edzen\u00ed Pacientsk\u00e9 rady p\u0159i\u0161la obecn\u011b prosp\u011b\u0161n\u00e1 spole\u010dnost Koalice pro zdrav\u00ed. Ta funguje od roku 2004 a zast\u0159e\u0161uje bezm\u00e1la stovku pacientsk\u00fdch organizac\u00ed. \u201eSna\u017e\u00edme se o vytvo\u0159en\u00ed platformy, na kter\u00e9 je mo\u017en\u00e9 v\u00e9st dialog nejen mezi jednotliv\u00fdmi skupinami pacient\u016f, ale i s\u00a0t\u011bmi, kdo zdravotn\u00ed p\u00e9\u010di poskytuj\u00ed, organizuj\u00ed a financuj\u00ed.<\/p>\n<p>C\u00edlem je pom\u00e1hat \u0159e\u0161it probl\u00e9my a je\u0161t\u011b l\u00e9pe probl\u00e9m\u016fm p\u0159edch\u00e1zet. Jsme r\u00e1di, \u017ee VZP jako nejv\u011bt\u0161\u00ed zdravotn\u00ed poji\u0161\u0165ovna se chce prost\u0159ednictv\u00edm Pacientsk\u00e9 rady na tomto s\u00a0n\u00e1mi pod\u00edlet. Jde o\u00a0rozumn\u00fd a prosp\u011b\u0161n\u00fd koncept,\u201c uvedla p\u0159edsedkyn\u011b Koalice pro zdrav\u00ed Jana Petrenko.<\/p>\n<p>Slo\u017een\u00ed Pacientsk\u00e9 rady VZP nen\u00ed pevn\u011b dan\u00e9 \u2013 jej\u00edho jedn\u00e1n\u00ed se krom\u011b Jany Petrenko a\u00a0z\u00e1stupc\u016f VZP z\u00fa\u010dastn\u00ed v\u017edy p\u0159edstavitel\u00e9 t\u011bch pacientsk\u00fdch organizac\u00ed, jich\u017e se bude t\u00fdkat projedn\u00e1van\u00e1 problematika. Podobn\u00fd model ji\u017e funguje na ministerstvu zdravotnictv\u00ed. Program jedn\u00e1n\u00ed bude p\u0159itom d\u00e1n t\u00edm, s\u00a0jak\u00fdmi probl\u00e9my se budou pacientsk\u00e9 organizace na Koalici pro zdrav\u00ed obracet. Pr\u00e1v\u011b tyto organizace maj\u00ed toti\u017e p\u0159ehled o tom, s\u00a0\u010d\u00edm se pot\u00fdkaj\u00ed pacienti s\u00a0p\u0159\u00edslu\u0161n\u00fdmi diagn\u00f3zami, jejich bl\u00edzc\u00ed a okol\u00ed.<\/p>\n<p>&nbsp;<\/p>\n<p>\u201ePro VZP bude p\u0159\u00ednosn\u00e9, \u017ee bude jednat nejen s\u00a0poskytovateli p\u00e9\u010de, ale i se z\u00e1stupci klient\u016f a\u00a0pacient\u016f. Umo\u017en\u00ed n\u00e1m to pod\u00edvat se na \u0159adu probl\u00e9m\u016f z\u00a0jin\u00e9ho \u00fahlu. Nepochybn\u011b p\u016fjde i\u00a0o\u00a0zdroj podn\u011bt\u016f pro konkr\u00e9tn\u011b zac\u00edlen\u00e9 revize, ale i o f\u00f3rum, ze kter\u00e9ho mohou vzej\u00edt u\u017eite\u010dn\u00e9 n\u00e1m\u011bty na zlep\u0161en\u00ed sou\u010dasn\u00e9 legislativy,\u201c \u0159ekl n\u00e1m\u011bstek \u0159editele VZP Petr Hon\u011bk.<\/p>\n<p>&nbsp;<\/p>\n<p>Prvn\u00ed jedn\u00e1n\u00ed Pacientsk\u00e9 rady se uskute\u010dnilo za\u010d\u00e1tkem tohoto t\u00fddne. Na zhruba 90 minut trvaj\u00edc\u00ed sch\u016fzce se \u0159e\u0161ilo nap\u0159\u00edklad p\u0159edepisov\u00e1n\u00ed nejr\u016fzn\u011bj\u0161\u00edch zdravotnick\u00fdch prost\u0159edk\u016f, \u00fadajn\u011b dlouh\u00e9 \u010dek\u00e1n\u00ed na n\u011bkter\u00e9 speci\u00e1ln\u00ed v\u00fdkony, ale t\u0159eba i probl\u00e9m konkr\u00e9tn\u00ed pacientky s\u00a0\u00fahradou pobytu v\u00a0jednom z\u00a0pra\u017esk\u00fdch hospic\u016f. V\u0161emi podn\u011bty se VZP bude nad\u00e1le d\u016fkladn\u011b zab\u00fdvat.<\/p>\n<p>&nbsp;<\/p>\n<p><strong>Mgr. Old\u0159ich Tich\u00fd<\/strong><\/p>\n<p>vedouc\u00ed tiskov\u00e9ho odd\u011blen\u00ed a tiskov\u00fd mluv\u010d\u00ed<\/p>\n<p>ilustra\u010dn\u00ed foto: zimurg \/ sxc.hu<\/p>\n","protected":false},"excerpt":{"rendered":"<div class=\"mh-excerpt\"><p>V\u0161eobecn\u00e1 zdravotn\u00ed poji\u0161\u0165ovna a obecn\u011b prosp\u011b\u0161n\u00e1 spole\u010dnost Koalice pro zdrav\u00ed se dohodly na zalo\u017een\u00ed Pacientsk\u00e9 rady VZP. Je to poprv\u00e9 v\u00a0historii, kdy n\u011bkter\u00e1 zdravotn\u00ed poji\u0161\u0165ovna <a class=\"mh-excerpt-more\" href=\"https:\/\/www.invarena.cz\/?p=16665\" title=\"Pacienti z\u00edskali nov\u00e9ho zast\u00e1nce&#8230;.. VZP\">[&#8230;]<\/a><\/p>\n<\/div>","protected":false},"author":1,"featured_media":16664,"comment_status":"open","ping_status":"closed","sticky":false,"template":"","format":"standard","meta":{"footnotes":""},"categories":[7],"tags":[],"class_list":["post-16665","post","type-post","status-publish","format-standard","has-post-thumbnail","hentry","category-spolecnost"],"_links":{"self":[{"href":"https:\/\/www.invarena.cz\/index.php?rest_route=\/wp\/v2\/posts\/16665","targetHints":{"allow":["GET"]}}],"collection":[{"href":"https:\/\/www.invarena.cz\/index.php?rest_route=\/wp\/v2\/posts"}],"about":[{"href":"https:\/\/www.invarena.cz\/index.php?rest_route=\/wp\/v2\/types\/post"}],"author":[{"embeddable":true,"href":"https:\/\/www.invarena.cz\/index.php?rest_route=\/wp\/v2\/users\/1"}],"replies":[{"embeddable":true,"href":"https:\/\/www.invarena.cz\/index.php?rest_route=%2Fwp%2Fv2%2Fcomments&post=16665"}],"version-history":[{"count":0,"href":"https:\/\/www.invarena.cz\/index.php?rest_route=\/wp\/v2\/posts\/16665\/revisions"}],"wp:featuredmedia":[{"embeddable":true,"href":"https:\/\/www.invarena.cz\/index.php?rest_route=\/wp\/v2\/media\/16664"}],"wp:attachment":[{"href":"https:\/\/www.invarena.cz\/index.php?rest_route=%2Fwp%2Fv2%2Fmedia&parent=16665"}],"wp:term":[{"taxonomy":"category","embeddable":true,"href":"https:\/\/www.invarena.cz\/index.php?rest_route=%2Fwp%2Fv2%2Fcategories&post=16665"},{"taxonomy":"post_tag","embeddable":true,"href":"https:\/\/www.invarena.cz\/index.php?rest_route=%2Fwp%2Fv2%2Ftags&post=16665"}],"curies":[{"name":"wp","href":"https:\/\/api.w.org\/{rel}","templated":true}]}}