{"id":16669,"date":"2014-10-21T07:38:12","date_gmt":"2014-10-21T05:38:12","guid":{"rendered":"http:\/\/www.invarena.cz\/?p=16669"},"modified":"2014-10-21T07:38:33","modified_gmt":"2014-10-21T05:38:33","slug":"neslysici-deti-plavou-ve-studiu-motylek","status":"publish","type":"post","link":"https:\/\/www.invarena.cz\/?p=16669","title":{"rendered":"Nesly\u0161\u00edc\u00ed d\u011bti plavou ve Studiu Mot\u00fdlek"},"content":{"rendered":"<p><strong>Kurzy kojeneck\u00e9ho a d\u011btsk\u00e9ho plav\u00e1n\u00ed pro <span class=\"highlight\">nesly\u0161\u00edc\u00ed<\/span><!--K--> jsou nedostatkov\u00fdm zbo\u017e\u00edm&#8230;.<\/strong><!--more--><\/p>\n<p>C\u00edlem pohybov\u00fdch aktivit Studia Mot\u00fdlek je mimo jin\u00e9 nab\u00eddnout rodin\u00e1m sluchov\u011b <span class=\"highlight\">posti\u017een\u00fdch<\/span><!--K--> d\u011bt\u00ed podporu v situaci, kdy pot\u0159ebuj\u00ed zvl\u00e1dnout novou skute\u010dnost, na kterou nebyly p\u0159ipraveny.<\/p>\n<p>Tento c\u00edl se da\u0159\u00ed splnit. <span class=\"highlight\">Nesly\u0161\u00edc\u00edm<\/span><!--K--> d\u011btem se z vody nechce. Dovedou \u0161ikovn\u011b o\u0161\u00e1lit rodi\u010de nebo instruktory t\u0159eba t\u00edm, \u017ee oto\u010d\u00ed hlavu nebo zav\u0159ou o\u010di, a tak uniknou pokynu j\u00edt z vody ven. Instruktorky k <span class=\"highlight\">nesly\u0161\u00edc\u00edm<\/span><!--K--> d\u011btem p\u0159istupuj\u00ed s respektem a po\u010d\u00edtaj\u00ed s del\u0161\u00ed \u010dasovou rezervou na vysv\u011btlen\u00ed a osvojen\u00ed si r\u016fzn\u00fdch prvk\u016f plaveck\u00fdch dovednost\u00ed.<\/p>\n<p>&#8222;N\u00e1cvik sluchov\u00e9ho podm\u00edn\u011bn\u00e9ho reflexu zam\u011bn\u00edme za zrakov\u00fd nebo taktiln\u00ed. P\u0159i n\u00e1cviku pot\u00e1p\u011bn\u00ed vol\u00edme jinou variantu obvykl\u00e9ho postupu,&#8220; up\u0159es\u0148uje pr\u00e1ci s <span class=\"highlight\">nesly\u0161\u00edc\u00edmi<\/span><!--K--> d\u011btmi Bc. Michaela Pathyov\u00e1, majitelka studia.<\/p>\n<p>Plav\u00e1n\u00ed pro <span class=\"highlight\">nesly\u0161\u00edc\u00ed<\/span><!--K--> d\u011bti sah\u00e1 a\u017e k sam\u00fdm po\u010d\u00e1tk\u016fm vzniku plaveck\u00e9ho klubu, kter\u00fd v Let\u0148anech na Praze 9 p\u016fsob\u00ed u\u017e \u010dtrn\u00e1ct let. D\u011bti se sluchov\u00fdm posti\u017een\u00edm sem p\u0159ivedla Marcela Pe\u0159inov\u00e1, kter\u00e1 ve studiu pracovala jako plaveck\u00e1 instruktorka a m\u00e1 \u010dty\u0159i d\u011bti se sluchov\u00fdm posti\u017een\u00edm.<\/p>\n<p>V roce 2012 se v Mot\u00fdlku se\u0161la nov\u00e1 &#8222;parta <span class=\"highlight\">nesly\u0161\u00edc\u00edch<\/span>&#8220; ve v\u011bku batolat a pod sv\u00e1 ochrann\u00e1 k\u0159\u00eddla si je vzala sama majitelka, plaveck\u00e1 instruktorka a cvi\u010ditelka v jedn\u00e9 osob\u011b.<\/p>\n<p>&#8222;Bez v\u011bt\u0161\u00edho \u00fasil\u00ed, se stejn\u00fdmi prost\u0159edky jako u sly\u0161\u00edc\u00edch d\u011bt\u00ed, jsme spole\u010dn\u011b pozvolna pozn\u00e1vali vodn\u00ed prost\u0159ed\u00ed. Hlavn\u00ed proces u\u010den\u00ed je zprost\u0159edkov\u00e1n p\u0159es napodobov\u00e1n\u00ed a odez\u00edr\u00e1n\u00ed,&#8220; uvedla pan\u00ed Michaela.<\/p>\n<p>Studio Mot\u00fdlek se u\u017e tak\u00e9 dva roky \u00fa\u010dastn\u00ed programu pro <span class=\"highlight\">nesly\u0161\u00edc\u00ed<\/span><!--K--> d\u011bti v r\u00e1mci T\u00fddne komunikace osob se sluchov\u00fdm posti\u017een\u00edm. Zcela zdarma organizuje pro d\u011bti v rozmez\u00ed od \u0161esti m\u011bs\u00edc\u016f do \u0161esti let vodn\u00ed pohybov\u00e9 aktivity.<\/p>\n<p>&#8222;V leto\u0161n\u00edm roce bychom r\u00e1di uspo\u0159\u00e1dali z\u00e1vody v plaveck\u00fdch dovednostech, p\u0159\u00edpadn\u011b i plav\u00e1n\u00ed pro \u010dty\u0159\u010dlenn\u00e9 t\u00fdmy, kter\u00e9 budou m\u00edt alespo\u0148 jednoho \u010dlena se sluchov\u00fdm posti\u017een\u00edm. P\u0159ihl\u00e1sit se mohou jak rodiny, tak kamar\u00e1di \u010di spolu\u017e\u00e1ci,&#8220; pl\u00e1nuje Michaela a zve p\u0159\u00edpadn\u00e9 z\u00e1jemce.<\/p>\n<p>Jak to ve Studiu Mot\u00fdlek chod\u00ed, najdete na www.studio-motylek.cz.<\/p>\n<p><a href=\"http:\/\/www.gong.cz\/\" target=\"_blank\">http:\/\/www.gong.cz<\/a><\/p>\n","protected":false},"excerpt":{"rendered":"<div class=\"mh-excerpt\"><p>Kurzy kojeneck\u00e9ho a d\u011btsk\u00e9ho plav\u00e1n\u00ed pro nesly\u0161\u00edc\u00ed jsou nedostatkov\u00fdm zbo\u017e\u00edm&#8230;.<\/p>\n<\/div>","protected":false},"author":1,"featured_media":0,"comment_status":"open","ping_status":"closed","sticky":false,"template":"","format":"standard","meta":{"footnotes":""},"categories":[9],"tags":[],"class_list":["post-16669","post","type-post","status-publish","format-standard","hentry","category-zpravy"],"_links":{"self":[{"href":"https:\/\/www.invarena.cz\/index.php?rest_route=\/wp\/v2\/posts\/16669","targetHints":{"allow":["GET"]}}],"collection":[{"href":"https:\/\/www.invarena.cz\/index.php?rest_route=\/wp\/v2\/posts"}],"about":[{"href":"https:\/\/www.invarena.cz\/index.php?rest_route=\/wp\/v2\/types\/post"}],"author":[{"embeddable":true,"href":"https:\/\/www.invarena.cz\/index.php?rest_route=\/wp\/v2\/users\/1"}],"replies":[{"embeddable":true,"href":"https:\/\/www.invarena.cz\/index.php?rest_route=%2Fwp%2Fv2%2Fcomments&post=16669"}],"version-history":[{"count":0,"href":"https:\/\/www.invarena.cz\/index.php?rest_route=\/wp\/v2\/posts\/16669\/revisions"}],"wp:attachment":[{"href":"https:\/\/www.invarena.cz\/index.php?rest_route=%2Fwp%2Fv2%2Fmedia&parent=16669"}],"wp:term":[{"taxonomy":"category","embeddable":true,"href":"https:\/\/www.invarena.cz\/index.php?rest_route=%2Fwp%2Fv2%2Fcategories&post=16669"},{"taxonomy":"post_tag","embeddable":true,"href":"https:\/\/www.invarena.cz\/index.php?rest_route=%2Fwp%2Fv2%2Ftags&post=16669"}],"curies":[{"name":"wp","href":"https:\/\/api.w.org\/{rel}","templated":true}]}}