{"id":16685,"date":"2014-06-29T15:27:22","date_gmt":"2014-06-29T13:27:22","guid":{"rendered":"http:\/\/www.invarena.cz\/?p=16685"},"modified":"2014-06-29T15:29:34","modified_gmt":"2014-06-29T13:29:34","slug":"16685","status":"publish","type":"post","link":"https:\/\/www.invarena.cz\/?p=16685","title":{"rendered":"M\u00e1me i kulturisty voz\u00ed\u010dk\u00e1\u0159e"},"content":{"rendered":"<p><strong>I v kulturistice sportuj\u00ed zdravotn\u011b posti\u017een\u00ed. Nev\u011b\u0159\u00edte? P\u0159in\u00e1\u0161\u00edme v\u00fd\u0148atek z \u010dl\u00e1nku &#8222;Kulturist\u016fm ub\u00fdvaj\u00ed svaly. Cht\u011bj\u00ed se l\u00edbit&#8220;, jen\u017e vy\u0161el v sobotn\u00edm Magaz\u00ednu Pr\u00e1va.<\/strong><!--more--><\/p>\n<p>&nbsp;<\/p>\n<p>Pozornost na mistrovstv\u00ed republiky si vyslou\u017eila i kategorie, do n\u00ed\u017e se zapsali pouze dva sout\u011b\u017e\u00edc\u00ed. T\u00edm l\u00e9pe hodnocen\u00fdm mezi <strong>kulturisty-<span class=\"highlight\">voz\u00ed\u010dk\u00e1\u0159i<\/span> <\/strong>byl <strong>Daniel Minster<\/strong> ze Stud\u00e9nky.<\/p>\n<p>&#8222;Od osmn\u00e1cti let jsem cvi\u010dil rekrea\u010dn\u011b s \u010dinkami, tak\u017ee n\u011bjak\u00fd z\u00e1klad pro kulturistiku jsem ur\u010dit\u011b m\u011bl,&#8220; \u0159\u00edk\u00e1 jedna\u010dty\u0159icetilet\u00fd otec dvou syn\u016f, kter\u00fd po autonehod\u011b p\u0159ed osmi lety ochrnul od spodn\u00ed \u010d\u00e1sti hrudn\u00edho ko\u0161e dol\u016f.<\/p>\n<p>&#8222;Moje nepozornost, ud\u011blal jsem to, co se nem\u00e1 d\u011blat, s\u00e1hl jsem po mobilu,&#8220; vysv\u011btluje, jak k tomu do\u0161lo. Po leto\u0161n\u00edm mistrovstv\u00ed Evropy, kde skon\u010dil mezi t\u0159emi borci druh\u00fd, dostal nab\u00eddku sout\u011b\u017eit na profesion\u00e1ln\u00ed \u00farovni, kde se daj\u00ed vyd\u011blat i pen\u00edze. P\u0159i\u0161el s t\u00edm Nick Scott, s\u00e1m kulturista-<span class=\"highlight\">voz\u00ed\u010dk\u00e1\u0159<\/span>, kter\u00fd se sna\u017e\u00ed d\u00e1t v\u0161echny podobn\u00e9 z\u00e1vodn\u00edky dohromady.<\/p>\n<p>&#8222;Ve sv\u011bt\u011b jich je asi t\u0159icet,&#8220; \u0159\u00edk\u00e1 Daniel Minster a o nab\u00eddce uva\u017euje. Hodil by se mu n\u011bjak\u00fd sponzor, proto\u017ee cestov\u00e1n\u00ed i startovn\u00e9 n\u011bco stoj\u00ed.<\/p>\n<p>&#8222;Nev\u00edm, jestli budu cvi\u010dit je\u0161t\u011b dva, t\u0159i roky, z\u00e1le\u017e\u00ed, co dovol\u00ed klouby, ale postavit se mezi profesion\u00e1ly byl m\u016fj sen, kdy\u017e jsem za\u010dal cvi\u010dit.&#8220;<\/p>\n<p>ilustra\u010dn\u00ed foto: youtube<\/p>\n","protected":false},"excerpt":{"rendered":"<div class=\"mh-excerpt\"><p>I v kulturistice sportuj\u00ed zdravotn\u011b posti\u017een\u00ed. Nev\u011b\u0159\u00edte? P\u0159in\u00e1\u0161\u00edme v\u00fd\u0148atek z \u010dl\u00e1nku &#8222;Kulturist\u016fm ub\u00fdvaj\u00ed svaly. Cht\u011bj\u00ed se l\u00edbit&#8220;, jen\u017e vy\u0161el v sobotn\u00edm Magaz\u00ednu Pr\u00e1va.<\/p>\n<\/div>","protected":false},"author":1,"featured_media":16686,"comment_status":"open","ping_status":"closed","sticky":false,"template":"","format":"standard","meta":{"footnotes":""},"categories":[7],"tags":[],"class_list":["post-16685","post","type-post","status-publish","format-standard","has-post-thumbnail","hentry","category-spolecnost"],"_links":{"self":[{"href":"https:\/\/www.invarena.cz\/index.php?rest_route=\/wp\/v2\/posts\/16685","targetHints":{"allow":["GET"]}}],"collection":[{"href":"https:\/\/www.invarena.cz\/index.php?rest_route=\/wp\/v2\/posts"}],"about":[{"href":"https:\/\/www.invarena.cz\/index.php?rest_route=\/wp\/v2\/types\/post"}],"author":[{"embeddable":true,"href":"https:\/\/www.invarena.cz\/index.php?rest_route=\/wp\/v2\/users\/1"}],"replies":[{"embeddable":true,"href":"https:\/\/www.invarena.cz\/index.php?rest_route=%2Fwp%2Fv2%2Fcomments&post=16685"}],"version-history":[{"count":0,"href":"https:\/\/www.invarena.cz\/index.php?rest_route=\/wp\/v2\/posts\/16685\/revisions"}],"wp:featuredmedia":[{"embeddable":true,"href":"https:\/\/www.invarena.cz\/index.php?rest_route=\/wp\/v2\/media\/16686"}],"wp:attachment":[{"href":"https:\/\/www.invarena.cz\/index.php?rest_route=%2Fwp%2Fv2%2Fmedia&parent=16685"}],"wp:term":[{"taxonomy":"category","embeddable":true,"href":"https:\/\/www.invarena.cz\/index.php?rest_route=%2Fwp%2Fv2%2Fcategories&post=16685"},{"taxonomy":"post_tag","embeddable":true,"href":"https:\/\/www.invarena.cz\/index.php?rest_route=%2Fwp%2Fv2%2Ftags&post=16685"}],"curies":[{"name":"wp","href":"https:\/\/api.w.org\/{rel}","templated":true}]}}