{"id":16713,"date":"2014-07-06T13:16:55","date_gmt":"2014-07-06T11:16:55","guid":{"rendered":"http:\/\/www.invarena.cz\/?p=16713"},"modified":"2014-07-06T13:21:03","modified_gmt":"2014-07-06T11:21:03","slug":"herman-volf-v-tandemu","status":"publish","type":"post","link":"https:\/\/www.invarena.cz\/?p=16713","title":{"rendered":"Volf: \u017divot \u00farazem nekon\u010d\u00ed"},"content":{"rendered":"<p><strong>\u010cesk\u00fd rozhlas ve studiu Tandem hovo\u0159il se\u00a0 sportovcem a voz\u00ed\u010dk\u00e1\u0159em He\u0159manem Volfem, kter\u00fd si nese zku\u0161enost, \u017ee nejsou v\u0161echny cesty \u017eivota proch\u00e1zkou r\u016f\u017eov\u00fdm sadem. Ale kdy\u017e \u010dlov\u011bk chce a m\u00e1 silnou v\u016fli, dok\u00e1\u017ee v podstat\u011b v\u0161echno. <\/strong>\/ilustra\u010dn\u00ed foto\/ <!--more--><\/p>\n<p>&nbsp;<\/p>\n<p><em><strong>report\u00e1\u017e \u010cRo<\/strong><\/em><\/p>\n<p><strong>\u00a0 dovolte prozradit na He\u0159mana jeden detail. Je upout\u00e1n na <span class=\"highlight\">invalidn\u00ed<\/span> voz\u00edk, ale to mu v\u016fbec nebr\u00e1n\u00ed m\u00edt v sob\u011b chu\u0165 do \u017eivota i chu\u0165 na nov\u00e9 z\u00e1\u017eitky. <\/strong><\/p>\n<p><strong>Tak\u017ee kdepak jste se narodil, abychom za\u010dali od Adama, jak se \u0159\u00edk\u00e1?<\/strong><\/p>\n<p>He\u0159man VOLF, handicapovan\u00fd sportovec:<br \/>\nj\u00e1 bych tro\u0161ku poopravil, ono to nen\u00ed \u00fapln\u011b p\u0159esn\u011b upout\u00e1n na <span class=\"highlight\">invalidn\u00ed<\/span> voz\u00edk, prost\u011b n\u011bkter\u00fd v\u011bci u\u017e te\u010f mus\u00edm d\u011blat vsed\u011b, ale abych odpov\u011bd\u011bl na tu va\u0161i ot\u00e1zku, tak v podstat\u011b jsem Pra\u017e\u00e1k, narodil jsem se v Praze, je mi 49 let\u00a0 a od mali\u010dka v podstat\u011b jsem byl sportovec. Tat\u00ednek n\u00e1s vedl ke sportu, tak\u017ee za\u010dal jsem plavat v n\u011bjak\u00fdch 5 letech, sna\u017eili jsme se d\u011blat v\u0161echny v\u011bci, jako jsme takov\u00e1 sout\u011b\u017eiv\u00e1 rodina tak z\u00e1vodn\u011b. Pak jsem p\u0159e\u0161el k atletice, kter\u00e1 m\u011b vlastn\u011b prov\u00e1zela cel\u00fdm m\u00fdm \u017eivotem. Za\u010dal jsem na Slavii Praha IPS a p\u0159es sportovn\u00ed z\u00e1kladn\u00ed \u0161kolu jsem se vlastn\u011b dopracoval a\u017e do Arm\u00e1dn\u00edho st\u0159ediska vrcholov\u00e9ho sportu do Bansk\u00e9 Bystrice, kde z\u00e1hy zjistili, \u017ee nejsem \u00fapln\u011b tak dobrej, jak oni si p\u0159edstavovali, ale skon\u010dil jsem ve VTJ v Klatovech na vojn\u011b, kter\u00fd, mysl\u00edm, bylo velice p\u011bkn\u00fd a ta vojna byla, m\u016f\u017eu \u0159\u00edct za sebe, \u017ee to bylo hezk\u00fd, proto\u017ee jsem tam za\u017eil spoustu prima lid\u00ed, kter\u00fd byli skv\u011bl\u00ed. Tak\u017ee ten sport m\u011b prost\u011b prov\u00e1zel cel\u00fdm m\u00fdm \u017eivotem. Byla mezit\u00edm kanoistika, triatlon a abych se dostal k tomu, co se teda vlastn\u011b stalo, pro\u010d na tom vozejku sed\u00edm, proto\u017ee jsem takovej extr\u00e9mn\u00ed sportovec, v\u017edycky byl a v\u017edycky asi budu, tak jsem v\u0161echny v\u011bc\u00ed d\u011blal hodn\u011b naplno a i ly\u017eov\u00e1n\u00ed a u\u017e z toho jednoho ly\u017eov\u00e1n\u00ed jsem se vr\u00e1til u\u017e pr\u00e1v\u011b v poloze le\u017emo.<\/p>\n<p><strong>No, vy jste \u0159\u00edkal, \u017ee v\u00e1s napl\u0148oval po\u0159\u00e1d sport, ale myslel jste taky na to, \u017ee byste ten sport d\u011blal cel\u00fd \u017eivot nebo jste jaksi m\u011bl n\u011bjak\u00e9 jaksi z\u00e1jmy, jak se \u0159\u00edk\u00e1, po\u0159\u00e1dn\u00e9?<\/strong><\/p>\n<p>Jasn\u011b. To tak \u00fapln\u011b p\u0159esn\u011b nen\u00ed. Ono samoz\u0159ejm\u011b mluv\u00edme tady o sportu, proto\u017ee ten sport jakoby prol\u00edn\u00e1 ten \u017eivot, ale samoz\u0159ejm\u011b vystudoval jsem norm\u00e1ln\u011b klasicky st\u0159edn\u00ed \u0161kolu, m\u011bl jsem svoji vlastn\u00ed firmy s.r.o. jsem si zalo\u017eil, tak\u017ee v\u0161echno takov\u00fdhle zp\u016fsobem fungovalo soub\u011b\u017en\u011b s t\u00edm sportem. jakmile jsem skon\u010dil s aktivn\u00edm vrcholov\u00fdm sportem, s atletikou, j\u00e1 jsem h\u00e1zel o\u0161t\u011bpem, za\u010dal jsem i tr\u00e9novat mlad\u0161\u00ed lidi, kter\u00fd byli okolo m\u011b v skupin\u011b. Potom jsem si koupil d\u016fm, t\u011bsn\u011b po revoluci jsem si koupil naprostou z\u0159\u00edceninu, kterou jsem zrekonstruoval, zalo\u017eil jsem si svoj\u00ed vlastn\u00ed rodinu, m\u00e1m dv\u011b kr\u00e1sn\u00fd d\u011bti, ale ten sport jakoby po\u0159\u00e1d t\u00edm \u017eivotem se mnou proch\u00e1zel.<br \/>\n<strong>M\u011b pochopiteln\u011b z toho sportov\u00e1n\u00ed zaj\u00edm\u00e1 t\u0159eba, \u0159\u00edkal jste hod o\u0161t\u011bpem, to je takov\u00e1 discipl\u00edna, kter\u00e1 je u n\u00e1s jaksi pom\u011brn\u011b dost roz\u0161\u00ed\u0159en\u00e1, respektive takhle, m\u00e1 velikou tradici a m\u00e1 taky velik\u00e9 osobnosti. Po\u0159\u00e1d sledujete jaksi tu \u00farove\u0148.<\/strong><\/p>\n<p>Je to naprosto \u00fa\u017easn\u00fd, proto\u017ee tak mal\u00e1 zem\u011b, ale tak \u00fa\u017easn\u00fd lidi okolo toho, kter\u00fd se okolo toho, a\u0165 je to Jan \u017delezn\u00fd, kdy\u017e se pod\u00edv\u00e1te, jak dlouho u\u017e dr\u017e\u00ed sv\u011btovej rekord, j\u00e1 m\u00e1m pocit, \u017ee ho jen tak n\u011bkdo nep\u0159ekon\u00e1, proto\u017ee to je tak stra\u0161n\u011b daleko, \u017ee to je naprosto \u00fa\u017easn\u00fd a je to skv\u011bl\u00fd, \u017ee zrovna u n\u00e1s se rod\u011bj takov\u00fdhle fantastick\u00fd lidi.<\/p>\n<p><strong>No tak u\u017e po\u010d\u00ednaj\u00edc Danou Z\u00e1topkovou m\u00e1me olympijsk\u00e9 v\u00edt\u011bze a mistry sv\u011bta, to je p\u0159ece fam\u00f3zn\u00ed. Mimochodem, jak daleko jste dohodil vy?<\/strong><\/p>\n<p>J\u00e1 m\u00e1m necel\u00fdch 70 metr\u016f a pr\u00e1v\u011b to byl ten d\u016fvod, pro\u010d jsem za\u010dal u\u017e tr\u00e9novat jin\u00fd, proto\u017ee jsem zjistil, \u017ee m\u011b za\u010dali p\u0159ehazovat lidi v desetiboji a \u017ee je pot\u0159eba to zm\u011bnit, proto\u017ee u\u017e to bylo opravdu, \u0159\u00edkal jsem, jakmile za\u010dnou p\u0159ehazovat v desetiboji, tak je pot\u0159eba s t\u00edm skon\u010dit a za\u010d\u00edt d\u011blat n\u011bco jin\u00fdho.<\/p>\n<p><strong>Navzdory sv\u00e9mu zran\u011bn\u00ed, kter\u00e9 ho, jak \u0159\u00edk\u00e1 ne upoutalo na voz\u00edk, ale, ale prost\u011b je nucen taky ob\u010das sed\u011bt na voz\u00edku, tak d\u011bl\u00e1 spoustu v\u011bc\u00ed, a jedna z v\u011bc\u00ed, na kter\u00e9 se chci ur\u010dit\u011b dneska, He\u0159mane, zeptat, je cyklomaraton 111 hodin. T\u00fdhlet\u00fd akce jste vy vlastn\u011b du\u0161\u00ed, tak vy jste ur\u010dit\u011b ten nejpovolan\u011bj\u0161\u00ed, abyste n\u00e1m o tom tro\u0161i\u010dku \u0159ekl.<\/strong><\/p>\n<p>My jsme s m\u00fdm kamar\u00e1dem J\u00edrou Dole\u017ealem vlastn\u011b od t\u00fd doby, co jsme na voz\u00edku, tak jsme zkou\u0161eli d\u011blat spoustu v\u011bc\u00ed, kter\u00fd se na tom voz\u00edku daj\u00ed d\u011blat, jo. J\u00e1 jsem za\u010dal t\u00edm, \u017ee prvn\u00ed v\u011bc, kterou jsem si \u0159ekl, \u017ee mus\u00edm ud\u011blat, abysem zlomil tu nep\u0159\u00edze\u0148 toho osudu, abysem to zlomil v sob\u011b, \u017ee jsem cht\u011bl sjet ten kopec, kde se mi ten \u00faraz stal, znova na ly\u017ei. A do roka a do dne se mi to povedlo. Ne, \u017ee bych ho sjel, j\u00e1 ho spadal ten kopec, ale byl to prvn\u00ed kr\u016f\u010dek k tomu, abych odboural n\u011bjakou takovou bari\u00e9ru v sob\u011b. Samoz\u0159ejm\u011b n\u011bjak\u00e1 takov\u00e1 ta pokora k tomu ly\u017eov\u00e1n\u00ed ve mn\u011b z\u016fst\u00e1v\u00e1, tak\u017ee jsem na t\u00fd ly\u017ei hodn\u011b opatrn\u00fd, ale na t\u00fd monoski se d\u00e1 d\u011blat spousta v\u011bc\u00ed. Tak\u017ee ne \u017ee bych jezdil jenom na kole a d\u011bl\u00e1me t\u011bch aktivit stra\u0161n\u011b moc. Za\u010dali jsme d\u011blat takovej projekt, nazvali jsme ho cesta za snem a jezdili jsme k\u0159\u00ed\u017eem kr\u00e1\u017eem Evropou na kole, abysme prost\u011b zkusili, co to lidsk\u00fd t\u011blo dok\u00e1\u017ee a co je schopn\u00fd vydr\u017eet, proto\u017ee i to byl m\u016fj vlastn\u011b velkej sen, projet se po Evrop\u011b na kole. A myslel jsem si, \u017ee kdy\u017e budu na vozejku, \u017ee u\u017e to nep\u016fjde, ale zjistil jsem, \u017ee nejsou hranice, kter\u00fd se nedaj\u00ed splnit, tak\u017ee jsme jeli do Pa\u0159\u00ed\u017ee, z Prahy to Pa\u0159\u00ed\u017ee, z Prahy do \u0158\u00edma a z Prahy do Bansk\u00e9 Bystrice a z Prahy za norsk\u00e9 Oslo.<\/p>\n<p><strong>J\u00e1 jsem tam tu Banskou Bystrici taky zaregistroval a \u0159\u00edkal jsem si, pro\u010d zrovna do Bansk\u00e9 Bystrice a pak mn\u011b do\u0161lo, kdy\u017e jste vypr\u00e1v\u011bl na za\u010d\u00e1tku, \u017ee jste tam vlastn\u011b byl aktivn\u00edm sportovcem, \u017ee to je asi ten d\u016fvod.<\/strong><\/p>\n<p>To byl jeden z t\u011bch d\u016fvod\u016f a dal\u0161\u00ed d\u016fvod byl ten, \u017ee na t\u00e9 prvn\u00ed cest\u011b do Pa\u0159\u00ed\u017ee jel s n\u00e1ma st\u0159iha\u010d, kameraman, kterej je z Bansk\u00e9 Bystrice, ale ne z Bansk\u00e9 Bystrice, ale on je z Ponick\u00e9 Huti, co\u017e je nad Banskou Bystric\u00ed, a on \u0159\u00edkal hele, tak nevyjede\u0161. A to je jako kdy\u017e m\u00e1v\u00e1 p\u0159ed v\u00e1ma t\u00edm \u010derven\u00fdm praporem a \u0159\u00edk\u00e1 to nedok\u00e1\u017ee\u0161. A to je ta situace, chv\u00edle, kdy je pot\u0159eba si \u0159\u00edct, tak a te\u010f pojedeme tam. A tam jsme jeli tro\u0161ku, proto\u017ee ta je pom\u011brn\u011b bl\u00edzko na n\u00e1s, tak jsme tam jeli nat\u011b\u017eko, co\u017e jsme m\u011bli s sebou v\u0161echny v\u011bci.<\/p>\n<p><strong>Vy jezd\u00edte na tom &#8230;<\/strong><\/p>\n<p>Handbike, ru\u010dn\u00ed kolo.<\/p>\n<p><strong>Handbike, handbike, no tak to figuru m\u00e1te slu\u0161nou, to je asi od toho, \u017ee jo. Jak je to, o kolik je to obt\u00ed\u017en\u011bj\u0161\u00ed je to rukama ne\u017e nohama?<\/strong><br \/>\nNo, ono v podstat\u011b obt\u00ed\u017en\u00fd, to se d\u00e1 t\u011b\u017eko \u0159\u00edct, ale j\u00e1 jsem n\u011bkde \u010detl v n\u011bjak\u00fd chytr\u00fd kn\u00ed\u017ece, \u017ee cyklista zapoj\u00ed b\u011bhem \u0161lap\u00e1n\u00ed asi 78 sval\u016f, tak\u017ee on si m\u016f\u017ee vypomoct n\u011bjak\u00fdm, jde do \u0161lapek, p\u0159it\u00e1hne se rukama, prost\u011b t\u011bch mo\u017enost\u00ed je tam spousta. My na tom handbiku, m\u00e1me maxim\u00e1ln\u011b polovinu a to je\u0161t\u011b ka\u017edej \u010dlov\u011bk m\u00e1 to <span class=\"highlight\">posti\u017een\u00ed<\/span> tro\u0161i\u010dku jin\u00fd. Tak z\u00e1le\u017e\u00ed na tom, jak\u00fd svaly mu je\u0161t\u011b zbyly a co je schopnej pou\u017e\u00edt. Ale samoz\u0159ejm\u011b m\u00e1te jenom prost\u011b ty svaly, kter\u00fd se daj\u00ed pou\u017e\u00edvat, nem\u016f\u017eete si sednout do sedla a \u0161loupnout do \u0161lapek, tak\u017ee to je prost\u011b, kdy\u017e to jede do kopce, tak to je opravdu velmi t\u011b\u017ek\u00fd.<\/p>\n<p><strong>No to je hodn\u011b t\u011b\u017ek\u00fd, no, ale jak, jak to bylo na tom kopci u t\u00fd Bansk\u00fd Bystrice?<\/strong><\/p>\n<p>U t\u00fd Bansk\u00fd Bystrice vyjeli jsme, nen\u00ed kopec, kter\u00fd bysme nevyjeli. Mus\u00edm se pochlubit, minulej tejden jsme byli na Sn\u011b\u017ece a na silni\u010dn\u00edm kole se mi tak poda\u0159ilo vyjet, co\u017e si mysl\u00edm, \u017ee bylo docela hezk\u00fd a ud\u011blal jsem si radost.<\/p>\n<p><strong>Sn\u011b\u017eka. Tak co je p\u0159ed v\u00e1mi te\u010f?<\/strong><\/p>\n<p>Te\u010f vrac\u00edme se teda k t\u00fd va\u0161\u00ed ot\u00e1zce kone\u010dn\u011b a to je maraton. My jsme skon\u010dili ty cesty k\u0159\u00ed\u017eem kr\u00e1\u017eem Evropou a hledali jsme dal\u0161\u00ed mo\u017enost, jak n\u011bkomu dal\u0161\u00edmu pomoct. Ka\u017ed\u00e1 ta cesta v\u017edycky m\u011bla podtext n\u011bkomu pom\u00e1hat. A\u0165 jsme d\u011blali sb\u00edrky s Kontem bari\u00e9ry nebo jsme jeli do, do It\u00e1lie za pape\u017eem s poselstv\u00edm nad\u011bje \u010desk\u00fdch <span class=\"highlight\">voz\u00ed\u010dk\u00e1\u0159\u016f<\/span>, anebo jsme do Norka plnili sny 22 <span class=\"highlight\">posti\u017een\u00fdm<\/span> d\u011btem, co\u017e si mysl\u00edm, \u017ee byl obrovskej \u00fasp\u011bch, proto\u017ee my jsme si s kamar\u00e1dem \u0159ekli v lednu, \u017ee jim budeme plnit jejich sny s maxim\u00e1ln\u00ed tou 50 tis\u00edc. A my jsme byli schopni v \u0159\u00edjnu ty sny splnit, co\u017e si mysl\u00edm, \u017ee bylo \u00fa\u017easn\u00e9. A tak jsme si \u0159\u00edkali co d\u00e1l. A oslovil m\u011b Michal Jon, m\u016fj dobrej kamar\u00e1d, kter\u00fd objel celej sv\u011bt na kole s t\u00edm, abych se z\u00fa\u010dastnil z\u00e1vodu v Americe RAAM. J\u00e1 nev\u00edm, jestli ho zn\u00e1te, je to prost\u011b naprost\u00e1 \u0161\u00edlenost, kdy jedou nonstop z v\u00fdchodn\u00edho pob\u0159e\u017e\u00ed Spojenejch st\u00e1t\u016f na druhou stranu. Maj\u00ed na to n\u011bjakej \u010dasovej \u00fasek. J\u00e1 bych byl ve \u010dty\u0159\u010dlenn\u00fdm dru\u017estvu a oni po mn\u011b cht\u011bli mali\u010dkost &#8211; startovn\u00fd v hodnot\u011b 450 tis\u00edc.<\/p>\n<p><strong>Pros\u00edm?<\/strong><\/p>\n<p>Ano. P\u0159esn\u011b tak. Tak\u017ee j\u00e1 jsem \u0159ekl, \u017ee za takov\u00fdhle pen\u00edze je to dobrej n\u00e1pad, l\u00edbilo by se mi to, jo, ale za ty pen\u00edze j\u00e1 ud\u011bl\u00e1m ten maraton tady v \u010cesk\u00fd republice s aktivn\u00edm zapojen\u00edm lid\u00ed s posti\u017een\u00edm nav\u00edc pro lidi, kter\u00fd jsou t\u011bsn\u011b po \u00farazu. Tak\u017ee letos u\u017e m\u00e1me 2. ro\u010dn\u00edk a mysl\u00edm, \u017ee se to da\u0159\u00ed, proto\u017ee loni n\u00e1s jelo 6 t\u00fdm\u016f a letos je p\u0159ihl\u00e1\u0161en\u00fdch 30 t\u00fdm\u016f. V podstat\u011b na t\u00fd trase existujou pr\u016fjezdn\u00fd body, kter\u00fdma se ten t\u00fdm mus\u00ed projet a jsou to letos spir\u00e1ln\u00ed jednotky, rehabilita\u010dn\u00ed \u00fastavy a takov\u00fd ty za\u0159\u00edzen\u00ed, kter\u00fd se staraj lidi pro, pro, o lidi s posti\u017een\u00edm. A t\u011bma mus\u00ed projet, ale kudy pojede jinudy, je na ka\u017ed\u00fdm t\u00fdmu, tak\u017ee logistika, jak to budou d\u011blat, kudy pojedou, na jakejch kolech, je to na ka\u017ed\u00fdm t\u00fdmu, aby si to zvolil s\u00e1m.<\/p>\n<p><strong>Co t\u011bch 111 hodin v n\u00e1zvu? To je symbol nebo to opravdu n\u011bco znamen\u00e1?<\/strong><\/p>\n<p>To je symbol a n\u011bco to skute\u010dn\u011b znamen\u00e1. Je to maxim\u00e1ln\u00ed po\u010det hodin, za kter\u00fd ten, ten t\u00fdm to mus\u00ed ujet. Letos jedeme trasu, kterou jedeme z Prahy do Prahy a jedeme p\u0159es Ko\u0161ice a m\u00e1 to 2222 kilometr\u016f. Tak\u017ee ten t\u00fdm to mus\u00ed projet za t\u011bch 111 hodin.<\/p>\n<p><strong>\u00a0M\u00e1te firmu, d\u011bl\u00e1te velice zaj\u00edmavou z\u00e1le\u017eitost, pracujete pro firmu, kter\u00e1 navrhuje interi\u00e9ry, je to tak?<\/strong><\/p>\n<p>No te\u010fko u\u017e to p\u0159esn\u011b tak \u00fapln\u011b nen\u00ed, ale bylo to doned\u00e1vna, v podstat\u011b jsem pracoval, to byl vlastn\u011b prvn\u00ed zlom v m\u00fdm \u017eivot\u011b, proto\u017ee od t\u00fd doby, co jsem jakoby nemohl d\u011blat profesi, kterou jsem d\u011blal d\u0159\u00edv, tak jsem pot\u0159eboval sehnat n\u011bjakou jinou pr\u00e1ci, abych zabezpe\u010dil rodinu. A oslovil m\u011b m\u016fj dobrej kamar\u00e1da, kter\u00fd d\u011bl\u00e1 koupelny a ta profese v podstat\u011b byla navrhov\u00e1n\u00ed koupelen z 3D programu. Tak\u017ee j\u00e1 kluk, kterej m\u011b v\u016fbec v \u017eivot\u011b nenapadlo, \u017ee bych n\u011bco mohl d\u011blat s po\u010d\u00edta\u010dem a byl jsem maxim\u00e1ln\u011b schopen vystavit si fakturu a n\u011bkam ji odeslat, tak najednou jsem se musel nau\u010dit s programem, kterej byl pro m\u011b naprosto neuv\u011b\u0159iteln\u011b slo\u017eitej, ale nakonec se to poda\u0159ilo a vlastn\u011b n\u011bjakejch 7, 8 let jsem tam pom\u00e1hal s t\u011bmahle t\u011bma v\u011bcma, a\u017e tento rok, kdy vlastn\u011b od n\u011bjak\u00fdho b\u0159ezna, kdy\u017e u\u017e ty na\u0161e aktivity jsou tak stra\u0161n\u011b n\u00e1ro\u010dn\u00fd, \u017ee jsme se dohodli s t\u00edm kamar\u00e1dem, \u017ee, \u017ee tam skon\u010d\u00edm a budu d\u011blat jenom extern\u011b ty v\u011bci, kter\u00fd budou te\u010f prost\u011b akutn\u011b pot\u0159ebovat, co\u017e tak jako \u010din\u00edme na takov\u00fd kamar\u00e1dsk\u00fd b\u00e1zi, ale te\u010f u\u017e se star\u00e1m o to, aby tyhlety v\u0161echny aktivity, kter\u00fd te\u010fko vlastn\u011b d\u011bl\u00e1me, tak abysme je d\u011blali co nejl\u00e9pe.<\/p>\n<p><strong>Te\u010f jste vlastn\u011b tak trochu profesion\u00e1ln\u00ed sportovec, d\u00e1 se \u0159\u00edct.<\/strong><\/p>\n<p>No ne tak \u00fapln\u011b, proto\u017ee takovou akci p\u0159ipravit, je neskute\u010dn\u011b moc pr\u00e1ce a organiza\u010dn\u011b to je stra\u0161n\u011b n\u00e1ro\u010dn\u00fd, tak\u017ee na ten tr\u00e9nink mi skute\u010dn\u011b toho \u010dasu moc nezbejv\u00e1.<\/p>\n<p><strong>Vy jste se krom\u011b toho maratonu, kter\u00fd p\u0159ipravujete taky, jste se z\u00fa\u010dastnil spousty dal\u0161\u00edch akc\u00ed. T\u0159eba akce Survival, tam jste si vyzkou\u0161el n\u011bco jako p\u0159\u00edrodn\u00ed v\u00edceboj. To je v\u0161echno, co jsem si p\u0159e\u010detl, ale te\u010f byste to mohl naplnit tro\u0161i\u010dku jaksi n\u011bjak\u00fdmi konkr\u00e9tn\u00edmi v\u011bcmi.<\/strong><\/p>\n<p>Je to naprosto \u00fa\u017easn\u00e1 akce, kdy je to zase, j\u00e1 m\u00e1m hrozn\u011b r\u00e1d takov\u00fd extr\u00e9mn\u00ed v\u00fdzvy, ale kdy\u017e jsme na to nastoupili poprv\u00e9 na ten prvn\u00ed ro\u010dn\u00edk, tak jsme vlastn\u011b v\u016fbec netu\u0161ili, co tam v\u0161echno bude a netu\u0161il jsem, \u017ee se d\u00e1 l\u00edzt po horolezeck\u00fd st\u011bn\u011b, \u017ee jezdili jsme v noci na, na vod\u011b, prost\u011b neuv\u011b\u0159iteln\u00fd v\u011bci se tam d\u011blaly a o to, stra\u0161n\u011b n\u00e1s to bavilo, bylo to kr\u00e1sn\u00fd.<\/p>\n<p><strong>Survival je n\u011bco o p\u0159e\u017eit\u00ed tedy.<\/strong><\/p>\n<p>P\u0159esn\u011b tak.<\/p>\n<p><strong>A bylo to opravdu takhle na hran\u011b?<\/strong><\/p>\n<p>J\u00e1 nem\u016f\u017eu \u0159\u00edct, \u017ee by to bylo a\u017e takhle \u00fapln\u011b na hran\u011b, proto\u017ee samoz\u0159ejm\u011b i ty discipl\u00edny jsou, jsou vlastn\u011b jakoby p\u0159izp\u016fsoben\u00fd t\u011bm lidem, kter\u00fd jsou na voz\u00edku, ale jsou tam v\u011bci, kter\u00fd jsou hodn\u011b zaj\u00edmav\u00fd. Lanov\u00fd centrum, v noci jezd\u00edme jako bl\u00e1zni po, po parku na Hlubok\u00fd a hled\u00e1me r\u016fzn\u00fd m\u00edsta a body a takov\u00fd. Je to moc hezky ud\u011blan\u00fd a ty lidi, kter\u00fd se o to staraj, jsou naprosto \u00fa\u017easn\u00fd a fantastick\u00fd.<\/p>\n<p><strong>\u010cili c\u00edlem a\u017e na konci je dosp\u011bt n\u011bkam a v pr\u016fb\u011bhu toho p\u0159ekonat r\u016fzn\u00e9, pokud mo\u017eno nejr\u016fzn\u011bj\u0161\u00ed p\u0159ek\u00e1\u017eky. Je to tak?<\/strong><\/p>\n<p>P\u0159esn\u011b tak. A mn\u011b se na tom hlavn\u011b l\u00edb\u00ed to, \u017ee to je sout\u011b\u017e dvojic, \u017ee v tom nen\u00ed \u010dlov\u011bk \u00fapln\u011b s\u00e1m, ale v\u017edycky tam jedete s n\u011bk\u00fdm a to je i, to je takov\u00e1 i na\u0161e my\u0161lenka v tom, co chceme d\u011blat. My ty v\u011bci nechceme d\u011blat sami, ale poj\u010fme to d\u011blat spole\u010dn\u011b. A to je i ten Survival. J\u00e1 jedu s br\u00e1chou a d\u011bl\u00e1me ty v\u0161echny, v\u0161echny tyhlety discipl\u00edny d\u011bl\u00e1me spole\u010dn\u011b.<\/p>\n<p><strong>\u010cili on v\u00e1m t\u0159eba, dejme tomu, pom\u00e1h\u00e1 na st\u011bn\u011b a podobn\u011b.<\/strong><\/p>\n<p>P\u0159esn\u011b tak.<\/p>\n<p><strong>Kdy\u017e \u0159\u00edk\u00e1te, \u017ee folk jaksi v\u00e1s prov\u00e1z\u00ed cel\u00fdm \u017eivotem, jste a\u017e tak aktivn\u00edm poslucha\u010dem, \u017ee t\u0159eba jezd\u00edte po festivalech, na porty a podobn\u011b?<\/strong><\/p>\n<p>Ne tak \u00fapln\u011b p\u0159esn\u011b. J\u00e1 m\u00e1m obrovsk\u00fd \u0161t\u011bst\u00ed na kamar\u00e1dy a my jsme v\u017edycky, m\u00e1me, m\u00e1me takovou skupinu lid\u00ed, kterou jsem nazval Mamaf\u0148uka, v\u017edycky ty &#8230;<\/p>\n<p><strong>Pardon, jak?<\/strong><\/p>\n<p>Mamaf\u0148uka. A nazval jsem to takhle proto, proto\u017ee v\u017edycky ty \u017eensk\u00fd doma f\u0148ukaly, \u017ee jsme, \u017ee jsme moc v pr\u00e1ci a \u017ee se m\u00e1lo star\u00e1me o d\u011bti, tak\u017ee jsme se t\u0159ema kamar\u00e1dama zalo\u017eili takouhle skupinku lid\u00ed a v\u017edycky vezmeme ty d\u011bti a jedeme s nima na vodu a jedeme s nima na hory. A nabalila se na n\u00e1s obrovsk\u00e1 spousta lid\u00ed a ty lidi ka\u017edej hraje na n\u011bjakej hudebn\u00ed n\u00e1stroj, a my se te\u010fko sch\u00e1z\u00edme a za\u010d\u00edn\u00e1me si hr\u00e1t sami. Tak\u017ee my na ty festivaly nejezd\u00edme, my si ty festivaly tvo\u0159\u00edme sami. A je to takov\u00e1 prost\u011b prima skupina lid\u00ed, kter\u00fd jsou v\u00fdborn\u00fd hudebn\u00edci a j\u00e1, proto\u017ee jsem v\u017edycky hr\u00e1l na kytaru jako ka\u017edej kluk, kterej jezdil k t\u00e1bor\u00e1ku, tak jsem zjistil, \u017ee na tom voz\u00edku se mi to \u0161patn\u011b voz\u00ed, tak jsem za\u010dal hr\u00e1t na mandol\u00ednu. Tak\u017ee m\u00e1me takovou skupinu, kde je kluk, kterej hraje skv\u011ble na klarinet, na kytary, basov\u00e1 kytara, rytmiku, tak\u017ee takhle jezd\u00edme. A dokonce se n\u00e1m stalo, \u017ee n\u011bkdo \u0159\u00edkal hele\u010fte, p\u0159ije\u010fte n\u00e1m zahr\u00e1t na svatbu, n\u00e1m se to l\u00edb\u00ed, jak hrajete &#8230;<\/p>\n<p><strong>\u00da\u017easn\u00fd.<\/strong><\/p>\n<p>&#8230;te\u010f t\u0159eba jedeme na vodu. Letos chyst\u00e1me se na S\u00e1zavu, no a j\u00e1, byly doby, kdy jsme objednali autobus, \u017ee se to vyplatilo jet autobusem, ne\u017e abysme jezdili ka\u017edej zvl\u00e1\u0161\u0165 a te\u010f u\u017e teda ty skupiny, n\u011bkter\u00fd jezd\u00ed autama, autem, ale hlavn\u011b vlakem, tak\u017ee to je takov\u00fd hezk\u00fd.<\/p>\n<p><strong>Ur\u010dit\u011b jste si v\u0161imli toho, co He\u0159man Volf p\u0159ed chvilkou tak\u00e9 \u0159\u00edkal, \u017ee m\u00e1 spoustu v\u00fdborn\u00fdch p\u0159\u00e1tel, co\u017e si mysl\u00edm, \u017ee je za v\u0161ech okolnost\u00ed vynikaj\u00edc\u00ed, ale za okolnost\u00ed, kter\u00e9 postihly v\u00e1s, mysl\u00edm to nep\u0159\u00edjemn\u00e9 zran\u011bn\u00ed, je to dvojn\u00e1sobn\u011b dob\u0159e, kdy\u017e zjist\u00edte, \u017ee m\u00e1te tak dobr\u00e9 p\u0159\u00e1tele, nejenom p\u0159\u00e1tele, \u017ee v\u00e1s neopustili prost\u011b v\u0161ichni nebo nikdo. Dokonce pr\u00fd v\u00e1s t\u00e1ta s v\u00e1ma absolvoval i ty cesty za snem, je to tak jo?<\/strong><\/p>\n<p>Je to \u00fapln\u011b p\u0159esn\u011b tak. My jsme to za\u010dali pl\u00e1novat ty cesty, tak on byl vlastn\u011b jeden z t\u011bch organiz\u00e1tor\u016f t\u00fd akce a pom\u00e1hal n\u00e1m t\u00edm jakoby zezadu. On d\u011blal takov\u00fdho toho servismana a tyhlety v\u011bci a bylo to stra\u0161n\u011b hezk\u00fd, proto\u017ee jsem si uv\u011bdomil, \u017ee vlastn\u011b toho \u010dasu jsme spolu str\u00e1vili pom\u011brn\u011b m\u00e1lo a \u017ee by bylo hezk\u00fd te\u010f ten \u010das i v tomhletom stavu str\u00e1vit spole\u010dn\u011b a mysl\u00edm, \u017ee jsme si u\u017eili stra\u0161n\u011b moc v\u011bc\u00ed spolu.<\/p>\n<p><strong>To jak se \u0159\u00edk\u00e1, v\u0161echno zl\u00fd je pro n\u011bco dobr\u00fd, tak vy jste to za\u017eil na vlastn\u00ed k\u016f\u017ei. No ale zp\u00e1tky k t\u00e9 akci nebo k t\u00e9 velk\u00e9 akci, k maratonu, mysl\u00edm, 111 hodin. T\u0159eba kdo se m\u016f\u017ee z\u00fa\u010dastnit, m\u011b napadlo?<\/strong><\/p>\n<p>Tak jsou to v podstat\u011b t\u00fdmy, kter\u00fd maj 2, 4 nebo 8 \u010dlen\u016f, v ka\u017ed\u00e9m tom t\u00fdmu mus\u00ed b\u00fdt alespo\u0148 jeden \u010dlov\u011bk s jak\u00fdmkoli zdrojem handicapu, my to nerozd\u011blujeme, nebereme to jakoby p\u0159\u00edmo, p\u0159\u00edmo z\u00e1vod. Ale je to takov\u00e1 sp\u00ed\u0161 jakoby, \u0159ekn\u011bme, pou\u0165 lid\u00ed dobr\u00e9 v\u016fle. Nen\u00ed to z\u00e1vod, kter\u00fd by byl d\u011blanej nebo pou\u0165, kter\u00e1 by byla d\u011blan\u00e1 p\u0159\u00edmo pro z\u00e1vodn\u00edky jakoby pro aktivn\u00ed, nem\u016f\u017eeme to nikomu zakazovat, ani nebudeme, ale m\u00e1me tam zaj\u00edmav\u00fd jm\u00e9na, kter\u00fd se toho z\u00fa\u010dastn\u00ed samoz\u0159ejm\u011b t\u0159eba Jirka Je\u017eek pojede s n\u00e1ma kousek. Ale je to pro lidi pro hob\u00edky, kter\u00fd prost\u011b r\u00e1di jezd\u011bj na kole a jsou schopni ud\u011blat n\u011bco pro n\u011bkoho druh\u00fdho. A dal\u0161\u00ed v\u011bc, kter\u00e1 je takov\u00e1 my\u0161lenkou toho d\u011blejme v\u011bci spole\u010dn\u011b, ned\u011blejme rozd\u00edly mezi <span class=\"highlight\">nevidom\u00fdm<\/span>, amput\u00e1\u0159em nebo \u010dlov\u011bkem na voz\u00edku, ale poj\u010fme d\u011blat ty v\u011bci spole\u010dn\u011b a poj\u010fme se u\u010dit spolu \u017e\u00edt. To je takov\u00e1 jakoby na\u0161e, takov\u00fd na\u0161e kr\u00e9do. Nav\u00edc ka\u017edej ten t\u00fdm je vlastn\u011b patronem \u010dlov\u011bka, kter\u00fd je tesn\u011b po \u00farazu nebo po t\u011b\u017ek\u00e9 nemoci a my t\u011bm lidem sna\u017e\u00edme jakoby restartovat jim znova \u017eivot na takov\u00e9m z\u00e1\u017eitkov\u00e9m v\u00edkendu, kterej m\u00e1m pro n\u011b potom p\u0159ipraven\u00fd. A mysl\u00edm si, \u017ee, a o tom jsme se p\u0159esv\u011bd\u010dili u\u017e n\u011bkolikr\u00e1t, \u017ee samoz\u0159ejm\u011b posb\u00edrat n\u011bjakou finan\u010dn\u00ed sb\u00edrku pro ty lidi, je, je dobr\u00fd, ale pro n\u011b je daleko d\u016fle\u017eit\u011bj\u0161\u00ed kamar\u00e1dstv\u00ed, aby v\u011bd\u011bli, \u017ee se ten \u017eivot d\u00e1 \u017e\u00edt i d\u00e1l a \u017ee nen\u00ed pot\u0159eba l\u00e1mat nad sebou h\u016fl, ale n\u011bco se sebou ud\u011blat. To si mysl\u00edm, \u017ee je velice d\u016fle\u017eit\u00fd.<\/p>\n<p><strong>To, co \u0159\u00edkal He\u0159man Volf , \u017ee \u017eivot prost\u011b \u00farazem nekon\u010d\u00ed, \u017ee je pot\u0159eba \u017e\u00edt d\u00e1l, \u017ee je pot\u0159eba sebrat odvahu, s\u00edlu, hlavn\u011b tu du\u0161evn\u00ed, co si budeme pov\u00eddat, to jste pot\u0159eboval pochopiteln\u011b p\u0159edev\u0161\u00edm vy, do t\u00e9 doby v\u00e1s ur\u010dit\u011b ani nic podobn\u00e9ho nenapadlo. Koho by to taky napadlo. I kdy\u017e dneska se na\u0161t\u011bst\u00ed, mysl\u00edm, \u017ee to je dob\u0159e, objevuje t\u0159eba, j\u00e1 nev\u00edm, v televizi, tisku a podobn\u00e9 p\u0159\u00edpady spojen\u00e9 s t\u00edm, jaksi s v\u00fdstrahou, aby, aby lidi zbyte\u010dn\u011b neriskovali, co\u017e se bohu\u017eel po\u0159\u00e1d d\u011bje, ale nev\u00edm, byl to u v\u00e1s zbyte\u010dn\u00fd risk nebo to byla opravdu ne\u0161\u0165astn\u00e1 n\u00e1hoda, kdy\u017e v\u00e1m se to stalo?<\/strong><\/p>\n<p>Risk to \u00fapln\u011b nebyl, ani jsem jako, mysl\u00edm si, \u017ee j\u00e1 nejsem takovej typ \u010dlov\u011bka, kterej by riskoval, to v \u017e\u00e1dn\u00fdm p\u0159\u00edpad\u011b ne, ale &#8230; jezdil jsem, kdy\u017e u\u017e jsem byl na hor\u00e1ch, tak naj\u00ed\u017ed\u00edme ob\u011bd, proto\u017ee kdy\u017e u\u017e jsme na hor\u00e1ch, tak mus\u00edme jezdit, proto\u017ee jinak jsme v pr\u00e1ci a m\u00e1lo si to u\u017eijeme. Jedeme na no\u010dn\u00ed ly\u017eov\u00e1n\u00ed, \u017ee jo, proto\u017ee je pot\u0159eba, kdy\u017e u\u017e jsme na t\u011bch hor\u00e1ch, a nikdy mi to jako ned\u011blalo probl\u00e9my. A v podstat\u011b to byla souhra takovejch okolnost\u00ed, souhra n\u00e1hod. \u010clov\u011bk sjezd\u00ed celou Evropu na ly\u017e\u00edch a mysl\u00ed si, \u017ee v\u00e1s u\u017e to nikdy nem\u016f\u017ee potkat a potom na trivi\u00e1ln\u00edm kopci, kde to ortodoxn\u011b dob\u0159e zn\u00e1te, se najde d\u00edra, kter\u00e1 tam prost\u011b bejt nem\u00e1, ale vy ji prost\u011b nevid\u00edte, proto\u017ee to je na kraji sjezdovky a je tam tma. A v dne\u0161n\u00ed dob\u011b na t\u011bch ly\u017e\u00edch se jezd\u00ed hodn\u011b rychle, j\u00e1 m\u011bl ob\u0159a\u010dky, to znamen\u00e1 jako j\u00e1 se nerad \u0161oupnu z kopce, sna\u017e\u00edme se to fakt to dr\u017eet na hran\u011b, tak\u017ee ty ly\u017ee jedou rychle, no a tu d\u00edru jsem tam vid\u011bl v podstat\u011b na posledn\u00ed chv\u00edli, kdy bylo hodn\u011b namrzlo a oni vyhazovali z kraje sjezdovky vyhazovali sn\u00edh na sjezdovku a tam byla ta d\u00edra, kter\u00e1 tam prost\u011b asi nem\u011bla bejt, ale nem\u016f\u017eu to m\u00edt nikomu za zl\u00fd, proto\u017ee jel jsem rychle a byla tma, \u017ee jo, tak\u017ee to prost\u011b nebylo vid\u011bt, no.<\/p>\n<p><strong>Je pochopiteln\u011b jaksi d\u016fle\u017eit\u00e9 v tu chv\u00edli, kdy se to stane a \u010dlov\u011bk m\u00e1 pocit, \u017ee \u017eivot skon\u010dil, jaksi naj\u00edt znova tu s\u00edlu, o kter\u00e9 jste tady mluvil. Jak dlouho v\u00e1m to trvalo?<\/strong><\/p>\n<p>Tohleto je docela t\u011b\u017ek\u00e1 ot\u00e1zka, proto\u017ee v podstat\u011b, kdy\u017e le\u017e\u00edte na tom sn\u011bhu, tak si to \u010dlov\u011bk ani nep\u0159ipou\u0161t\u00ed, neuv\u011bdomuje si to. J\u00e1 jsem teda byl p\u0159i v\u011bdom\u00ed, tak\u017ee j\u00e1 jsem v\u0161echno v\u011bd\u011bl, co se okolo m\u011b d\u011bje, a v podstat\u011b ani v t\u00fd nemocnici v\u00e1m to nikdo \u00fapln\u011b p\u0159esn\u011b ne\u0159ekne, tak\u017ee v t\u00edmhle t\u00edm se m\u00e1te \u010das na to se s t\u00edm jakoby tro\u0161ku vyrovnat. Ale j\u00e1 u\u017e jsem o tom n\u011bkde mluvil, \u017ee j\u00e1 jsem v podstat\u011b m\u011bl takov\u00fd jakoby \u0161t\u011bst\u00ed, jakoby kdyby se na to \u010dlov\u011bk p\u0159ipravil. J\u00e1 jsem rok p\u0159edt\u00edm absolvoval kurz Modr\u00e9 alfy, kter\u00fd je medita\u010dn\u00ed kurz a j\u00e1 jsem v podstat\u011b samol\u00e9\u010den\u00ed, meditace a takov\u00fd a j\u00e1 jsem v podstat\u011b v t\u011bch nejv\u011bt\u0161\u00edch bolestech a ten prvn\u00ed m\u011bs\u00edc str\u00e1vil v t\u011bch meditac\u00edch. A mysl\u00edm si, \u017ee to mi hodn\u011b pomohlo k tomu, abych se n\u011bjak\u00fdm zp\u016fsobem s t\u00edm za\u010dal vyrovn\u00e1vat. Tak\u017ee to je to, a jak, vy jste o tom u\u017e p\u0159edt\u00edm mluvil, \u017ee ty v\u011bci se samy o sob\u011b ned\u011bjou jen tak, \u017ee p\u0159ich\u00e1zej, ale prost\u011b to tak jako \u010dlov\u011bk se na to s\u00e1m p\u0159iprav\u00ed, ani\u017e by to tu\u0161il, tak\u017ee i ta p\u0159\u00edprava na to asi p\u0159edt\u00edm byla, rok p\u0159edt\u00edm jsem d\u011blal medita\u010dn\u00ed kurz.<\/p>\n<p><strong>Na to se ka\u017edej asi nem\u016f\u017eeme, nebo respektive nikdo se na to nem\u016f\u017ee jaksi p\u0159ipravit a o\u010dek\u00e1vat, \u017ee n\u011bco takov\u00fdho p\u0159ijde, proto\u017ee to by nebylo ani v po\u0159\u00e1dku. \u010clov\u011bk mus\u00ed jaksi po\u0159\u00e1d \u017e\u00edt \u017eivot takov\u00fd, jak\u00fd je, a ne po\u0159\u00e1d se na n\u011bco ohl\u00ed\u017eet, ale p\u0159ece jenom jaksi n\u011bjak\u00fd doporu\u010den\u00ed z va\u0161\u00ed strany?<\/strong><\/p>\n<p>No tak bu\u010fte opatrn\u00ed. M\u00edt ty v\u011bci pod kontrolou, to je asi nejd\u016fle\u017eit\u011bj\u0161\u00ed v\u011bc a \u010dlov\u011bk by nem\u011bl zanedb\u00e1vat n\u011bjak\u00fd ty prost\u0159edky ochrany jako jsou helmy, p\u00e1te\u0159ov\u00fd p\u00e1sy, takov\u00fd prost\u011b r\u016fzn\u00fd mali\u010dkosti, kter\u00fd m\u016f\u017eou \u010dlov\u011bku pomoct. Kolikr\u00e1t se mi stane, \u017ee jedu na kole a vid\u00edm lidi, kter\u00fd nemaj\u00ed helmu, \u017ee jo, to jsou prost\u011b mali\u010dkosti, kter\u00fd by se prost\u011b nem\u011bly st\u00e1vat.<\/p>\n<p><strong>J\u00e1 v\u00e1m teda \u0159eknu, \u017ee j\u00e1 pod dojmem pr\u00e1v\u011b t\u011bchto zpr\u00e1v, o kter\u00fdch jsem mluvil, \u017ee jich je na\u0161t\u011bst\u00ed \u010d\u00edm d\u00e1m t\u00edm jaksi v\u00edc, respektive takhle, ne \u017ee by t\u011bch p\u0159\u00edpad\u016f bylo na\u0161t\u011bst\u00ed v\u00edc, ale zpr\u00e1v o nich, proto\u017ee se d\u0159\u00edv jaksi nep\u0159\u00edli\u0161 tolik publikovaly, tak nejenom j\u00e1, ale i spousta ur\u010dit\u011b jin\u00fdch ly\u017ea\u0159\u016f t\u0159eba si po\u0159\u00eddila okam\u017eit\u011b ur\u010dit\u011b helmu a ten, ten p\u00e1s na z\u00e1da a u\u017e bez toho prost\u011b na sjezdovku nevyraz\u00edm.<\/strong><\/p>\n<p>No je teda pravda, \u017ee j\u00e1 jsem tu helmu m\u011bl taky, m\u011bl jsem j\u00ed, tu\u0161\u00edm, asi 14 dn\u00ed, ale stejn\u011b mi to nezachr\u00e1nilo to, aby se mi tohleto stalo. Ani p\u00e1te\u0159ovej p\u00e1s by mi nepomohl, ale to v\u016fbec nevad\u00ed. Jsou, je i spousta jinejch druh\u016f \u00faraz\u016f, u kterejch by to mohlo pomoct.<\/p>\n<p><strong>Po\u0159\u00e1d cvi\u010d\u00edte, po\u0159\u00e1d jste, po\u0159\u00e1d jste v z\u00e1b\u011bhu, je to tak?<\/strong><\/p>\n<p>J\u00e1 m\u00e1m takovou v\u011bc, \u017ee jakmile le\u017e\u00edm o 2 hodiny d\u00fdl, ne\u017e bych, ne\u017e byl m\u011bl, tak u\u017e pak m\u00e1m probl\u00e9my vst\u00e1t, proto\u017ee stra\u0161n\u011b ztuhnu, tak\u017ee v podstat\u011b, nev\u00edm, jak to maj\u00ed jin\u00fd <span class=\"highlight\">voz\u00ed\u010dk\u00e1\u0159i<\/span>, ale j\u00e1 to tak prost\u011b m\u00e1m, tak\u017ee j\u00e1 i kdy\u017e prost\u011b si tro\u0161ku p\u0159isp\u00edm, tak pak tuhnu a ten, to rozcvi\u010den\u00ed r\u00e1no mi trv\u00e1 mnohem d\u00fdl, tak\u017ee i to je pot\u0159eba &#8230;<\/p>\n<p><strong>Kolik hodin denn\u011b cvi\u010d\u00edte t\u0159eba?<\/strong><\/p>\n<p>To se \u00fapln\u011b p\u0159esn\u011b ned\u00e1 \u0159\u00edct, ale sna\u017e\u00edm se tak hodinu denn\u011b n\u011bco, n\u011bco pro sebe ud\u011blat.<\/p>\n<p><strong>Vy jste \u010dlov\u011bk, kter\u00fd na prvn\u00ed jaksi dojem a ten dojem se potom posiluje, \u0161\u00ed\u0159\u00edte kolem sebe optimismus a pozitivn\u00ed energii, co\u017e je dob\u0159e. Rodina to taky takhle vn\u00edm\u00e1?<\/strong><\/p>\n<p>Rodina to mysl\u00edm takhle vn\u00edm\u00e1, i kdy\u017e man\u017eelka to asi p\u0159esn\u011b tak \u00fapln\u011b nevn\u00edmala, proto\u017ee od n\u00e1s ode\u0161la, tak\u017ee j\u00e1 te\u010fko jsem vlastn\u011b s d\u011btma &#8230;<\/p>\n<p><strong>Ajaj.<\/strong><\/p>\n<p>&#8230; ale samoz\u0159ejm\u011b ch\u00e1pu, \u017ee je v n\u011bjak\u00fd situaci, ten \u00faraz se vlastn\u011b nestane jenom v\u00e1m, ale i tomu va\u0161emu okol\u00ed, \u017ee jo, tak\u017ee naprosto tomu rozum\u00edm, mn\u011b se to prost\u011b st\u00e1t m\u016f\u017ee, ale, ale zase \u017eivot jde d\u00e1l a je pot\u0159eba se k tomu n\u011bjak\u00fdm zp\u016fsobem postavit a p\u0159ijmout tu situaci, kter\u00e1 nastala.<\/p>\n<p><strong>Vy m\u00e1te dv\u011b dcery, vi\u010fte?Co d\u011blaj\u00ed?<\/strong><\/p>\n<p>Tak ony u\u017e jsou velk\u00fd. Tak ona jedna te\u010f se dostala na vysokou \u0161kolu, co\u017e mi ud\u011blala velkou radost, te\u010f odmaturovala, a druh\u00e1 je na z\u00e1kladn\u00ed \u0161kole v 8. t\u0159\u00edd\u011b a tam je na mn\u011b, abysem se tro\u0161i\u010dku sna\u017eil j\u00ed pomoct, proto\u017ee je dyslektik, tak\u017ee tam se spolu sna\u017e\u00edme u\u010dit pravideln\u011b.<\/p>\n<p><strong>Co sport a holky, mysl\u00edm?<\/strong><\/p>\n<p>No holky moc nesportujou, ale jsou sp\u00ed\u0161 takov\u00fd um\u011blecky zam\u011b\u0159en\u00fd. Ony jsou, malujou kr\u00e1sn\u011b a pr\u00e1v\u011b jedna studovala Hollarovu \u0161kolu, tak\u017ee to je skv\u011bl\u00fd za grafickej design a je p\u0159ijata na dal\u0161\u00ed vysokou \u0161kolu grafick\u00fdho designu, tak\u017ee i ta druh\u00e1 m\u00e1 tyhlety, m\u00e1 tyhlety jakoby sklony. To jako pro m\u011b jako pro sportovce je to takov\u00fd t\u011b\u017ek\u00fd, ale, ale ne samoz\u0159ejm\u011b je to jenom s nads\u00e1zkou, je to samoz\u0159ejm\u011b kr\u00e1sn\u00fd, kdy\u017e ty holky d\u011blaj\u00ed, co je bav\u00ed, tak je to hezk\u00fd.<\/p>\n<p><strong>No a nav\u00edc vy jste se tomu designu sv\u00fdho \u010dasu v\u011bnoval, \u017ee &#8230;<\/strong><\/p>\n<p>No to bylo sp\u00ed\u0161 z leknut\u00ed, ale, ale jo, sna\u017eil jsem se n\u011bjak\u00fdm zp\u016fsobem pomoct firm\u011b, kter\u00e1 mn\u011b pomohla taky.<\/p>\n<p><strong>co je te\u010f p\u0159ed v\u00e1mi \u00fapln\u011b nejbl\u00ed\u017e?<\/strong><\/p>\n<p>Tak \u00fapln\u011b nejbl\u00ed\u017e je takovej m\u016fj \u00fakol je, pozvat v\u0161echny lidi k \u00fa\u010dasti na maratonu. Vy jste se k tomu tro\u0161i\u010dku vyj\u00e1d\u0159il, j\u00e1 jsem to ne\u0159ekl \u00fapln\u011b p\u0159esn\u011b. Ten maraton nen\u00ed p\u0159\u00edmo jenom pro ty lidi, kter\u00fd ten maraton jedou, ale samoz\u0159ejm\u011b ty t\u00fdmy si vytv\u00e1\u0159ej\u00ed svoje fankluby, kter\u00fd si m\u016f\u017eou vytv\u00e1\u0159et na na\u0161ich str\u00e1nk\u00e1ch www.111hodin.cz a kdokoli se p\u0159id\u00e1 k tomu t\u00fdmu kdekoli na silnici, m\u016f\u017ee b\u00fdt jednak jejich povolen\u00fdm dopingem, m\u016f\u017ee jim pomoct t\u00edm, \u017ee pojedou s nima a t\u00edm jim psychicky pomoct a nav\u00edc m\u016f\u017eou vyhr\u00e1t spoustu zaj\u00edmavejch cen, tak\u017ee budeme r\u00e1di, kdy\u017e se p\u0159ipojej k tomu, k t\u00fd my\u0161lence, p\u0159ipojej se, pod\u00edvaj se na ty str\u00e1nky a budou s n\u00e1ma v kontaktu. Tak\u017ee to je takov\u00e1 prvn\u00ed v\u011bc, kter\u00e1, na kterou bych cht\u011bl lidi moc a moc pozvat. A m\u016f\u017eou se p\u0159idat kdekoli v republice, proto\u017ee projedeme opravdu celou \u010ceskou republikou, tak\u017ee m\u016f\u017eou se p\u0159idat kdekoli. No a te\u010f n\u00e1s \u010dek\u00e1 v nejbli\u017e\u0161\u00ed dob\u011b n\u00e1s \u010dek\u00e1 s br\u00e1chou, pr\u00e1v\u011b o tom jsme mluvili, Survival a pevn\u011b v\u011b\u0159\u00edm tomu, \u017ee dopadneme l\u00e9pe ne\u017e loni, kdy jsme m\u011bli 11 trestn\u00fdch hodin, kdy jsme nemohli naj\u00edt n\u011bkter\u00fd ty body, tak\u017ee douf\u00e1m, \u017ee se n\u00e1m to letos povede l\u00e9pe.<\/p>\n<p><strong>Tak kdy\u017e poslechnete He\u0159mana Volfa a p\u0159id\u00e1te se k t\u00e9 akci 111 hodin, tak, jak \u0159\u00edkal, tak si u\u017eijete. U\u017eijete si nejenom jaksi z\u00e1\u017eitek, ale taky prosp\u011bjete dobr\u00e9 v\u011bci, co\u017e je optim\u00e1ln\u00ed spojen\u00ed. Moc v\u00e1m d\u011bkuju a p\u0159eju hodn\u011b zdaru.<\/strong><\/p>\n","protected":false},"excerpt":{"rendered":"<div class=\"mh-excerpt\"><p>\u010cesk\u00fd rozhlas ve studiu Tandem hovo\u0159il se\u00a0 sportovcem a voz\u00ed\u010dk\u00e1\u0159em He\u0159manem Volfem, kter\u00fd si nese zku\u0161enost, \u017ee nejsou v\u0161echny cesty \u017eivota proch\u00e1zkou r\u016f\u017eov\u00fdm sadem. Ale <a class=\"mh-excerpt-more\" href=\"https:\/\/www.invarena.cz\/?p=16713\" title=\"Volf: \u017divot \u00farazem nekon\u010d\u00ed\">[&#8230;]<\/a><\/p>\n<\/div>","protected":false},"author":1,"featured_media":10390,"comment_status":"open","ping_status":"closed","sticky":false,"template":"","format":"standard","meta":{"footnotes":""},"categories":[12],"tags":[],"class_list":["post-16713","post","type-post","status-publish","format-standard","has-post-thumbnail","hentry","category-rozhovory"],"_links":{"self":[{"href":"https:\/\/www.invarena.cz\/index.php?rest_route=\/wp\/v2\/posts\/16713","targetHints":{"allow":["GET"]}}],"collection":[{"href":"https:\/\/www.invarena.cz\/index.php?rest_route=\/wp\/v2\/posts"}],"about":[{"href":"https:\/\/www.invarena.cz\/index.php?rest_route=\/wp\/v2\/types\/post"}],"author":[{"embeddable":true,"href":"https:\/\/www.invarena.cz\/index.php?rest_route=\/wp\/v2\/users\/1"}],"replies":[{"embeddable":true,"href":"https:\/\/www.invarena.cz\/index.php?rest_route=%2Fwp%2Fv2%2Fcomments&post=16713"}],"version-history":[{"count":0,"href":"https:\/\/www.invarena.cz\/index.php?rest_route=\/wp\/v2\/posts\/16713\/revisions"}],"wp:featuredmedia":[{"embeddable":true,"href":"https:\/\/www.invarena.cz\/index.php?rest_route=\/wp\/v2\/media\/10390"}],"wp:attachment":[{"href":"https:\/\/www.invarena.cz\/index.php?rest_route=%2Fwp%2Fv2%2Fmedia&parent=16713"}],"wp:term":[{"taxonomy":"category","embeddable":true,"href":"https:\/\/www.invarena.cz\/index.php?rest_route=%2Fwp%2Fv2%2Fcategories&post=16713"},{"taxonomy":"post_tag","embeddable":true,"href":"https:\/\/www.invarena.cz\/index.php?rest_route=%2Fwp%2Fv2%2Ftags&post=16713"}],"curies":[{"name":"wp","href":"https:\/\/api.w.org\/{rel}","templated":true}]}}