{"id":16761,"date":"2014-07-05T14:18:20","date_gmt":"2014-07-05T12:18:20","guid":{"rendered":"http:\/\/www.invarena.cz\/?p=16761"},"modified":"2014-07-05T14:18:20","modified_gmt":"2014-07-05T12:18:20","slug":"stat-dal-invalidni-duchodkyni-dotaci-ted-ji-chce-zpatky","status":"publish","type":"post","link":"https:\/\/www.invarena.cz\/?p=16761","title":{"rendered":"St\u00e1t dal invalidn\u00ed d\u016fchodkyni dotaci, te\u010f ji chce zp\u00e1tky"},"content":{"rendered":"<p><strong>St\u00e1t chce, aby mu <span class=\"highlight\">invalidn\u00ed<\/span> d\u016fchodkyn\u011b vr\u00e1tila 130 tis\u00edc korun, kter\u00e9 j\u00ed p\u0159ed lety s\u00e1m dal jako dotaci na rekonstrukci domu.\u00a0 \u00da\u0159edn\u00edci v\u0161ak na\u0161li chybu&#8230;<\/strong><!--more--><\/p>\n<p><em><strong>report\u00e1\u017e televize Nova<\/strong><\/em><\/p>\n<p>\u017dena dostala pen\u00edze v r\u00e1mci programu Zelen\u00e1 \u00faspor\u00e1m. Nechala si od architekta vypracovat projekt, \u00fa\u0159ady ho schv\u00e1lily a vyplatily pen\u00edze. Po letech ale \u00fa\u0159edn\u00edci v jimi schv\u00e1len\u00e9m projektu na\u0161li chybu. Za tu sice \u017eena nem\u016f\u017ee, ale st\u00e1t po n\u00ed pen\u00edze p\u0159esto vym\u00e1h\u00e1.<\/p>\n<p>Jana Mlakov\u00e1 se v roce 2009 rozhodla z\u00edskat dotaci z programu Zelen\u00e1 \u00faspor\u00e1m. Ten nab\u00edzel p\u0159\u00edsp\u011bvky na rekonstrukce vedouc\u00ed k energetick\u00fdm \u00faspor\u00e1m u rodinn\u00fdch a bytov\u00fdch dom\u016f. \u017dena si proto nechala od experta vypracovat projekt.<\/p>\n<p>Jana MLAKOV\u00c1<br \/>\nCel\u00e1 ta dokumentace vlastn\u011b byla schv\u00e1lena. Realizovali jsme tu v\u00fdm\u011bnu oken a realizaci zimn\u00ed zahrady.<br \/>\nPo dvou letech \u00fa\u0159edn\u00edci p\u0159i kontrole zjistili, \u017ee expert ud\u011blal chybu ve v\u00fdpo\u010dtu. D\u0159\u00edv na to nep\u0159i\u0161li, p\u0159esto\u017ee s nimi projekt pr\u016fb\u011b\u017en\u011b konzultoval a \u00fa\u0159ednice ho dokonce i schv\u00e1lily.<\/p>\n<p>Petra KOL\u00cdNSK\u00c1, ombudsmanka St\u00e1tn\u00edho fondu \u017eivotn\u00edho prost\u0159ed\u00ed:<br \/>\nV projektov\u00e9 dokumentaci jsou chyby, te\u010f je ot\u00e1zka, jak s t\u011bmi chybami nalo\u017eit.<br \/>\nPot\u00e9, co jsme se o p\u0159\u00edpad za\u010dali zaj\u00edmat, St\u00e1tn\u00ed fond \u017eivotn\u00edho prost\u0159ed\u00ed vym\u00e1h\u00e1n\u00ed pen\u011bz pozastavil. To ale neznamen\u00e1, \u017ee nakonec pan\u00ed Mlakov\u00e1 130 tis\u00edc korun nebude muset vracet.<\/p>\n<p>Jana MLAKOV\u00c1:<br \/>\nA \u0159ekli, \u017ee vr\u00e1t\u00edm ji \u00fapln\u011b celou, proto\u017ee m\u016fj energetick\u00fd projekt je vypo\u010d\u00edtan\u00fd \u0161patn\u011b.<br \/>\nSouboj <span class=\"highlight\">invalidn\u00ed<\/span> d\u016fchodkyn\u011b s \u00fa\u0159adem trv\u00e1 t\u00e9m\u011b\u0159 3 roky.<\/p>\n<p>Petra KOL\u00cdNSK\u00c1,<br \/>\nUzn\u00e1v\u00e1m, \u017ee ta doba, po kterou se to \u0159e\u0161\u00ed, je to dlouh\u00e9 \u010dasov\u00e9 obdob\u00ed.<br \/>\nV r\u00e1mci programu bylo v letech 2009 a\u017e 2010 St\u00e1tn\u00edm fondem \u017eivotn\u00edho prost\u0159ed\u00ed schv\u00e1leno 75 tis\u00edc projekt\u016f. A kontrola prob\u00edhala zhruba u 10 procent z nich. U 140 kontrolovan\u00fdch projekt\u016f se pak na\u0161ly tak z\u00e1sadn\u00ed chyby, \u017ee \u017eadatel\u00e9 budou muset dotace nakonec vr\u00e1tit.<\/p>\n<p>Petra KOL\u00cdNSK\u00c1,<br \/>\n\u017d\u00e1dosti za 13 milion\u016f korun maj\u00ed jakoby velk\u00fd probl\u00e9m a m\u011bly by se ty pen\u00edze vr\u00e1tit.<br \/>\n<strong>Podle ombudsmanky by lid\u00e9 m\u011bli s projektantem pro jistotu v\u017edy podepsat smlouvu, podle kter\u00e9 finan\u010dn\u00ed odpov\u011bdnost za chyby mus\u00ed n\u00e9st pr\u00e1v\u011b on.<\/strong><\/p>\n<p>&nbsp;<\/p>\n","protected":false},"excerpt":{"rendered":"<div class=\"mh-excerpt\"><p>St\u00e1t chce, aby mu invalidn\u00ed d\u016fchodkyn\u011b vr\u00e1tila 130 tis\u00edc korun, kter\u00e9 j\u00ed p\u0159ed lety s\u00e1m dal jako dotaci na rekonstrukci domu.\u00a0 \u00da\u0159edn\u00edci v\u0161ak na\u0161li chybu&#8230;<\/p>\n<\/div>","protected":false},"author":1,"featured_media":0,"comment_status":"open","ping_status":"closed","sticky":false,"template":"","format":"standard","meta":{"footnotes":""},"categories":[7],"tags":[],"class_list":["post-16761","post","type-post","status-publish","format-standard","hentry","category-spolecnost"],"_links":{"self":[{"href":"https:\/\/www.invarena.cz\/index.php?rest_route=\/wp\/v2\/posts\/16761","targetHints":{"allow":["GET"]}}],"collection":[{"href":"https:\/\/www.invarena.cz\/index.php?rest_route=\/wp\/v2\/posts"}],"about":[{"href":"https:\/\/www.invarena.cz\/index.php?rest_route=\/wp\/v2\/types\/post"}],"author":[{"embeddable":true,"href":"https:\/\/www.invarena.cz\/index.php?rest_route=\/wp\/v2\/users\/1"}],"replies":[{"embeddable":true,"href":"https:\/\/www.invarena.cz\/index.php?rest_route=%2Fwp%2Fv2%2Fcomments&post=16761"}],"version-history":[{"count":0,"href":"https:\/\/www.invarena.cz\/index.php?rest_route=\/wp\/v2\/posts\/16761\/revisions"}],"wp:attachment":[{"href":"https:\/\/www.invarena.cz\/index.php?rest_route=%2Fwp%2Fv2%2Fmedia&parent=16761"}],"wp:term":[{"taxonomy":"category","embeddable":true,"href":"https:\/\/www.invarena.cz\/index.php?rest_route=%2Fwp%2Fv2%2Fcategories&post=16761"},{"taxonomy":"post_tag","embeddable":true,"href":"https:\/\/www.invarena.cz\/index.php?rest_route=%2Fwp%2Fv2%2Ftags&post=16761"}],"curies":[{"name":"wp","href":"https:\/\/api.w.org\/{rel}","templated":true}]}}