{"id":16762,"date":"2014-07-05T15:12:58","date_gmt":"2014-07-05T13:12:58","guid":{"rendered":"http:\/\/www.invarena.cz\/?p=16762"},"modified":"2014-07-05T15:12:58","modified_gmt":"2014-07-05T13:12:58","slug":"vada-reci-jako-hendikep-na-trhu-prace","status":"publish","type":"post","link":"https:\/\/www.invarena.cz\/?p=16762","title":{"rendered":"Vada \u0159e\u010di jako hendikep na trhu pr\u00e1ce"},"content":{"rendered":"<p><strong>V Brn\u011b vznikla kav\u00e1rna, kde obsluhuj\u00ed lid\u00e9 s vadou \u0159e\u010di. Pacienti po mrtvici s tracheostomi\u00ed, anebo t\u011b\u017ece koktav\u00ed, toti\u017e maj\u00ed obrovsk\u00fd probl\u00e9m sehnat pr\u00e1ci.<\/strong><!--more--><\/p>\n<p><em><strong>report\u00e1\u017e \u010cesk\u00e1 televize, Brno<\/strong><\/em><\/p>\n<p>St\u00e1t nav\u00edc jejich zam\u011bstn\u00e1v\u00e1n\u00ed nepodporuje. Ob\u010dansk\u00e9 sdru\u017een\u00ed LOGO proto otev\u0159elo kav\u00e1rnu, kde lidi s takov\u00fdm hendikepem uplatn\u011bn\u00ed najdou. Vadou \u0159e\u010di trp\u00ed ka\u017ed\u00fd dvac\u00e1t\u00fd \u010cech.<\/p>\n<p>Osmadvacetilet\u00e1 Jana Wognarov\u00e1 z Ivan\u010dic m\u011bla probl\u00e9my s mluven\u00edm od mali\u010dka. A\u017e po \u0161kole ale zjistila, jak moc dok\u00e1\u017ee zadrh\u00e1v\u00e1n\u00ed ovlivnit \u017eivot.<\/p>\n<p>Jana WOGNAROV\u00c1,<br \/>\n2 roky jsem byla na prac\u00e1ku z toho d\u016fvodu, \u017ee jsem se vlastn\u011b zadrh\u00e1vala. N\u011bkte\u0159\u00ed zam\u011bstnavatel\u00e9 opravdu, kdy\u017e vid\u011bli, s \u010d\u00edm jsem p\u0159i\u0161la, s jak\u00fdm vyjad\u0159ov\u00e1n\u00edm, tak d\u00e1vali aj najevo, \u017ee s t\u00edm nesouhlas\u00ed.<br \/>\nSehnat zam\u011bstn\u00e1n\u00ed, ve kter\u00e9m j\u00ed neodm\u00edtnou p\u0159edem, j\u00ed pomohlo sdru\u017een\u00ed LOGO. Pro podobn\u011b <span class=\"highlight\">posti\u017een\u00e9<\/span> te\u010f otev\u0159elo kav\u00e1rnu. Zat\u00edm tady pracuj\u00ed 4 zam\u011bstnankyn\u011b.<\/p>\n<p>Hana JEL\u00cdNKOV\u00c1, soci\u00e1ln\u00ed pracovnice:<br \/>\nBu\u010f se s t\u00edm \u010dlov\u011bk narod\u00ed, nebo p\u0159i \u0161patn\u011b skon\u010den\u00e9 operaci, anebo p\u0159i ur\u010dit\u00e9m \u0161oku, jo, dostane t\u0159eba \u0161ok, lekne se, anebo p\u0159i ur\u010dit\u00e9 nehod\u011b, jo, po c\u00e9vn\u00edch mozkov\u00fdch p\u0159\u00edhod\u00e1ch.<br \/>\nKrom\u011b toho, \u017ee pracovnice kav\u00e1rny obsluhuj\u00ed hosty, z\u00e1rove\u0148 ka\u017ed\u00fd den pe\u010dou dezerty a p\u0159ipravuj\u00ed ob\u010derstven\u00ed. Je mezi nimi i p\u011btapades\u00e1tilet\u00e1 Monika Svobodov\u00e1. M\u011bla autonehodu, bol\u00ed j\u00ed p\u00e1te\u0159, dos\u00e1hne proto na \u010d\u00e1ste\u010dn\u00fd <span class=\"highlight\">invalidn\u00ed<\/span> d\u016fchod. K platu tak dost\u00e1v\u00e1 i pen\u00edze od st\u00e1tu, a z\u00e1rove\u0148 se vyplat\u00ed i tomu, kdo j\u00ed zam\u011bstn\u00e1, dostane na ni toti\u017e dotaci. Jen\u017ee jej\u00ed kolegyn\u011b, kter\u00e9 trp\u00ed pouze vadou \u0159e\u010di, u\u017e pro trh pr\u00e1ce tak v\u00fdhodn\u00e9 nejsou. Nav\u00edc nem\u016f\u017eou pracovat nap\u0159\u00edklad jako sekret\u00e1\u0159ky, prodava\u010dky nebo telefonn\u00ed oper\u00e1torky.<\/p>\n<p>Tom\u00e1\u0161 OSTR\u00dd, \u0159editel kav\u00e1rny, p\u0159edseda ob\u010dansk\u00e9ho sdru\u017een\u00ed LOGO:<br \/>\nSou\u010dasn\u00fd syst\u00e9m je toti\u017e nastaven tak, \u017ee se \u0159e\u0161\u00ed pouze to fyzi\u010dno, to znamen\u00e1, pokud ten \u010dlov\u011bk se dok\u00e1\u017ee fyzicky s\u00e1m o sebe postarat, tak nen\u00ed br\u00e1n dal\u0161\u00ed z\u0159etel.<br \/>\nOb\u010dansk\u00e9 sdru\u017een\u00ed LOGO se tak sna\u017e\u00ed alespo\u0148 oslovovat zam\u011bstnavatele a vysv\u011btlit jim, \u017ee pokud \u010dlov\u011bk neum\u00ed po\u0159\u00e1dn\u011b mluvit, neznamen\u00e1 to, \u017ee v\u016fbec nem\u016f\u017ee pracovat. Kdo m\u00e1 p\u0159esto probl\u00e9m, m\u016f\u017ee se obr\u00e1tit na kav\u00e1rnu. Zat\u00edm jsou tam je\u0161t\u011b 2 voln\u00e1 m\u00edsta.<\/p>\n<p>&nbsp;<\/p>\n","protected":false},"excerpt":{"rendered":"<div class=\"mh-excerpt\"><p>V Brn\u011b vznikla kav\u00e1rna, kde obsluhuj\u00ed lid\u00e9 s vadou \u0159e\u010di. Pacienti po mrtvici s tracheostomi\u00ed, anebo t\u011b\u017ece koktav\u00ed, toti\u017e maj\u00ed obrovsk\u00fd probl\u00e9m sehnat pr\u00e1ci.<\/p>\n<\/div>","protected":false},"author":1,"featured_media":0,"comment_status":"open","ping_status":"closed","sticky":false,"template":"","format":"standard","meta":{"footnotes":""},"categories":[9],"tags":[],"class_list":["post-16762","post","type-post","status-publish","format-standard","hentry","category-zpravy"],"_links":{"self":[{"href":"https:\/\/www.invarena.cz\/index.php?rest_route=\/wp\/v2\/posts\/16762","targetHints":{"allow":["GET"]}}],"collection":[{"href":"https:\/\/www.invarena.cz\/index.php?rest_route=\/wp\/v2\/posts"}],"about":[{"href":"https:\/\/www.invarena.cz\/index.php?rest_route=\/wp\/v2\/types\/post"}],"author":[{"embeddable":true,"href":"https:\/\/www.invarena.cz\/index.php?rest_route=\/wp\/v2\/users\/1"}],"replies":[{"embeddable":true,"href":"https:\/\/www.invarena.cz\/index.php?rest_route=%2Fwp%2Fv2%2Fcomments&post=16762"}],"version-history":[{"count":0,"href":"https:\/\/www.invarena.cz\/index.php?rest_route=\/wp\/v2\/posts\/16762\/revisions"}],"wp:attachment":[{"href":"https:\/\/www.invarena.cz\/index.php?rest_route=%2Fwp%2Fv2%2Fmedia&parent=16762"}],"wp:term":[{"taxonomy":"category","embeddable":true,"href":"https:\/\/www.invarena.cz\/index.php?rest_route=%2Fwp%2Fv2%2Fcategories&post=16762"},{"taxonomy":"post_tag","embeddable":true,"href":"https:\/\/www.invarena.cz\/index.php?rest_route=%2Fwp%2Fv2%2Ftags&post=16762"}],"curies":[{"name":"wp","href":"https:\/\/api.w.org\/{rel}","templated":true}]}}