{"id":16766,"date":"2014-07-06T13:25:16","date_gmt":"2014-07-06T11:25:16","guid":{"rendered":"http:\/\/www.invarena.cz\/?p=16766"},"modified":"2014-07-06T13:25:16","modified_gmt":"2014-07-06T11:25:16","slug":"na-narodni-pout-na-velehrad-dorazilo-30-tisic-lidi","status":"publish","type":"post","link":"https:\/\/www.invarena.cz\/?p=16766","title":{"rendered":"Na n\u00e1rodn\u00ed pou\u0165 na Velehrad dorazilo 30 tis\u00edc lid\u00ed"},"content":{"rendered":"<p><strong>Poutn\u00ed m\u0161e na Velehradu, kterou vyvrcholily leto\u0161n\u00ed oslavy p\u0159\u00edchodu slovansk\u00fdch v\u011brozv\u011bst\u016f Cyrila a Metod\u011bje, nav\u0161t\u00edvilo podle organiz\u00e1tor\u016f odhadem 30 tis\u00edc poutn\u00edk\u016f. V porovn\u00e1n\u00ed s lo\u0148skem, kdy se slavilo v\u00fdznamn\u00e9 v\u00fdro\u010d\u00ed 1150 let, to byla jenzhruba polovina.<\/strong> <!--more--><\/p>\n<p>&#8222;S lo\u0148sk\u00fdm rokem se \u00fa\u010dast ned\u00e1 srovn\u00e1vat, slavilo se tehdy velk\u00e9 jubileum. I tak n\u00e1s n\u00e1v\u0161t\u011bvnost p\u0159ekvapila, p\u0159ijelo v\u00edce lid\u00ed, ne\u017e jsme p\u0159edpokl\u00e1dali,&#8220; \u0159ekl tajemn\u00edk Dn\u016f lid\u00ed dobr\u00e9 v\u016fle Josef Ko\u0159enek. Doplnil, \u017ee p\u00e1te\u010dn\u00ed benefi\u010dn\u00ed koncert si nenechalo uj\u00edt na 20.000 lid\u00ed.<br \/>\nZ hlediska policie byla slavnost klidn\u00e1. Podle mluv\u010d\u00edho uherskohradi\u0161\u0165sk\u00e9 policie Ale\u0161e Mergentala nezaznamenali policist\u00e9 v souvislosti s oslavami \u017e\u00e1dn\u00fd probl\u00e9m, pot\u00ed\u017ee nebyly ani s dopravou.<\/p>\n<p>Zdravotn\u00edci o\u0161et\u0159ili 25 lid\u00ed; co\u017e bylo proti p\u0159edchoz\u00edm roku podstatn\u011b m\u00e9n\u011b. Pomoc jim u\u017e tradi\u010dn\u011b poskytli \u010dlenov\u00e9 Malt\u00e9zsk\u00e9 pomoci. &#8222;Letos jsme m\u011bli t\u0159i \u00farazy obli\u010deje. Lid\u00e9 zakopli na nov\u00fdch kostk\u00e1ch, co\u017e se nikdy nestalo. Hodn\u011b jsme o\u0161et\u0159ovali tak\u00e9 lidi, kte\u0159\u00ed se sp\u00e1lili na slun\u00ed\u010dku,&#8220; \u0159ekla \u010cTK hlavn\u00ed sestra Lucie Mare\u0161ov\u00e1. Dodala, \u017ee pomoc poskytli kv\u016fli kolapsu i jednomu z ministrant\u016f.<\/p>\n<p>Poutn\u00edci na Velehrad dorazili z \u010ceska i zahrani\u010d\u00ed. Podle Ko\u0159enka \u0161lo o v\u011b\u0159\u00edc\u00ed nap\u0159\u00edklad z N\u011bmecka, Ma\u010farska, Rakouska a Polska. P\u011b\u0161ky dorazilo nap\u0159\u00edklad dev\u011bt skaut\u016f ze Slatinic na Olomoucku. &#8222;Vyrazili jsme u\u017e p\u0159edev\u010d\u00edrem a od Kory\u010dan jsme \u0161li p\u011b\u0161ky. Spali jsme pod \u0161ir\u00e1kem. Je to u\u017e tradice,&#8220; \u0159ekl skaut Vojt\u011bch Bartek. Po\u010das\u00ed v\u0161ak poutn\u00edk\u016fm nep\u0159\u00e1lo, d\u00e9\u0161\u0165 se zde st\u0159\u00eddal s ostr\u00fdm sluncem a vyjasnilo se pouze p\u0159i samotn\u00e9 m\u0161i.<\/p>\n<p>Odkaz v\u011brozv\u011bst\u016f si v t\u011bchto dnech p\u0159ipom\u00edn\u00e1 cel\u00e1 zem\u011b. Jejich k\u0159es\u0165ansk\u00e1 mise polo\u017eila ve druh\u00e9 polovin\u011b 9. stolet\u00ed na Morav\u011b z\u00e1klady vzniku \u010desk\u00e9ho st\u00e1tu. P\u0159elo\u017eili biblick\u00e9 a liturgick\u00e9 texty a upravili pro slovanskou \u0159e\u010d p\u00edsmo, vytvo\u0159ili sv\u011btsk\u00fd a c\u00edrkevn\u00ed z\u00e1kon\u00edk a dali mnoho podn\u011bt\u016f pro zp\u011bv, ikonografii a kazatelskou \u010dinnost i pro politiku, diplomacii a hospod\u00e1\u0159stv\u00ed. Cyril zem\u0159el v roce 869 v \u0158\u00edm\u011b, Metod\u011bj, kter\u00fd pok\u0159til \u010desk\u00e9ho kn\u00ed\u017eete Bo\u0159ivoje, zem\u0159el roku 885 a byl poh\u0159ben v n\u011bkter\u00e9m z velkomoravsk\u00fdch kostel\u016f.<\/p>\n","protected":false},"excerpt":{"rendered":"<div class=\"mh-excerpt\"><p>Poutn\u00ed m\u0161e na Velehradu, kterou vyvrcholily leto\u0161n\u00ed oslavy p\u0159\u00edchodu slovansk\u00fdch v\u011brozv\u011bst\u016f Cyrila a Metod\u011bje, nav\u0161t\u00edvilo podle organiz\u00e1tor\u016f odhadem 30 tis\u00edc poutn\u00edk\u016f. V porovn\u00e1n\u00ed s lo\u0148skem, <a class=\"mh-excerpt-more\" href=\"https:\/\/www.invarena.cz\/?p=16766\" title=\"Na n\u00e1rodn\u00ed pou\u0165 na Velehrad dorazilo 30 tis\u00edc lid\u00ed\">[&#8230;]<\/a><\/p>\n<\/div>","protected":false},"author":1,"featured_media":7471,"comment_status":"open","ping_status":"closed","sticky":false,"template":"","format":"standard","meta":{"footnotes":""},"categories":[17],"tags":[],"class_list":["post-16766","post","type-post","status-publish","format-standard","has-post-thumbnail","hentry","category-kultura"],"_links":{"self":[{"href":"https:\/\/www.invarena.cz\/index.php?rest_route=\/wp\/v2\/posts\/16766","targetHints":{"allow":["GET"]}}],"collection":[{"href":"https:\/\/www.invarena.cz\/index.php?rest_route=\/wp\/v2\/posts"}],"about":[{"href":"https:\/\/www.invarena.cz\/index.php?rest_route=\/wp\/v2\/types\/post"}],"author":[{"embeddable":true,"href":"https:\/\/www.invarena.cz\/index.php?rest_route=\/wp\/v2\/users\/1"}],"replies":[{"embeddable":true,"href":"https:\/\/www.invarena.cz\/index.php?rest_route=%2Fwp%2Fv2%2Fcomments&post=16766"}],"version-history":[{"count":0,"href":"https:\/\/www.invarena.cz\/index.php?rest_route=\/wp\/v2\/posts\/16766\/revisions"}],"wp:featuredmedia":[{"embeddable":true,"href":"https:\/\/www.invarena.cz\/index.php?rest_route=\/wp\/v2\/media\/7471"}],"wp:attachment":[{"href":"https:\/\/www.invarena.cz\/index.php?rest_route=%2Fwp%2Fv2%2Fmedia&parent=16766"}],"wp:term":[{"taxonomy":"category","embeddable":true,"href":"https:\/\/www.invarena.cz\/index.php?rest_route=%2Fwp%2Fv2%2Fcategories&post=16766"},{"taxonomy":"post_tag","embeddable":true,"href":"https:\/\/www.invarena.cz\/index.php?rest_route=%2Fwp%2Fv2%2Ftags&post=16766"}],"curies":[{"name":"wp","href":"https:\/\/api.w.org\/{rel}","templated":true}]}}