{"id":16784,"date":"2014-07-08T11:45:14","date_gmt":"2014-07-08T09:45:14","guid":{"rendered":"http:\/\/www.invarena.cz\/?p=16784"},"modified":"2014-10-17T22:30:02","modified_gmt":"2014-10-17T20:30:02","slug":"lodku-s-postizenymi-ktera-se-prevrhla-obsluhoval-opily-muz","status":"publish","type":"post","link":"https:\/\/www.invarena.cz\/?p=16784","title":{"rendered":"Lo\u010fku s posti\u017een\u00fdmi, kter\u00e1 se p\u0159evrhla, obsluhoval opil\u00fd mu\u017e"},"content":{"rendered":"<p><strong>Obsluha lo\u010fky, kter\u00e1 se ve st\u0159edu p\u0159evrhla se \u0161esti ment\u00e1ln\u011b <span class=\"highlight\">posti\u017een\u00fdmi<\/span> na Milovsk\u00e9m rybn\u00edku, byla opil\u00e1. Mu\u017e, jen\u017e m\u011bl plavidlo na starost, na b\u0159ehu nad\u00fdchal 1,48 promile. Na lodi nav\u00edc bylo dvakr\u00e1t v\u00edce lid\u00ed, ne\u017e pro kolik byla ur\u010den\u00e1.<\/strong><br \/>\n<!--more--><\/p>\n<p>Opil\u00fdm mu\u017eem je jeden ze zam\u011bstnanc\u016f, kte\u0159\u00ed zaji\u0161\u0165uj\u00ed organizaci a program zdravotn\u011b rehabilita\u010dn\u00edho t\u00e1bora. Ten tak\u00e9 na Milovsk\u00e9m rybn\u00edku zap\u016fj\u010dil lo\u010fku. &#8222;Na vyp\u016fj\u010den\u00e9 plavidlo, kter\u00e9 je ur\u010deno pro \u010dty\u0159i osoby, nastoupil spole\u010dn\u011b s o\u0161et\u0159ovatelkou a \u0161esti \u00fa\u010dastn\u00edky t\u00e1bora ve v\u011bku od dvaadvaceti do jedna\u010dty\u0159iceti let,&#8220; uvedla policejn\u00ed mluv\u010d\u00ed Monika P\u00e1tkov\u00e1.<br \/>\nUprost\u0159ed rybn\u00edka se pak lo\u010fka rozk\u00fdvala, nabrala vodu a n\u00e1sledn\u011b se potopila. Cel\u00e1 pos\u00e1dka se za pomoci t\u00e1borov\u00e9ho dozoru dostala na b\u0159eh. Jeden z \u00fa\u010dastn\u00edk\u016f t\u00e1bora musel b\u00fdt o\u0161et\u0159en zdravotn\u00edky a p\u0159evezen do jihlavsk\u00e9 nemocnice. Po p\u00e1du do vody se toti\u017e topil.<br \/>\n&#8222;Vzhledem k tomu, \u017ee mu\u017e jako v\u016fdce mal\u00e9ho plavidla vykon\u00e1val tuto \u010dinnost ve stavu vylu\u010duj\u00edc\u00edm zp\u016fsobilost &#8211; tedy pod vlivem alkoholu &#8211; a nav\u00edc v dob\u011b, kdy byl odpov\u011bdn\u00fd za sv\u011b\u0159ence t\u00e1bora, zah\u00e1jili policist\u00e9 \u00fakony trestn\u00edho \u0159\u00edzen\u00ed pro podez\u0159en\u00ed z p\u0159e\u010dinu ohro\u017een\u00ed pod vlivem n\u00e1vykov\u00e9 l\u00e1tky,&#8220; dodala mluv\u010d\u00ed policie. Za to nyn\u00ed mu\u017ei hroz\u00ed a\u017e rok v\u011bzen\u00ed, p\u0159\u00edpadn\u011b z\u00e1kaz \u010dinnosti.<\/p>\n<p><a href=\"http:\/\/www.idnes.cz\/\">Mlad\u00e1 fronta DNES<\/a><\/p>\n","protected":false},"excerpt":{"rendered":"<div class=\"mh-excerpt\"><p>Obsluha lo\u010fky, kter\u00e1 se ve st\u0159edu p\u0159evrhla se \u0161esti ment\u00e1ln\u011b posti\u017een\u00fdmi na Milovsk\u00e9m rybn\u00edku, byla opil\u00e1. Mu\u017e, jen\u017e m\u011bl plavidlo na starost, na b\u0159ehu nad\u00fdchal <a class=\"mh-excerpt-more\" href=\"https:\/\/www.invarena.cz\/?p=16784\" title=\"Lo\u010fku s posti\u017een\u00fdmi, kter\u00e1 se p\u0159evrhla, obsluhoval opil\u00fd mu\u017e\">[&#8230;]<\/a><\/p>\n<\/div>","protected":false},"author":1,"featured_media":0,"comment_status":"open","ping_status":"closed","sticky":false,"template":"","format":"standard","meta":{"footnotes":""},"categories":[9],"tags":[],"class_list":["post-16784","post","type-post","status-publish","format-standard","hentry","category-zpravy"],"_links":{"self":[{"href":"https:\/\/www.invarena.cz\/index.php?rest_route=\/wp\/v2\/posts\/16784","targetHints":{"allow":["GET"]}}],"collection":[{"href":"https:\/\/www.invarena.cz\/index.php?rest_route=\/wp\/v2\/posts"}],"about":[{"href":"https:\/\/www.invarena.cz\/index.php?rest_route=\/wp\/v2\/types\/post"}],"author":[{"embeddable":true,"href":"https:\/\/www.invarena.cz\/index.php?rest_route=\/wp\/v2\/users\/1"}],"replies":[{"embeddable":true,"href":"https:\/\/www.invarena.cz\/index.php?rest_route=%2Fwp%2Fv2%2Fcomments&post=16784"}],"version-history":[{"count":0,"href":"https:\/\/www.invarena.cz\/index.php?rest_route=\/wp\/v2\/posts\/16784\/revisions"}],"wp:attachment":[{"href":"https:\/\/www.invarena.cz\/index.php?rest_route=%2Fwp%2Fv2%2Fmedia&parent=16784"}],"wp:term":[{"taxonomy":"category","embeddable":true,"href":"https:\/\/www.invarena.cz\/index.php?rest_route=%2Fwp%2Fv2%2Fcategories&post=16784"},{"taxonomy":"post_tag","embeddable":true,"href":"https:\/\/www.invarena.cz\/index.php?rest_route=%2Fwp%2Fv2%2Ftags&post=16784"}],"curies":[{"name":"wp","href":"https:\/\/api.w.org\/{rel}","templated":true}]}}