{"id":16800,"date":"2014-07-08T11:21:16","date_gmt":"2014-07-08T09:21:16","guid":{"rendered":"http:\/\/www.invarena.cz\/?p=16800"},"modified":"2014-07-08T11:49:07","modified_gmt":"2014-07-08T09:49:07","slug":"postizeny-muz-vyhral-boj-s-urednim-simlem","status":"publish","type":"post","link":"https:\/\/www.invarena.cz\/?p=16800","title":{"rendered":"Posti\u017een\u00fd mu\u017e vyhr\u00e1l boj s \u00fa\u0159ady"},"content":{"rendered":"<p><strong>Na televizi Nova se obr\u00e1til dal\u0161\u00ed \u010dlov\u011bk, kter\u00fd se stal podle TV Nova ob\u011bt\u00ed \u00fa\u0159edn\u00edka. Pan \u0160im\u016fnek z Hradce Kr\u00e1lov\u00e9 od roku 2001 kv\u016fli sv\u00e9 nemoci vlastn\u00ed pr\u016fkaz osoby s nejt\u011b\u017e\u0161\u00edm <span class=\"highlight\">zdravotn\u00edm<\/span> posti\u017een\u00edm. Sice mu ho cht\u011bli vz\u00edt, a\u010dkoli byl jeho stav st\u00e1le stejn\u00fd, nakonec ale v\u0161e dob\u0159e dopadlo. <\/strong><!--more--><br \/>\n<em><strong>televize Nova report\u00e1\u017e<\/strong><\/em><\/p>\n<p>Michal \u0160IM\u016eNEK, :<br \/>\n&#8222;M\u00e1 posuzovan\u00e1 osoba,&#8220; to jsem j\u00e1, &#8222;n\u00e1sleduj\u00edc\u00ed posti\u017een\u00ed: zkr\u00e1cen\u00ed doln\u00ed kon\u010detiny p\u0159esahuj\u00edc\u00ed 5 centimetr\u016f.&#8220; Nic v\u00edc.<\/p>\n<p>redaktor: Pova\u017eoval to za \u0161patn\u00fd vtip. Nejen \u017ee to nen\u00ed pravda, ale pr\u00e1vn\u00edk Michal \u0160im\u016fnek trp\u00ed p\u0159edev\u0161\u00edm nevyl\u00e9\u010diteln\u00fdm a st\u00e1le se zhor\u0161uj\u00edc\u00edm odum\u00edr\u00e1n\u00edm nervov\u00fdch zakon\u010den\u00ed a jeho svaly postupn\u011b chabnou.<\/p>\n<p>\u0160IM\u016eNEK, :<br \/>\nJsem z\u00e1visl\u00fd na p\u00e9\u010di vlastn\u011b nejbli\u017e\u0161\u00edho okol\u00ed, man\u017eelky a dal\u0161\u00edch p\u0159\u00e1tel, d\u00e1 se \u0159\u00edct 24 hodin denn\u011b.<\/p>\n<p>redaktor:<br \/>\nPan \u0160im\u016fnek dostal pr\u016fkaz ZTP\/P u\u017e v roce 2001, v dob\u011b, kdy je\u0161t\u011b dok\u00e1zal chodit o berl\u00edch. Te\u010f u\u017e je odk\u00e1z\u00e1n pouze na invalidn\u00ed voz\u00edk a p\u0159esto mu \u00fa\u0159ad pr\u00e1ce pr\u016fkaz zru\u0161il.<\/p>\n<p>\u0160IM\u016eNEK, :<br \/>\nJ\u00e1 s\u00e1m jsem to samoz\u0159ejm\u011b pova\u017eoval za apr\u00edlov\u00fd \u017eert.<\/p>\n<p>\u0160IM\u016eNKOV\u00c1, man\u017eelka:<br \/>\nOni nev\u011bd\u011bj, co to v\u0161echno obn\u00e1\u0161\u00ed se celej den starat jenom o man\u017eela.<\/p>\n<p>redaktor:<br \/>\nSem k posudkov\u00e9 l\u00e9ka\u0159ce se pan \u0160im\u016fnek v\u016fbec dostavovat nemusel. O jeho <span class=\"highlight\">zdravotn\u00edm<\/span> stavu bylo rozhodnuto takzvan\u011b od stolu. My jsme se samoz\u0159ejm\u011b l\u00e9ka\u0159ky cht\u011bli na jej\u00ed stanovisko zeptat, ov\u0161em sama je v pracovn\u00ed neschopnosti. P\u0159\u00edpad ale m\u00e1 dobr\u00fd konec, jakmile jsme se o kauzu za\u010dali zaj\u00edmat, spr\u00e1va soci\u00e1ln\u00edho zabezpe\u010den\u00ed sv\u00e9 rozhodnut\u00ed zm\u011bnila.<\/p>\n<p>Jana BUR\u00c1\u0147OV\u00c1, mluv\u010d\u00ed \u010cSSZ:<br \/>\nDo\u0161lo k administrativn\u00edmu pochyben\u00ed. Ke zm\u011bn\u011b dlouhodob\u011b nep\u0159\u00edzniv\u00e9ho <span class=\"highlight\">zdravotn\u00edho<\/span> stavu nedo\u0161lo. \u00da\u0159ad pr\u00e1ce m\u016f\u017ee tedy vystavit nov\u00e9 opravn\u00e9 rozhodnut\u00ed a pr\u016fkazku zachovat.<\/p>\n<p>redaktor:<br \/>\nTento p\u0159\u00edpad ale nen\u00ed ojedin\u011bl\u00fd, d\u016fvodem je tak\u00e9 to, \u017ee st\u00e1t \u0161et\u0159\u00ed, a to se p\u0159itom ministryn\u011b pr\u00e1ce a soci\u00e1ln\u00edch v\u011bc\u00ed Michaela Marksov\u00e1 kr\u00e1tce po sv\u00e9m n\u00e1stupu do \u00fa\u0159adu du\u0161ovala, \u017ee se za posti\u017een\u00e9 bude b\u00edt jako lev.<\/p>\n<p>Michaela MARKSOV\u00c1, ministryn\u011b pr\u00e1ce a soc. v\u011bc\u00ed \/\u010cSSD\/ \/archivn\u00ed z\u00e1b\u011bry\/:<br \/>\nV\u0161ichni v\u00edme, co se tady d\u011blo za exministra Dr\u00e1bka, \u017ee vlastn\u011b \u0161et\u0159il zejm\u00e9na na t\u011bch nejslab\u0161\u00edch, na zdravotn\u011b posti\u017een\u00fdch. A my to te\u010f m\u011bn\u00edme.<\/p>\n<p>redaktor:<br \/>\nPokud se dostanete do podobn\u00e9 situace jako pan \u0160im\u016fnek, nenechte si to pro sebe a bojujte.<\/p>\n<p>ilustra\u010dn\u00ed foto: click MorgueFile<\/p>\n","protected":false},"excerpt":{"rendered":"<div class=\"mh-excerpt\"><p>Na televizi Nova se obr\u00e1til dal\u0161\u00ed \u010dlov\u011bk, kter\u00fd se stal podle TV Nova ob\u011bt\u00ed \u00fa\u0159edn\u00edka. Pan \u0160im\u016fnek z Hradce Kr\u00e1lov\u00e9 od roku 2001 kv\u016fli sv\u00e9 <a class=\"mh-excerpt-more\" href=\"https:\/\/www.invarena.cz\/?p=16800\" title=\"Posti\u017een\u00fd mu\u017e vyhr\u00e1l boj s \u00fa\u0159ady\">[&#8230;]<\/a><\/p>\n<\/div>","protected":false},"author":1,"featured_media":14245,"comment_status":"open","ping_status":"closed","sticky":false,"template":"","format":"standard","meta":{"footnotes":""},"categories":[7],"tags":[],"class_list":["post-16800","post","type-post","status-publish","format-standard","has-post-thumbnail","hentry","category-spolecnost"],"_links":{"self":[{"href":"https:\/\/www.invarena.cz\/index.php?rest_route=\/wp\/v2\/posts\/16800","targetHints":{"allow":["GET"]}}],"collection":[{"href":"https:\/\/www.invarena.cz\/index.php?rest_route=\/wp\/v2\/posts"}],"about":[{"href":"https:\/\/www.invarena.cz\/index.php?rest_route=\/wp\/v2\/types\/post"}],"author":[{"embeddable":true,"href":"https:\/\/www.invarena.cz\/index.php?rest_route=\/wp\/v2\/users\/1"}],"replies":[{"embeddable":true,"href":"https:\/\/www.invarena.cz\/index.php?rest_route=%2Fwp%2Fv2%2Fcomments&post=16800"}],"version-history":[{"count":0,"href":"https:\/\/www.invarena.cz\/index.php?rest_route=\/wp\/v2\/posts\/16800\/revisions"}],"wp:featuredmedia":[{"embeddable":true,"href":"https:\/\/www.invarena.cz\/index.php?rest_route=\/wp\/v2\/media\/14245"}],"wp:attachment":[{"href":"https:\/\/www.invarena.cz\/index.php?rest_route=%2Fwp%2Fv2%2Fmedia&parent=16800"}],"wp:term":[{"taxonomy":"category","embeddable":true,"href":"https:\/\/www.invarena.cz\/index.php?rest_route=%2Fwp%2Fv2%2Fcategories&post=16800"},{"taxonomy":"post_tag","embeddable":true,"href":"https:\/\/www.invarena.cz\/index.php?rest_route=%2Fwp%2Fv2%2Ftags&post=16800"}],"curies":[{"name":"wp","href":"https:\/\/api.w.org\/{rel}","templated":true}]}}