{"id":16821,"date":"2014-07-10T07:02:34","date_gmt":"2014-07-10T05:02:34","guid":{"rendered":"http:\/\/www.invarena.cz\/?p=16821"},"modified":"2014-07-10T07:02:34","modified_gmt":"2014-07-10T05:02:34","slug":"invalidum-chybi-stani","status":"publish","type":"post","link":"https:\/\/www.invarena.cz\/?p=16821","title":{"rendered":"Invalid\u016fm chyb\u00ed st\u00e1n\u00ed"},"content":{"rendered":"<p style=\"text-align: justify;\"><strong>Nemaj\u00ed kde parkovat. \u00dasteck\u00fd magistr\u00e1t tvrd\u00ed, \u017ee m\u00edst pro n\u011b je podle z\u00e1kona dost.\u00a0Nedostatek parkovac\u00edch m\u00edst pro invalidy. P\u0159edev\u0161\u00edm v centru m\u011bsta. Na ten upozor\u0148uj\u00ed nejen sami t\u011blesn\u011b <span class=\"highlight\">posti\u017een\u00ed<\/span><!--K--> a handicapovan\u00ed lid\u00e9, ale i organizace kter\u00e9 jim pom\u00e1haj\u00ed.<\/strong>\u00a0 (ilustra\u010dn\u00ed foto)<\/p>\n<p><!--more--><\/p>\n<p>S t\u00edm v\u0161ak nesouhlas\u00ed \u00fasteck\u00fd magistr\u00e1t a br\u00e1n\u00ed se, \u017ee postupuje podle z\u00e1kona.<\/p>\n<p>Nap\u0159\u00edklad Hana \u0160enk\u00fd\u0159ov\u00e1 popsala, \u017ee bydl\u00ed mimo \u00dast\u00ed a i kdy\u017e m\u00e1 na aut\u011b ozna\u010den\u00ed pro invalidy, nenajde v centru uch\u00e1zej\u00edc\u00ed parkov\u00e1n\u00ed.<\/p>\n<p>&#8222;Ve Foru b\u00fdv\u00e1 plno a hlavn\u011b v\u0161ude daleko, tak\u017ee pokud pot\u0159ebuji n\u011bco vy\u0159\u00eddit, m\u00e1m probl\u00e9m. Jinde, i tam, kde maj\u00ed historick\u00e1 centra, zaparkovat lze a maj\u00ed m\u00edsta vyhrazen\u00e1 pro invalidy,&#8220; pouk\u00e1zala \u0160enk\u00fd\u0159ov\u00e1.<\/p>\n<p>Normy hovo\u0159\u00ed<\/p>\n<p>Milena \u010cern\u00e1, p\u0159edsedkyn\u011b \u00fasteck\u00e9 pobo\u010dky Svazu t\u011blesn\u011b <span class=\"highlight\">posti\u017een\u00fdch<\/span><!--K--> v \u010cR s t\u00edm souhlas\u00ed. &#8222;M\u00edst k parkov\u00e1n\u00ed je skute\u010dn\u011b m\u00e1lo. Lid\u00e9, kte\u0159\u00ed trp\u00ed posti\u017een\u00edm, jsou v\u011bt\u0161inou sta\u0159\u00ed a maj\u00ed pot\u00ed\u017ee doj\u00edt tam, kam pot\u0159ebuj\u00ed. \u0158e\u0161\u00edme tuto problematiku na koordina\u010dn\u00edch sch\u016fzk\u00e1ch s odborem dopravy, ale ten si stoj\u00ed za sv\u00fdm. Tedy, \u017ee je v\u0161e v souladu se z\u00e1konem,&#8220; popsala p\u0159edsedkyn\u011b svazu t\u011blesn\u011b <span class=\"highlight\">posti\u017een\u00fdch<\/span><!--K--> \u010cern\u00e1.<\/p>\n<p>Invalid\u016fm chyb\u00ed&#8230;<\/p>\n<p>Podle Ivy Fidlerov\u00e9 z \u00fasteck\u00e9ho odboru dopravy jsou parkovi\u0161t\u011b, kter\u00e1 vlastn\u00ed m\u011bsto, opat\u0159ena takov\u00fdm po\u010dtem m\u00edst pro invalidy, jak\u00fd vy\u017eaduj\u00ed \u010desk\u00e9 normy.<\/p>\n<p>&#8222;I ve v\u0161ech kryt\u00fdch parkovi\u0161t\u00edch jsou ozna\u010dena m\u00edsta pro automobily <span class=\"highlight\">zdravotn\u011b<\/span><!--K--> <span class=\"highlight\">posti\u017een\u00fdch<\/span><!--K-->. V odpov\u00eddaj\u00edc\u00edm pom\u011bru k po\u010dtu parkovac\u00edch st\u00e1n\u00ed,&#8220; sd\u011blila Iva Fidlerov\u00e1.<\/p>\n<p>Situaci ov\u0161em komplikuj\u00ed bezohledn\u00ed \u0159idi\u010di, kte\u0159\u00ed na m\u00edstech pro invalidy parkuj\u00ed. Jan Novotn\u00fd z \u00fasteck\u00e9 m\u011bstsk\u00e9 policie potvrdil, \u017ee tento druh p\u0159estupku \u0159e\u0161\u00ed \u010dasto.<\/p>\n<p>&#8222;Je to zhruba dvakr\u00e1t do t\u00fddne. V\u011bt\u0161inou ud\u011bl\u00edme blokovou pokutu do tis\u00edce korun na m\u00edst\u011b. Pokud se to opakuje nebo h\u0159\u00ed\u0161n\u00edk nezaplat\u00ed, p\u0159ed\u00e1v\u00e1me to p\u0159estupkov\u00e9 komisi, kter\u00e1 m\u00e1 v tomto sm\u011bru \u0161ir\u0161\u00ed pravomoci.&#8220;<\/p>\n<p>\u00dasteck\u00fd radn\u00ed Pavel Dlouh\u00fd vysv\u011btlil, \u017ee parkovac\u00edch m\u00edst v centru je obecn\u011b m\u00e1lo. &#8222;D\u016fle\u017eit\u011bj\u0161\u00ed je d\u016frazn\u00e1 kontrola, aby na m\u00edstech pro invalidy st\u00e1la auta handicapovan\u00fdch lid\u00ed. Pokud n\u011bkdo zjist\u00ed opak, m\u011bl by p\u0159ivolat policii.&#8220;<\/p>\n<p>Pavel Dlouh\u00fd z\u00e1rove\u0148 upozornil, \u017ee mnohdy osv\u011bd\u010den\u00ed pro t\u011blesn\u011b <span class=\"highlight\">posti\u017een\u00e9<\/span><!--K--> lid\u00e9 obdr\u017eeli neopr\u00e1vn\u011bn\u011b. &#8222;Blokuj\u00ed m\u00edsta t\u011bm, kdo je pot\u0159ebuj\u00ed. Ale informace o parkov\u00e1n\u00ed pro invalidy by mohla na webu m\u011bsta b\u00fdt. To si beru na starost,&#8220; dodal Dlouh\u00fd.<\/p>\n<p>&#8212;<\/p>\n<p>Parkov\u00e1n\u00ed pro invalidy a z\u00e1kon<\/p>\n<p>Parkovac\u00ed m\u00edsta pro lidi se zdravotn\u00edm posti\u017een\u00edm ozna\u010duje zn\u00e1m\u00e1 modr\u00e1 dopravn\u00ed zna\u010dka s pan\u00e1\u010dkem na voz\u00ed\u010dku. Po\u010dty st\u00e1n\u00ed na parkovi\u0161ti ur\u010duje \u010cSN (\u010desk\u00e1 technick\u00e1 norma) a vyhl\u00e1\u0161ka \u010d\u00edslo 398\/2009.<\/p>\n<p>&nbsp;<\/p>\n<p>&nbsp;<\/p>\n","protected":false},"excerpt":{"rendered":"<div class=\"mh-excerpt\"><p>Nemaj\u00ed kde parkovat. \u00dasteck\u00fd magistr\u00e1t tvrd\u00ed, \u017ee m\u00edst pro n\u011b je podle z\u00e1kona dost.\u00a0Nedostatek parkovac\u00edch m\u00edst pro invalidy. P\u0159edev\u0161\u00edm v centru m\u011bsta. Na ten upozor\u0148uj\u00ed <a class=\"mh-excerpt-more\" href=\"https:\/\/www.invarena.cz\/?p=16821\" title=\"Invalid\u016fm chyb\u00ed st\u00e1n\u00ed\">[&#8230;]<\/a><\/p>\n<\/div>","protected":false},"author":1,"featured_media":9099,"comment_status":"open","ping_status":"closed","sticky":false,"template":"","format":"standard","meta":{"footnotes":""},"categories":[9],"tags":[],"class_list":["post-16821","post","type-post","status-publish","format-standard","has-post-thumbnail","hentry","category-zpravy"],"_links":{"self":[{"href":"https:\/\/www.invarena.cz\/index.php?rest_route=\/wp\/v2\/posts\/16821","targetHints":{"allow":["GET"]}}],"collection":[{"href":"https:\/\/www.invarena.cz\/index.php?rest_route=\/wp\/v2\/posts"}],"about":[{"href":"https:\/\/www.invarena.cz\/index.php?rest_route=\/wp\/v2\/types\/post"}],"author":[{"embeddable":true,"href":"https:\/\/www.invarena.cz\/index.php?rest_route=\/wp\/v2\/users\/1"}],"replies":[{"embeddable":true,"href":"https:\/\/www.invarena.cz\/index.php?rest_route=%2Fwp%2Fv2%2Fcomments&post=16821"}],"version-history":[{"count":0,"href":"https:\/\/www.invarena.cz\/index.php?rest_route=\/wp\/v2\/posts\/16821\/revisions"}],"wp:featuredmedia":[{"embeddable":true,"href":"https:\/\/www.invarena.cz\/index.php?rest_route=\/wp\/v2\/media\/9099"}],"wp:attachment":[{"href":"https:\/\/www.invarena.cz\/index.php?rest_route=%2Fwp%2Fv2%2Fmedia&parent=16821"}],"wp:term":[{"taxonomy":"category","embeddable":true,"href":"https:\/\/www.invarena.cz\/index.php?rest_route=%2Fwp%2Fv2%2Fcategories&post=16821"},{"taxonomy":"post_tag","embeddable":true,"href":"https:\/\/www.invarena.cz\/index.php?rest_route=%2Fwp%2Fv2%2Ftags&post=16821"}],"curies":[{"name":"wp","href":"https:\/\/api.w.org\/{rel}","templated":true}]}}