{"id":16861,"date":"2014-07-15T10:16:58","date_gmt":"2014-07-15T08:16:58","guid":{"rendered":"http:\/\/www.invarena.cz\/?p=16861"},"modified":"2014-07-15T11:35:59","modified_gmt":"2014-07-15T09:35:59","slug":"ministerstvo-absurdit","status":"publish","type":"post","link":"https:\/\/www.invarena.cz\/?p=16861","title":{"rendered":"Ministerstvo absurdit"},"content":{"rendered":"<p style=\"text-align: justify;\"><strong>MPSV utratilo sto milion\u016f z\u0159ejm\u011b zbyte\u010dn\u011b. P\u0159esto\u017ee na po\u010d\u00e1tku st\u00e1la chv\u00e1lyhodn\u00e1 snaha p\u0159est\u011bhovat handicapovan\u00e9 z \u00fastav\u016f do p\u0159\u00edv\u011btiv\u011bj\u0161\u00edch byt\u016f, p<span class=\"highlight\">osti\u017een\u00ed<\/span><!--K--> jsou nyn\u00ed v t\u011bchto bytech ne\u0161\u0165astn\u00ed.\u00a0<\/strong><\/p>\n<p><!--more--><\/p>\n<p>Zak\u00e1zku rozjel \u00fa\u0159ednick\u00fd ministr Petr \u0160imerka a pokra\u010doval v n\u00ed Jarom\u00edr Dr\u00e1bek (TOP 09). Vyhr\u00e1la spole\u010dnost 3P Consulting. Cena? 99,5 milionu korun bez DPH.<\/p>\n<p>Nyn\u00ed m\u00e1 resort o projektu pochybnosti, a tak vypsal nov\u00fd tendr na pr\u00e1vn\u00ed anal\u00fdzu smlouvy, tentokr\u00e1t v hodnot\u011b 230 tis\u00edc korun bez DPH, a\u010dkoli m\u00e1 vlastn\u00ed pr\u00e1vn\u00edky. Chce prozkoumat, zda 3P Consulting smlouvu dodr\u017eela, a p\u0159\u00edpadn\u011b na ni podat \u017ealobu.<\/p>\n<p>Rizikov\u00fd projekt<\/p>\n<p>&#8222;\u0158e\u0161ilo se, zda v tom v\u016fbec pokra\u010dovat, nebo ne. Tento projekt jsme vyhodnotili jako rizikov\u00fd a jako takov\u00fd byl pozastaven,&#8220; konstatoval b\u00fdval\u00fd \u00fa\u0159ednick\u00fd <span class=\"highlight\">ministr<\/span><!--K--> <span class=\"highlight\">pr\u00e1ce<\/span><!--K--> Franti\u0161ek Kon\u00ed\u010dek. Hrozilo toti\u017e podle n\u011bho, \u017ee firma nenaplnila nebo nenapln\u00ed jeho zad\u00e1n\u00ed.<\/p>\n<p>To v\u0161ak podle jednatele 3P Consulting \u0160imons Budsk\u00e9ho nen\u00ed pravda. &#8222;Ta zak\u00e1zka byla norm\u00e1ln\u011b ukon\u010dena a p\u0159ed\u00e1na ministerstvu,&#8220; \u0159ekl. B\u011bhem jej\u00ed realizace se podle n\u011bho nap\u0159\u00edklad poda\u0159ilo dostat z \u00fastav\u016f do b\u011b\u017en\u00e9ho \u017eivota v\u00edce ne\u017e 350 lid\u00ed.<\/p>\n<p>Ne\u0161\u0165astn\u00ed <span class=\"highlight\">posti\u017een\u00ed<\/span><!--K--><\/p>\n<p>Realizaci pl\u00e1nu v cel\u00e9m jeho pr\u016fb\u011bhu v\u0161ak kritizoval i poradce b\u00fdval\u00e9ho ministra Dr\u00e1bka Jaroslav Dembinn\u00fd, kter\u00fd je s\u00e1m <span class=\"highlight\">voz\u00ed\u010dk\u00e1\u0159<\/span><!--K-->. &#8222;Medi\u00e1ln\u00ed v\u00fdstupy a v\u00fdstupy ze semin\u00e1\u0159\u016f byly na profesion\u00e1ln\u00ed \u00farovni, ale efekt pro n\u00e1s, handicapovan\u00e9, byl naprosto nulov\u00fd,&#8220; konstatoval Dembinn\u00fd.<\/p>\n<p>C\u00edlovou skupinou byli podle n\u011bho v\u011bt\u0161inou lid\u00e9 s ment\u00e1ln\u00edm handicapem, kte\u0159\u00ed se neum\u011bj\u00ed br\u00e1nit. &#8222;P\u0159est\u011bhovali je z m\u00edsta, kde \u017eili t\u0159icet let spokojen\u011b, i kdy\u017e jich bylo p\u011bt na pokoji, do centra m\u011bsta, kde bydleli t\u0159i. A oni z toho potom byli ne\u0161\u0165astn\u00ed,&#8220; m\u00edn\u00ed Dembinn\u00fd. &#8222;Hlavn\u00edm c\u00edlem projektu bylo, aby pap\u00edry byly v po\u0159\u00e1dku, ale na jeho udr\u017eitelnost \u010di adresnost pomoci se tam nehled\u011blo.&#8220;<\/p>\n<p><em>redak\u010dn\u011b kr\u00e1ceno, cel\u00fd \u010dl\u00e1nek v vyd\u00e1n\u00ed T\u00fdden\u00a0<\/em><\/p>\n<p><a href=\"http:\/\/www.tyden.cz\/\" target=\"_blank\">http:\/\/www.tyden.cz<\/a><\/p>\n<p>ilustra\u010dn\u00ed foto: Flickr.com<\/p>\n","protected":false},"excerpt":{"rendered":"<div class=\"mh-excerpt\"><p>MPSV utratilo sto milion\u016f z\u0159ejm\u011b zbyte\u010dn\u011b. P\u0159esto\u017ee na po\u010d\u00e1tku st\u00e1la chv\u00e1lyhodn\u00e1 snaha p\u0159est\u011bhovat handicapovan\u00e9 z \u00fastav\u016f do p\u0159\u00edv\u011btiv\u011bj\u0161\u00edch byt\u016f, posti\u017een\u00ed jsou nyn\u00ed v t\u011bchto bytech <a class=\"mh-excerpt-more\" href=\"https:\/\/www.invarena.cz\/?p=16861\" title=\"Ministerstvo absurdit\">[&#8230;]<\/a><\/p>\n<\/div>","protected":false},"author":1,"featured_media":5533,"comment_status":"open","ping_status":"closed","sticky":false,"template":"","format":"standard","meta":{"footnotes":""},"categories":[7],"tags":[],"class_list":["post-16861","post","type-post","status-publish","format-standard","has-post-thumbnail","hentry","category-spolecnost"],"_links":{"self":[{"href":"https:\/\/www.invarena.cz\/index.php?rest_route=\/wp\/v2\/posts\/16861","targetHints":{"allow":["GET"]}}],"collection":[{"href":"https:\/\/www.invarena.cz\/index.php?rest_route=\/wp\/v2\/posts"}],"about":[{"href":"https:\/\/www.invarena.cz\/index.php?rest_route=\/wp\/v2\/types\/post"}],"author":[{"embeddable":true,"href":"https:\/\/www.invarena.cz\/index.php?rest_route=\/wp\/v2\/users\/1"}],"replies":[{"embeddable":true,"href":"https:\/\/www.invarena.cz\/index.php?rest_route=%2Fwp%2Fv2%2Fcomments&post=16861"}],"version-history":[{"count":0,"href":"https:\/\/www.invarena.cz\/index.php?rest_route=\/wp\/v2\/posts\/16861\/revisions"}],"wp:featuredmedia":[{"embeddable":true,"href":"https:\/\/www.invarena.cz\/index.php?rest_route=\/wp\/v2\/media\/5533"}],"wp:attachment":[{"href":"https:\/\/www.invarena.cz\/index.php?rest_route=%2Fwp%2Fv2%2Fmedia&parent=16861"}],"wp:term":[{"taxonomy":"category","embeddable":true,"href":"https:\/\/www.invarena.cz\/index.php?rest_route=%2Fwp%2Fv2%2Fcategories&post=16861"},{"taxonomy":"post_tag","embeddable":true,"href":"https:\/\/www.invarena.cz\/index.php?rest_route=%2Fwp%2Fv2%2Ftags&post=16861"}],"curies":[{"name":"wp","href":"https:\/\/api.w.org\/{rel}","templated":true}]}}