{"id":16866,"date":"2014-07-15T06:53:10","date_gmt":"2014-07-15T04:53:10","guid":{"rendered":"http:\/\/www.invarena.cz\/?p=16866"},"modified":"2014-07-15T10:56:43","modified_gmt":"2014-07-15T08:56:43","slug":"zneuzivani-davek-pod-drobnohledem","status":"publish","type":"post","link":"https:\/\/www.invarena.cz\/?p=16866","title":{"rendered":"Zneu\u017e\u00edv\u00e1n\u00ed d\u00e1vek pod drobnohledem"},"content":{"rendered":"<p><strong>D\u016fkladn\u011bj\u0161\u00ed kontroly t\u011bch, kte\u0159\u00ed pob\u00edraj\u00ed soci\u00e1ln\u00ed d\u00e1vky, chyst\u00e1 \u00fa\u0159ad pr\u00e1ce. Jeho \u0159ady pos\u00edl\u00ed 600 nov\u00fdch zam\u011bstnanc\u016f. Posily zam\u00ed\u0159\u00ed hlavn\u011b do ter\u00e9nu. Sou\u010dasn\u00e1 kapacita \u00fa\u0159adu toti\u017e na prov\u011b\u0159ov\u00e1n\u00ed p\u0159\u00edjemc\u016f nesta\u010d\u00ed. St\u00e1t na d\u00e1vk\u00e1ch vypl\u00e1c\u00ed st\u00e1le v\u00edce pen\u011bz.<\/strong><\/p>\n<p><!--more--><\/p>\n<p>Report\u00e1\u017e \u010cT 24<\/p>\n<p><strong>\u010cast\u011bj\u0161\u00edmi kontrolami chce ministerstvo dos\u00e1hnout toho, aby d\u00e1l soci\u00e1ln\u00ed d\u00e1vky dost\u00e1vali opravdu jen lid\u00e9, kte\u0159\u00ed je pot\u0159ebuj\u00ed. P\u0159ib\u00fdv\u00e1 t\u0159eba t\u011bch, kte\u0159\u00ed si pro podporu jezd\u00ed tax\u00edkem. V Litv\u00ednov\u011b pak zase ka\u017ed\u00fd des\u00e1t\u00fd \u010dlov\u011bk prohraje pen\u00edze v automatech. P\u0159itom na takzvan\u00fdch nepojistn\u00fdch soci\u00e1ln\u00edch d\u00e1vk\u00e1ch st\u00e1t loni zaplatil t\u00e9m\u011b\u0159 70 miliard korun. T\u00e9m\u011b\u0159 o 4 miliardy v\u00edc ne\u017e p\u0159ed p\u011bti lety. O jak\u00e9 d\u00e1vky vlastn\u011b jde? Jsou to mimo jin\u00e9 p\u0159\u00eddavky na d\u00edt\u011b, mimo\u0159\u00e1dn\u00e1 okam\u017eit\u00e1 pomoc a hlavn\u011b p\u0159\u00edsp\u011bvek na bydlen\u00ed. Pr\u00e1v\u011b na n\u011bj st\u00e1t vypl\u00e1c\u00ed \u010d\u00edm d\u00e1l v\u00edc pen\u011bz. Loni to byly t\u00e9m\u011b\u0159 3 miliardy korun, o 70 % v\u00edc ne\u017e v roce 2012. Pr\u016fm\u011brn\u00fd m\u011bs\u00ed\u010dn\u00ed p\u0159\u00edsp\u011bvek \u010dinil 3600 korun. Pen\u00edze \u0161ly na r\u016fzn\u00e9 formy bydlen\u00ed, jak na klasick\u00e9 podn\u00e1jmy, tak na ubytovny. <\/strong><\/p>\n<p>Kate\u0159ina BER\u00c1NKOV\u00c1, mluv\u010d\u00ed, \u00da\u0159ad pr\u00e1ce \u010cR:<br \/>\nPokud jde o soci\u00e1ln\u00ed \u0161et\u0159en\u00ed, tak jeho podstatou je de facto zji\u0161\u0165ov\u00e1n\u00ed situace toho konkr\u00e9tn\u00edho klienta, v jak\u00e9 se nach\u00e1z\u00ed soci\u00e1ln\u00ed, \u017eivotn\u00ed a finan\u010dn\u00ed situaci a jestli se nezm\u011bnila.<\/p>\n<p><strong>Na rostouc\u00ed d\u00e1vky m\u00e1 mimo jin\u00e9 vliv zvy\u0161uj\u00edc\u00ed se po\u010det dlouhodob\u011b nezam\u011bstnan\u00fdch lid\u00ed, kte\u0159\u00ed u\u017e nemaj\u00ed n\u00e1rok na podporu od st\u00e1tu. Oproti tomu \u00fa\u0159edn\u00edk\u016f, kte\u0159\u00ed maj\u00ed v\u00fdplatu d\u00e1vek kontrolovat, ubylo. V dob\u011b, kdy je vypl\u00e1cely m\u011bstsk\u00e9 \u00fa\u0159ady, tedy p\u0159ed rokem 2012 jich bylo p\u0159es 3600. Po p\u0159eveden\u00ed pravomoc\u00ed na \u00fa\u0159ady pr\u00e1ce je to zhruba polovina. <\/strong><\/p>\n<p><strong>Jano a tak\u00e9 je ot\u00e1zka, kolik vlastn\u011b t\u011bch 600 nov\u00fdch \u00fa\u0159edn\u00edk\u016f bude ministerstvo st\u00e1t? <\/strong><\/p>\n<p>Mluv\u00ed se o \u010d\u00e1stce t\u00e9m\u011b\u0159 160 milion\u016f korun, ale podle ministerstva to bude jen zlomek toho, kolik by cel\u00fd resort mohl p\u0159\u00edsn\u011bj\u0161\u00edmi kontrolami u\u0161et\u0159it. Slibuje, \u017ee odhalen\u00edm lid\u00ed, kte\u0159\u00ed pomoc nepot\u0159ebuj\u00ed, u\u0161et\u0159\u00ed a\u017e miliardu korun.<\/p>\n<p>Kate\u0159ina BER\u00c1NKOV\u00c1, mluv\u010d\u00ed, \u00da\u0159ad pr\u00e1ce \u010cR:<br \/>\nV p\u0159\u00edpad\u011b, \u017ee budeme m\u00edt dostatek lid\u00ed na prov\u00e1d\u011bn\u00ed soci\u00e1ln\u00edho \u0161et\u0159en\u00ed, tak pak by m\u011bl jak objem, tak po\u010det vypl\u00e1cen\u00fdch soci\u00e1ln\u00edch d\u00e1vek klesat, stejn\u011b jako jejich p\u0159\u00edpadn\u00e9 zneu\u017e\u00edv\u00e1n\u00ed.<\/p>\n<p><strong>Ru\u010d\u00edte za to, \u017ee s t\u011bmi 600 \u00fa\u0159edn\u00edky p\u0159ijde \u0159e\u0161en\u00ed, nebo \u017ee u\u017e si nebudou n\u011bkte\u0159\u00ed t\u0159eba a to je samoz\u0159ejm\u011b extr\u00e9m, jezdit pro d\u00e1vky tax\u00edkem?<\/strong><\/p>\n<p>Michaela MARKSOV\u00c1, ministryn\u011b pr\u00e1ce a soci\u00e1ln\u00edch v\u011bc\u00ed \/\u010cSSD\/:<br \/>\nJ\u00e1 mus\u00edm na za\u010d\u00e1tek \u0159\u00edci, \u017ee my jsme cht\u011bli dnes 1200 nov\u00fdch \u00fa\u0159edn\u00edk\u016f a \u00fa\u0159ednic. T\u011bch prvn\u00edch 600 od te\u010f, od z\u00edt\u0159ka v podstat\u011b se mohou za\u010d\u00edt nab\u00edrat. Dal\u0161\u00edch 600 od 1. ledna a po\u0159\u00e1d je\u0161t\u011b nejsme na t\u011bch chyb\u011bj\u00edc\u00edch 1900 tak, jak bylo uk\u00e1z\u00e1no v grafu. Nicm\u00e9n\u011b ur\u010dit\u011b z \u010d\u00edsel vypl\u00fdv\u00e1, \u017ee tam n\u011bjak\u00e1 \u00faspora bude a nebude nejsp\u00ed\u0161 mal\u00e1. Ten kvalifikovan\u00fd odhad \u00fa\u0159ad\u016f pr\u00e1ce, kter\u00fd vyplynul z takov\u00e9ho jejich d\u00edl\u010d\u00edho \u0161e\u0159en\u00ed t\u011bch jednotliv\u00fdch krajsk\u00fdch pobo\u010dek, ten vlastn\u011b \u0159\u00edk\u00e1, \u017ee to \u0161et\u0159en\u00ed se v sou\u010dasn\u00e9 dob\u011b prov\u00e1d\u00ed v okolo p\u011bti procentech p\u0159\u00edpad\u016f, p\u0159i\u010dem\u017e by se m\u011bl prov\u00e1d\u011bt alespo\u0148 ve 30 %, respektive to je p\u0159epo\u010d\u00edt\u00e1no, jinak samoz\u0159ejm\u011b ka\u017ed\u00e1 ta d\u00e1vka hmotn\u00e9 nouze, kdy\u017e j\u00ed d\u00e1v\u00e1te tak p\u0159inejmen\u0161\u00edm na za\u010d\u00e1tku byste m\u011bli zkontrolovat fyzicky jak ty doklady, tak se j\u00edt pod\u00edvat kam a komu ji vypl\u00e1c\u00edte.<\/p>\n<p><strong>Vrac\u00edm se tedy k t\u00e9 p\u016fvodn\u00ed ot\u00e1zce, jestli skute\u010dn\u011b t\u011bch 600 lid\u00ed je to, co te\u010f opravdu pom\u016f\u017ee \u0159e\u0161it tu situaci, jestli budou adresn\u011bj\u0161\u00ed, budou v ter\u00e9nu? <\/strong><\/p>\n<p>Michaela MARKSOV\u00c1, ministryn\u011b pr\u00e1ce a soci\u00e1ln\u00edch v\u011bc\u00ed \/\u010cSSD\/:<br \/>\nUr\u010dit\u011b, my po\u010d\u00edt\u00e1me s t\u00edm, \u017ee naprost\u00e1 v\u011bt\u0161ina z nich bude pr\u00e1v\u011b v ter\u00e9nu. Proto je tam tak\u00e9 dal\u0161\u00ed n\u00e1klad. Te\u010f na za\u010d\u00e1tek 150 milion\u016f korun, respektive na 150 aut 45 milion\u016f korun, proto\u017ee tito lid\u00e9 mus\u00ed tak\u00e9 jezdit, aby opravdu vid\u011bli a \u0161et\u0159ili.<\/p>\n<p><strong>Kde se najednou vezme t\u011bch 600 \u00fa\u0159edn\u00edk\u016f? To nen\u00ed 60, je jich 600. M\u00e1te kvalifikovan\u00e9 lidi, kte\u0159\u00ed se, nebudeme m\u00edt iluze, ur\u010dit\u011b to nebudou um\u011bt b\u011bhem t\u00fddne se takto zapojit do syst\u00e9mu? <\/strong><\/p>\n<p>Michaela MARKSOV\u00c1, ministryn\u011b pr\u00e1ce a soci\u00e1ln\u00edch v\u011bc\u00ed \/\u010cSSD\/:<br \/>\nTohle to je na t\u011bch jednotliv\u00fdch krajsk\u00fdch pobo\u010dk\u00e1ch a my u\u017e o tom mluv\u00edme velice dlouho. P\u016fvodn\u011b se m\u011blo za\u010d\u00edt nab\u00edrat u\u017e od 1. \u010dervence. \u0158ada lid\u00ed u\u017e na to \u010dek\u00e1, dala t\u0159eba v\u00fdpov\u011b\u010f zam\u011bstn\u00e1n\u00ed, tak\u017ee to nen\u00ed \u00fapln\u011b, \u017ee by \u010dlov\u011bk nab\u00edral lidi z ulice. Jsou tam i zdroje zevnit\u0159 toho \u00fa\u0159adu pr\u00e1ce. N\u011bkdo bude nov\u00fd, n\u011bkdo bude zku\u0161en\u011bj\u0161\u00ed, bude to takov\u00fd mix, ale j\u00e1 se ur\u010dit\u011b neboj\u00edm.<\/p>\n<p><strong>Vy jste to u\u017e \u0159\u00edkala. \u017d\u00e1dala jste dvojn\u00e1sobek, ministr financ\u00ed Andrej Babi\u0161 se na to mo\u017en\u00e1 pousm\u00e1l, a te\u010f tedy \u0159\u00edk\u00e1te od ledna dal\u0161\u00edch 600. Je tam n\u011bjak\u00e1 takov\u00e1 v\u011bta Andreje Babi\u0161e typu: Tak kdy\u017e se v\u00e1m to osv\u011bd\u010d\u00ed a spo\u010d\u00edt\u00e1te mi, \u017ee skute\u010dn\u011b ano, tak j\u00e1 v\u00e1m to od ledna d\u00e1m nebo je n\u011bjak\u00fd takov\u00fd \u00fazus? <\/strong><\/p>\n<p>Michaela MARKSOV\u00c1, ministryn\u011b pr\u00e1ce a soci\u00e1ln\u00edch v\u011bc\u00ed \/\u010cSSD\/:<br \/>\nTak pan ministr financ\u00ed si sp\u00ed\u0161 dnes post\u011b\u017eoval, \u017ee po n\u011bm po\u0159\u00e1d chci v\u011bt\u0161\u00ed a v\u011bt\u0161\u00ed kusy st\u00e1tn\u00edho rozpo\u010dtu. Nicm\u00e9n\u011b tuhle tu v\u011btu jsem sp\u00ed\u0161 \u0159ekla j\u00e1, \u017ee o t\u011bch dal\u0161\u00edch 600, pokud se na nich nem\u016f\u017eeme dohodnout dnes, poj\u010fme o nich jednat a v prosinci a j\u00e1 v\u011b\u0159\u00edm, \u017ee dok\u00e1\u017eeme panu ministrovi financ\u00ed, \u017ee si na to vyd\u011bl\u00e1me.<\/p>\n<p>Jan MARE\u0160, prim\u00e1tor Chomutova \/\u010cSSD\/:<br \/>\nDobr\u00fd den v\u00e1m ve studiu i v\u0161em div\u00e1k\u016fm.<\/p>\n<p><strong>Je tohle ta cesta, kdy se zabr\u00e1n\u00ed neopr\u00e1vn\u011bn\u00e9mu \u010derp\u00e1n\u00ed d\u00e1vek na z\u00e1klad\u011b zku\u0161enost\u00ed z va\u0161eho m\u011bsta?<\/strong><\/p>\n<p>Jan MARE\u0160, prim\u00e1tor Chomutova \/\u010cSSD\/:<br \/>\nTak ur\u010dit\u011b to nav\u00fd\u0161en\u00ed j\u00e1 v\u00edt\u00e1m, proto\u017ee ta z\u00e1le\u017eitost, kterou my jsme kdysi realizovali ve m\u011bst\u011b, byla tak\u00e9 o tom po\u010dtu pracovn\u00edk\u016f. Nicm\u00e9n\u011b j\u00e1 p\u0159edpokl\u00e1d\u00e1m, \u017ee dojde i k lep\u0161\u00ed souh\u0159e mezi n\u00e1mi m\u011bsty a \u00fa\u0159ady pr\u00e1ce pr\u00e1v\u011b i z pohledu toho nav\u00fd\u0161en\u00ed t\u011bch pracovn\u00edk\u016f.<\/p>\n<p><strong>Kdo m\u00e1 tedy podle v\u00e1s rozhodovat nebo spravovat syst\u00e9m soci\u00e1ln\u00edch d\u00e1vek, obce, kter\u00e9 to u\u017e za\u017eily nebo \u00fa\u0159ady pr\u00e1ce, co je lep\u0161\u00ed?<\/strong><\/p>\n<p>Jan MARE\u0160, prim\u00e1tor Chomutova \/\u010cSSD\/:<br \/>\nCo je lep\u0161\u00ed? Zku\u0161enosti ukazuj\u00ed, \u017ee d\u0159\u00edve to na t\u011bch m\u011bstech fungovalo, nicm\u00e9n\u011b ten syst\u00e9m je te\u010f tak nastaven jak je a j\u00e1 si nemysl\u00edm, \u017ee je te\u010f \u00fapln\u011b na po\u0159adu dne, abychom ten syst\u00e9m m\u011bnili, pr\u00e1v\u011b proto jsem p\u0159ed chv\u00edl\u00ed zm\u00ednil, \u017ee v\u011b\u0159\u00edm v to, jako u n\u00e1s v Chomutov\u011b to t\u0159eba funguje, \u017ee hled\u00e1me cesty velmi dobr\u00e9 koordinace s pracovn\u00edky \u00fa\u0159adu pr\u00e1ce a j\u00e1 to vid\u00edm te\u010f jakoby prioritn\u00ed i pr\u00e1v\u011b z toho pohledu nav\u00fd\u0161en\u00ed pracovn\u00edk\u016f na \u00fa\u0159adech pr\u00e1ce.<\/p>\n<p><strong>Pan\u00ed ministryn\u011b, je to v\u016fbec ve h\u0159e, \u017ee by se t\u0159eba tato pravomoc vracela v\u00fdhledov\u011b obc\u00edm?<\/strong><\/p>\n<p>Michaela MARKSOV\u00c1, ministryn\u011b pr\u00e1ce a soci\u00e1ln\u00edch v\u011bc\u00ed \/\u010cSSD\/:<br \/>\nV sou\u010dasn\u00e9 dob\u011b mus\u00edm \u0159\u00edci, \u017ee ne, tak jak \u0159ekl pan prim\u00e1tor, proto\u017ee ten syst\u00e9m byl vlastn\u011b rozvr\u00e1cen\u00fd bohu\u017eel za t\u00e9 minul\u00e9 vl\u00e1dy. A my se v sou\u010dasn\u00e9 dob\u011b ho sna\u017e\u00edme stabilizovat p\u0159edev\u0161\u00edm, a\u0165 hlavn\u011b funguje. A potom, mysl\u00edm si, \u017ee te\u010f d\u011blat ten p\u0159evod zp\u00e1tky, to by byla katastrofa.<\/p>\n<p>Michaela MARKSOV\u00c1, ministryn\u011b pr\u00e1ce a soci\u00e1ln\u00edch v\u011bc\u00ed \/\u010cSSD\/:<br \/>\nJednu z t\u011bch v\u011bc\u00ed, se kter\u00fdmi chcete zato\u010dit a \u0159ekla jste to hned u\u017e v \u00fanoru. Je byznys s chudobou v \u010cesku, p\u0159ipome\u0148me p\u0159edra\u017een\u00e9 ubytovny pro soci\u00e1ln\u011b slab\u00e9. Ten, kdo si n\u011bjakou zalo\u017eil, tak opravdu nem\u00e1 nouzi o pen\u00edze a to podotkn\u011bme pen\u00edze pr\u00e1v\u011b z t\u011bch soci\u00e1ln\u00edch d\u00e1vek, tedy jak od t\u011bch chud\u00fdch, asi pota\u017emo od st\u00e1tu. To se v\u00ed dlouho a dlouho se to \u0159e\u0161\u00ed. Ta novinka t\u011bch 600 \u00fa\u0159edn\u00edk\u016f se do toho prom\u00edtne, zato\u010d\u00ed s t\u00edm byznysem s chud\u00fdmi?<\/p>\n<p>Michaela MARKSOV\u00c1, ministryn\u011b pr\u00e1ce a soci\u00e1ln\u00edch v\u011bc\u00ed \/\u010cSSD\/:<br \/>\nJe to jedna \u010d\u00e1st toho boje zneu\u017e\u00edv\u00e1n\u00ed chudoby, a proto\u017ee t\u00edm kontroln\u00edm mechanismem, t\u00edm \u010d\u00edm v\u00edc lid\u00ed bude schopno zkontrolovat, kam ty d\u00e1vky vypl\u00e1c\u00edme a to se jedn\u00e1 p\u0159edev\u0161\u00edm o tom takzvan\u00e9m doplatku na bydlen\u00ed, tak t\u00edm sp\u00ed\u0161 budeme vid\u011bt, kde jsou vlastn\u011b vypl\u00e1ceny neopr\u00e1vn\u011bn\u011b a na tom nebohatnou ti jednotliv\u00ed p\u0159\u00edjemci, ale skute\u010dn\u011b ti majitel\u00e9 ubytoven, \u010dasto na tom bohatnou lichv\u00e1\u0159i a pak je\u0161t\u011b d\u011bl\u00e1me druh\u00fd krok a to je novela z\u00e1kona o hmotn\u00e9 nouzi, kter\u00fd by m\u011bl je\u0161t\u011b v\u00edc p\u0159\u00edmo v tom z\u00e1kon\u011b toto zneu\u017e\u00edv\u00e1n\u00ed omezit.<\/p>\n<p><strong>Ani\u017e bych to cht\u011bla n\u011bjak zpochyb\u0148ovat, tak kdy\u017e jsem si to z \u00fanora to vyj\u00e1d\u0159en\u00ed p\u0159e\u010detla tak tam jste \u0159\u00edkala, \u017ee &#8222;velmi intenzivn\u011b na tom pracujeme&#8220;. Co na tom procesn\u011b tak dlouho trv\u00e1, \u017ee se to st\u00e1le neda\u0159\u00ed vlastn\u011b vy\u0159e\u0161it a \u017ee ten byznys prost\u011b naplno kvete?<\/strong><\/p>\n<p>Michaela MARKSOV\u00c1, ministryn\u011b pr\u00e1ce a soci\u00e1ln\u00edch v\u011bc\u00ed \/\u010cSSD\/:<br \/>\nZnovu, vlastn\u011b tam to pos\u00edlen\u00ed, to prvn\u00ed pos\u00edlen\u00ed lid\u00ed na \u00fa\u0159adu pr\u00e1ce, prvn\u00edch 700 lid\u00ed \u0161lo do takzvan\u00e9 aktivn\u00ed politiky zam\u011bstnanosti. Mus\u00edme si uv\u011bdomit, \u017ee my jsme vlastn\u011b p\u0159i\u0161li do rozvr\u00e1cen\u00e9ho syst\u00e9mu a ono se to stra\u0161n\u011b t\u011b\u017eko potom napravuje. A skute\u010dn\u011b, jestli\u017ee vy n\u011bco zru\u0161\u00edte, b\u011bhem dvou m\u011bs\u00edc\u016f, tak pak ale rok trv\u00e1, ne\u017e to d\u00e1te dohromady, ne\u017e naberete ty lidi, nen\u00ed to jednoduch\u00e9. V tom st\u00e1tn\u00edm rozpo\u010dtu bojujeme o priority mezi jednotliv\u00fdmi resorty, ale t\u0159eba i v r\u00e1mci na\u0161eho vlastn\u00edho resortu. Legislativn\u00ed proces je tak\u00e9 velice dlouh\u00fd.<\/p>\n<p><strong>Pane Mare\u0161i, jak konkr\u00e9tn\u011b Chomutov bojuje s obchodem s chudobou a co by v\u00e1m pomohlo?<\/strong><\/p>\n<p>Jan MARE\u0160, prim\u00e1tor Chomutova \/\u010cSSD\/:<br \/>\nJ\u00e1 mus\u00edm \u0159\u00edci, \u017ee pan\u00ed ministryn\u011b u\u017e n\u011bkter\u00e9 v\u011bci nazna\u010dila. J\u00e1 tady \u0159eknu tro\u0161ku drsnou v\u011bc. V\u00edte, my m\u00e1me normy t\u0159eba na to, kolik m\u00e1 b\u00fdt \u017e\u00e1k\u016f ve t\u0159\u00edd\u011b, m\u00e1me normy, kolik je l\u016f\u017eek v nemocnic\u00edch a podobn\u011b, dokonce s nads\u00e1zkou se \u0159\u00edk\u00e1, \u017ee m\u00e1me normy na to, kolik slepic m\u016f\u017ee b\u00fdt v jedn\u00e9 k\u00f3ji a podobn\u011b. A tady se v\u016fbec t\u0159eba nezab\u00fdv\u00e1me, kolik lid\u00ed bydl\u00ed v t\u011bch ubytovn\u00e1ch. Tak\u017ee kdy\u017e p\u016fjde dost ter\u00e9nn\u00edch pracovn\u00edk\u016f, kte\u0159\u00ed i tyto v\u011bci odkontroluj\u00ed, jestli tam jsou v\u016fbec podm\u00ednky k tomu \u017eit\u00ed a podobn\u011b, tak to v\u0161echno mus\u00ed zapadnout do toho syst\u00e9mu, v\u010detn\u011b takov\u00fdch v\u011bc\u00ed jako jak\u00e1 v\u016fbec v\u00fd\u0161e n\u00e1jemn\u00e9ho, respektive smluvn\u00edho n\u00e1jemn\u00e9ho pro ty ubytovan\u00e9 je, proto\u017ee to n\u00e1jemn\u00e9 se li\u0161\u00ed v \u0159\u00e1du n\u011bkdy stovek korun, mo\u017en\u00e1 i tis\u00edc\u016f, tak\u017ee to v\u0161echno, co te\u010f pan\u00ed ministryn\u011b popsala, skute\u010dn\u011b bude pom\u00e1hat, pokud se to poda\u0159\u00ed dot\u00e1hnout v\u0161echno do toho zd\u00e1rn\u00e9ho konce.<\/p>\n<p>Jan MARE\u0160, prim\u00e1tor Chomutova \/\u010cSSD\/:<br \/>\nTak\u00e9 d\u011bkuji, na shledanou.<\/p>\n<p><strong>Kdy\u017e se je\u0161t\u011b vr\u00e1t\u00edm prost\u011b k t\u00e9 m\u00e9 p\u016fvodn\u00ed ot\u00e1zce, ona je to tro\u0161ku u\u017e obehran\u00e1 p\u00edsni\u010dka. Prost\u011b politici v\u017edycky a to bez ohledu na to, kdo zrovna dr\u017e\u00ed vl\u00e1dn\u00ed ot\u011b\u017ee. Slibuj\u00ed, \u017ee zato\u010d\u00ed s t\u00edmto probl\u00e9mem, s t\u00edm byznysem s chudobou, jak u\u017e jsme \u0159\u00edkali, a te\u010f opravdu nechci, abyste to tady brala politicky, st\u011b\u017eovala si t\u0159eba na p\u0159edch\u016fdce, ale opravdu sp\u00ed\u0161 syst\u00e9mov\u011b m\u011b to zaj\u00edm\u00e1, co je na tom takov\u00fd probl\u00e9m, \u017ee se to u\u017e v\u00ed, n\u011bkolik vl\u00e1d u\u017e se to v\u00ed, ale po\u0159\u00e1d vlastn\u011b se to neda\u0159\u00ed \u0159e\u0161it? <\/strong><\/p>\n<p>Michaela MARKSOV\u00c1, ministryn\u011b pr\u00e1ce a soci\u00e1ln\u00edch v\u011bc\u00ed \/\u010cSSD\/:<br \/>\nMus\u00edm \u0159\u00edct, \u017ee tuto ot\u00e1zku si tak\u00e9 kladu. Nev\u00edm, pro\u010d tady p\u0159edt\u00edm nebyla ta v\u016fle, proto\u017ee ty probl\u00e9my, jak \u0159\u00edk\u00e1te, jsou zn\u00e1m\u00e9 ji\u017e dlouho. Ale jinak obecn\u011b bych cht\u011bla \u0159\u00edci, \u017ee tady v t\u00e9to zemi jsme n\u011bjak rezignovali na takovou systematickou soci\u00e1ln\u00ed pr\u00e1ci. Proto\u017ee podle m\u00e9ho n\u00e1zoru s t\u00edmhle t\u00edm v\u0161\u00edm souvis\u00ed to, abychom m\u011bli obecn\u011b, nejen na \u00fa\u0159adech pr\u00e1ce dostatek soci\u00e1ln\u00ed pracovn\u00edk a pracovnic, kte\u0159\u00ed skute\u010dn\u011b znaj\u00ed ty lidi v t\u00e9 lokalit\u011b, kte\u0159\u00ed jsou schopni \u0159\u00edct, co kter\u00e1 rodina pot\u0159ebuje, nab\u00eddnout jim ty soci\u00e1ln\u00ed slu\u017eby, b\u00fdt s nimi v ka\u017edodenn\u00edm styku a mo\u017en\u00e1, ale mysl\u00edm si, \u017ee to nen\u00ed t\u0159eba popul\u00e1rn\u00ed a je to takov\u00e1 piplav\u00e1 pr\u00e1ce, tak mo\u017en\u00e1 proto na to ty p\u0159edchoz\u00ed vl\u00e1dy rezignovaly. J\u00e1 opravdu nev\u00edm.<\/p>\n<p><strong>Kdybyste m\u011bla \u0159\u00edct jednou v\u011btou, proto\u017ee tohle je takov\u00e9 mal\u00e9 d\u00edl\u010d\u00ed v\u00edt\u011bzstv\u00ed, vlastn\u011b ve va\u0161\u00ed pr\u00e1ci, kdybyste m\u011bla \u0159\u00edct jednou v\u011btou, co te\u010f p\u0159inesete na vl\u00e1du, s \u010d\u00edm opravdu pot\u0159ebujete pohnout, co je velk\u00fd probl\u00e9m v resortu? <\/strong><\/p>\n<p>Michaela MARKSOV\u00c1, ministryn\u011b pr\u00e1ce a soci\u00e1ln\u00edch v\u011bc\u00ed \/\u010cSSD\/:<br \/>\nJ\u00e1 te\u010f ponesu jednu v\u011bc vlastn\u011b do Poslaneck\u00e9 sn\u011bmovny kv\u016fli urychlen\u00ed. Jakkoliv tato vl\u00e1da \u0159ekla, \u017ee nebude tuto cestu volit, tak tady je to nezbytn\u00e9. Proto\u017ee jsme zjistili, \u017ee v\u0161ichni <span class=\"highlight\">zdravotn\u011b<\/span><!--K--> <span class=\"highlight\">posti\u017een\u00ed<\/span><!--K-->, kte\u0159\u00ed maj\u00ed pr\u016fkazky, tak by se museli znovu nechat b\u011bhem dvou let p\u0159e\u0161et\u0159it, zda na ni maj\u00ed n\u00e1rok.<\/p>\n<p><strong>A kolik jich je t\u0159eba?<\/strong><\/p>\n<p>Michaela MARKSOV\u00c1, ministryn\u011b pr\u00e1ce a soci\u00e1ln\u00edch v\u011bc\u00ed \/\u010cSSD\/:<br \/>\nTo by bylo okolo 200 tis\u00edc lid\u00ed, ani p\u0159esn\u011b nev\u00edme. A j\u00e1 jsem rozhodla, \u017ee ka\u017ed\u00fd, kdo m\u00e1 v sou\u010dasn\u00e9 dob\u011b pr\u016fkaz <span class=\"highlight\">zdravotn\u011b<\/span><!--K--> <span class=\"highlight\">posti\u017een\u00e9ho<\/span><!--K-->, dostane automaticky ten nov\u00fd, proto\u017ee by to byla nesm\u00edrn\u00e1 z\u00e1t\u011b\u017e po ty lidi, tak ale i pro ty posudkov\u00e9 l\u00e9ka\u0159e.<\/p>\n<p>&nbsp;<\/p>\n<p>\u010cT 24<\/p>\n","protected":false},"excerpt":{"rendered":"<div class=\"mh-excerpt\"><p>D\u016fkladn\u011bj\u0161\u00ed kontroly t\u011bch, kte\u0159\u00ed pob\u00edraj\u00ed soci\u00e1ln\u00ed d\u00e1vky, chyst\u00e1 \u00fa\u0159ad pr\u00e1ce. Jeho \u0159ady pos\u00edl\u00ed 600 nov\u00fdch zam\u011bstnanc\u016f. Posily zam\u00ed\u0159\u00ed hlavn\u011b do ter\u00e9nu. Sou\u010dasn\u00e1 kapacita \u00fa\u0159adu toti\u017e <a class=\"mh-excerpt-more\" href=\"https:\/\/www.invarena.cz\/?p=16866\" title=\"Zneu\u017e\u00edv\u00e1n\u00ed d\u00e1vek pod drobnohledem\">[&#8230;]<\/a><\/p>\n<\/div>","protected":false},"author":1,"featured_media":7976,"comment_status":"open","ping_status":"closed","sticky":false,"template":"","format":"standard","meta":{"footnotes":""},"categories":[12],"tags":[],"class_list":["post-16866","post","type-post","status-publish","format-standard","has-post-thumbnail","hentry","category-rozhovory"],"_links":{"self":[{"href":"https:\/\/www.invarena.cz\/index.php?rest_route=\/wp\/v2\/posts\/16866","targetHints":{"allow":["GET"]}}],"collection":[{"href":"https:\/\/www.invarena.cz\/index.php?rest_route=\/wp\/v2\/posts"}],"about":[{"href":"https:\/\/www.invarena.cz\/index.php?rest_route=\/wp\/v2\/types\/post"}],"author":[{"embeddable":true,"href":"https:\/\/www.invarena.cz\/index.php?rest_route=\/wp\/v2\/users\/1"}],"replies":[{"embeddable":true,"href":"https:\/\/www.invarena.cz\/index.php?rest_route=%2Fwp%2Fv2%2Fcomments&post=16866"}],"version-history":[{"count":0,"href":"https:\/\/www.invarena.cz\/index.php?rest_route=\/wp\/v2\/posts\/16866\/revisions"}],"wp:featuredmedia":[{"embeddable":true,"href":"https:\/\/www.invarena.cz\/index.php?rest_route=\/wp\/v2\/media\/7976"}],"wp:attachment":[{"href":"https:\/\/www.invarena.cz\/index.php?rest_route=%2Fwp%2Fv2%2Fmedia&parent=16866"}],"wp:term":[{"taxonomy":"category","embeddable":true,"href":"https:\/\/www.invarena.cz\/index.php?rest_route=%2Fwp%2Fv2%2Fcategories&post=16866"},{"taxonomy":"post_tag","embeddable":true,"href":"https:\/\/www.invarena.cz\/index.php?rest_route=%2Fwp%2Fv2%2Ftags&post=16866"}],"curies":[{"name":"wp","href":"https:\/\/api.w.org\/{rel}","templated":true}]}}