{"id":16885,"date":"2014-07-16T06:40:44","date_gmt":"2014-07-16T04:40:44","guid":{"rendered":"http:\/\/www.invarena.cz\/?p=16885"},"modified":"2014-07-16T06:40:44","modified_gmt":"2014-07-16T04:40:44","slug":"v-brnenskem-podzemi-by-mohli-provazet-i-nevidomi","status":"publish","type":"post","link":"https:\/\/www.invarena.cz\/?p=16885","title":{"rendered":"V brn\u011bnsk\u00e9m podzem\u00ed by mohli prov\u00e1zet i nevidom\u00ed"},"content":{"rendered":"<p style=\"text-align: justify;\"><strong>V brn\u011bnsk\u00e9m podzem\u00ed by mohli prov\u00e1zet i <span class=\"highlight\">nevidom\u00ed<\/span><!--K-->. Je to ale t\u00e9ma a\u017e pro p\u0159\u00ed\u0161t\u00ed turistickou sez\u00f3nu. P\u0159\u00edprava takov\u00e9ho pr\u016fvodce je toti\u017e podle \u0159editelky turistick\u00e9ho informa\u010dn\u00edho centra Petry Ka\u010d\u00edrkov\u00e9 velmi n\u00e1ro\u010dn\u00e1.<\/strong> (ilustra\u010dn\u00ed foto)<\/p>\n<p><!--more--><\/p>\n<p>Rozhovor Hitr\u00e1dio Magic<br \/>\nPetra KA\u010c\u00cdRKOV\u00c1, \u0159editelka turistick\u00e9ho informa\u010dn\u00edho centra:<br \/>\nTrv\u00e1 to d\u00e9le ne\u017e jako nau\u010dit b\u011b\u017en\u00e9ho \u010dlov\u011bka jakoby n\u011bjak\u00fd text. Nau\u010dit ty <span class=\"highlight\">nevidom\u00e9<\/span><!--K--> pr\u016fvodce prov\u00e1zet jakoby ty vidom\u00e9 labyrintem.<\/p>\n<p>On se mus\u00ed nau\u010dit vn\u00edmat ten prostor, jako po\u010dty schod\u016f, jako kde se vlastn\u011b r\u016fzn\u011b st\u011bny a tak. Je ten syst\u00e9m pr\u00e1ce s t\u00edm pr\u016fvodcem \u00fapln\u011b jina\u010d\u00ed, ne\u017e s b\u011b\u017en\u00fdm pr\u016fvodcem.<\/p>\n<p><span class=\"highlight\">Nevidom\u00e9<\/span><!--K--> pr\u016fvodce by pak turistick\u00e9 informa\u010dn\u00ed centrum mohlo vyu\u017e\u00edvat i p\u0159i jin\u00fdch slavnostech a akc\u00edch.<\/p>\n<p>&nbsp;<\/p>\n<p>Hitr\u00e1dio MAGIC BRNO<\/p>\n","protected":false},"excerpt":{"rendered":"<div class=\"mh-excerpt\"><p>V brn\u011bnsk\u00e9m podzem\u00ed by mohli prov\u00e1zet i nevidom\u00ed. Je to ale t\u00e9ma a\u017e pro p\u0159\u00ed\u0161t\u00ed turistickou sez\u00f3nu. P\u0159\u00edprava takov\u00e9ho pr\u016fvodce je toti\u017e podle \u0159editelky turistick\u00e9ho <a class=\"mh-excerpt-more\" href=\"https:\/\/www.invarena.cz\/?p=16885\" title=\"V brn\u011bnsk\u00e9m podzem\u00ed by mohli prov\u00e1zet i nevidom\u00ed\">[&#8230;]<\/a><\/p>\n<\/div>","protected":false},"author":1,"featured_media":1782,"comment_status":"open","ping_status":"closed","sticky":false,"template":"","format":"standard","meta":{"footnotes":""},"categories":[12],"tags":[],"class_list":["post-16885","post","type-post","status-publish","format-standard","has-post-thumbnail","hentry","category-rozhovory"],"_links":{"self":[{"href":"https:\/\/www.invarena.cz\/index.php?rest_route=\/wp\/v2\/posts\/16885","targetHints":{"allow":["GET"]}}],"collection":[{"href":"https:\/\/www.invarena.cz\/index.php?rest_route=\/wp\/v2\/posts"}],"about":[{"href":"https:\/\/www.invarena.cz\/index.php?rest_route=\/wp\/v2\/types\/post"}],"author":[{"embeddable":true,"href":"https:\/\/www.invarena.cz\/index.php?rest_route=\/wp\/v2\/users\/1"}],"replies":[{"embeddable":true,"href":"https:\/\/www.invarena.cz\/index.php?rest_route=%2Fwp%2Fv2%2Fcomments&post=16885"}],"version-history":[{"count":0,"href":"https:\/\/www.invarena.cz\/index.php?rest_route=\/wp\/v2\/posts\/16885\/revisions"}],"wp:featuredmedia":[{"embeddable":true,"href":"https:\/\/www.invarena.cz\/index.php?rest_route=\/wp\/v2\/media\/1782"}],"wp:attachment":[{"href":"https:\/\/www.invarena.cz\/index.php?rest_route=%2Fwp%2Fv2%2Fmedia&parent=16885"}],"wp:term":[{"taxonomy":"category","embeddable":true,"href":"https:\/\/www.invarena.cz\/index.php?rest_route=%2Fwp%2Fv2%2Fcategories&post=16885"},{"taxonomy":"post_tag","embeddable":true,"href":"https:\/\/www.invarena.cz\/index.php?rest_route=%2Fwp%2Fv2%2Ftags&post=16885"}],"curies":[{"name":"wp","href":"https:\/\/api.w.org\/{rel}","templated":true}]}}