{"id":16900,"date":"2014-07-16T23:10:41","date_gmt":"2014-07-16T21:10:41","guid":{"rendered":"http:\/\/www.invarena.cz\/?p=16900"},"modified":"2014-07-16T23:22:03","modified_gmt":"2014-07-16T21:22:03","slug":"dobrany-chystaji-na-vikend-pout-v-psychiatricke-nemocnici","status":"publish","type":"post","link":"https:\/\/www.invarena.cz\/?p=16900","title":{"rendered":"Dob\u0159any chystaj\u00ed na v\u00edkend pou\u0165 v psychiatrick\u00e9 nemocnici"},"content":{"rendered":"<p><strong>Dob\u0159any na ji\u017en\u00edm Plze\u0148sku p\u0159ipravily na nadch\u00e1zej\u00edc\u00ed v\u00edkend kulturn\u00ed akci v rozlehl\u00e9m p\u0159\u00edrodn\u00edm are\u00e1lu tamn\u00ed Psychiatrick\u00e9 nemocnice. Dvoudenn\u00ed Pou\u0165 za plotem m\u00e1 pomoci sbl\u00ed\u017eit sv\u011bty psychiatrick\u00fdch pacient\u016f a ostatn\u00edch lid\u00ed. <\/strong>\/ilustra\u010dn\u00ed foto\/ <!--more--><\/p>\n<p>Navazuje na festival Mezi ploty, kter\u00e9 se v are\u00e1lu n\u011bkolik let konal, p\u0159ed \u010dty\u0159mi roky ho ale soukrom\u00fd po\u0159adatel p\u0159estal v Dob\u0159anech po\u0159\u00e1dat a d\u00e1l jej organizuje na psychiatrii v Praze-Bohnic\u00edch, \u0159ekl starosta Marek S\u00fdkora.<\/p>\n<p>&#8222;Jsem velmi r\u00e1d, \u017ee i d\u00edky velk\u00e9 vst\u0159\u00edcnosti Psychiatrick\u00e9 nemocnice m\u016f\u017eeme ji\u017e podruh\u00e9 pln\u011b v re\u017eii m\u011bsta a jeho kulturn\u00edho st\u0159ediska uspo\u0159\u00e1dat tuto akci, kdy se na jeden v\u00edkend prolnou dva r\u016fzn\u00e9 sv\u011bty, mezi nimi\u017e je opravdu jen tenk\u00e1 hranice,&#8220; \u0159ekl starosta. Nemocnice s 1200 l\u016f\u017eky je sou\u010d\u00e1st\u00ed m\u011bsta p\u0159es 130 let, v mnoha lidech ale st\u00e1le p\u0159etrv\u00e1vaj\u00ed p\u0159edsudky v\u016f\u010di psychiatrick\u00fdm pacient\u016fm a psychick\u00fdm chorob\u00e1m. Bo\u0159en\u00ed t\u011bchto bari\u00e9r a tabu byl hlavn\u00ed c\u00edl i p\u016fvodn\u00edho festivalu Mezi ploty, na n\u011bj\u017e nyn\u00ed akce po\u0159\u00e1dan\u00e1 m\u011bstem navazuje.<br \/>\nHudebn\u00ed program nab\u00eddne d\u011btskou diskot\u00e9ku, vystoupen\u00ed skupin Kab\u00e1t revival, Kn\u00edry, Lucie revival nebo Anakonda Benda. V doprovodn\u00e9m programu se p\u0159edstav\u00ed nap\u0159\u00edklad ob\u010dansk\u00e9 sdru\u017een\u00ed Ledovec z Plze\u0148ska, kter\u00e9 se zam\u011b\u0159uje na pr\u00e1ci s lidmi s psychick\u00fdm onemocn\u011bn\u00edm, nebo z\u00e1kladn\u00ed speci\u00e1ln\u00ed a praktick\u00e1 \u0161kola pro d\u011bti s ment\u00e1ln\u00edm posti\u017een\u00edm z Prahy. P\u0159ipraveny jsou tv\u016fr\u010d\u00ed d\u00edlny, zdoben\u00ed pern\u00ed\u010dk\u016f a pou\u0165ov\u00e9 atrakce v are\u00e1lu koupac\u00edho biotopu Kotynka, kter\u00fd je naproti nemocnici. V kostele Pov\u00fd\u0161en\u00ed svat\u00e9ho K\u0159\u00ed\u017ee bude v\u00fdstava arteterapie pacient\u016f nemocnice, uvedla \u0159editelka M\u011bstsk\u00e9ho kulturn\u00edho st\u0159ediska Simona S\u00fdkorov\u00e1. Pou\u0165 za plotem se kon\u00e1 v sobotu od 10:00 do 20:00 a v ned\u011bli od 10:00 do 18:00, vstup je zdarma.<br \/>\nDob\u0159ansk\u00e1 psychiatrie se za\u010dala stav\u011bt v roce 1876, p\u016fvodn\u011b to byl st\u00e1tn\u00ed zemsk\u00fd \u00fastav pro choromysln\u00e9, pak po desetilet\u00ed psychiatrick\u00e1 l\u00e9\u010debna. Teprve loni ministerstvo zdravotnictv\u00ed vyhov\u011blo dlouholet\u00e9mu p\u0159\u00e1n\u00ed l\u00e9ka\u0159\u016f a za\u0159\u00edzen\u00ed z\u00edskalo status nemocnice. Nyn\u00ed je v n\u00ed 31 odd\u011blen\u00ed. V are\u00e1lu je 55 staveb, z toho je 25 pro poskytov\u00e1n\u00ed zdravotn\u00ed p\u00e9\u010de, zbytek jsou hospod\u00e1\u0159sk\u00e9, technick\u00e9 a dva bytov\u00e9 objekty. Sou\u010d\u00e1st\u00ed are\u00e1lu je velk\u00fd lesopark, ovocn\u00fd sad, kv\u011btinov\u00e9 a zeleninov\u00e9 zahrady a sportovn\u00ed are\u00e1l.<\/p>\n","protected":false},"excerpt":{"rendered":"<div class=\"mh-excerpt\"><p>Dob\u0159any na ji\u017en\u00edm Plze\u0148sku p\u0159ipravily na nadch\u00e1zej\u00edc\u00ed v\u00edkend kulturn\u00ed akci v rozlehl\u00e9m p\u0159\u00edrodn\u00edm are\u00e1lu tamn\u00ed Psychiatrick\u00e9 nemocnice. Dvoudenn\u00ed Pou\u0165 za plotem m\u00e1 pomoci sbl\u00ed\u017eit sv\u011bty <a class=\"mh-excerpt-more\" href=\"https:\/\/www.invarena.cz\/?p=16900\" title=\"Dob\u0159any chystaj\u00ed na v\u00edkend pou\u0165 v psychiatrick\u00e9 nemocnici\">[&#8230;]<\/a><\/p>\n<\/div>","protected":false},"author":1,"featured_media":8962,"comment_status":"open","ping_status":"closed","sticky":false,"template":"","format":"standard","meta":{"footnotes":""},"categories":[17],"tags":[],"class_list":["post-16900","post","type-post","status-publish","format-standard","has-post-thumbnail","hentry","category-kultura"],"_links":{"self":[{"href":"https:\/\/www.invarena.cz\/index.php?rest_route=\/wp\/v2\/posts\/16900","targetHints":{"allow":["GET"]}}],"collection":[{"href":"https:\/\/www.invarena.cz\/index.php?rest_route=\/wp\/v2\/posts"}],"about":[{"href":"https:\/\/www.invarena.cz\/index.php?rest_route=\/wp\/v2\/types\/post"}],"author":[{"embeddable":true,"href":"https:\/\/www.invarena.cz\/index.php?rest_route=\/wp\/v2\/users\/1"}],"replies":[{"embeddable":true,"href":"https:\/\/www.invarena.cz\/index.php?rest_route=%2Fwp%2Fv2%2Fcomments&post=16900"}],"version-history":[{"count":0,"href":"https:\/\/www.invarena.cz\/index.php?rest_route=\/wp\/v2\/posts\/16900\/revisions"}],"wp:featuredmedia":[{"embeddable":true,"href":"https:\/\/www.invarena.cz\/index.php?rest_route=\/wp\/v2\/media\/8962"}],"wp:attachment":[{"href":"https:\/\/www.invarena.cz\/index.php?rest_route=%2Fwp%2Fv2%2Fmedia&parent=16900"}],"wp:term":[{"taxonomy":"category","embeddable":true,"href":"https:\/\/www.invarena.cz\/index.php?rest_route=%2Fwp%2Fv2%2Fcategories&post=16900"},{"taxonomy":"post_tag","embeddable":true,"href":"https:\/\/www.invarena.cz\/index.php?rest_route=%2Fwp%2Fv2%2Ftags&post=16900"}],"curies":[{"name":"wp","href":"https:\/\/api.w.org\/{rel}","templated":true}]}}