{"id":16982,"date":"2014-10-22T12:28:15","date_gmt":"2014-10-22T10:28:15","guid":{"rendered":"http:\/\/www.invarena.cz\/?p=16982"},"modified":"2014-10-22T12:28:15","modified_gmt":"2014-10-22T10:28:15","slug":"cast-klientu-z-ustavu-v-marianske-prejde-do-samostatneho-bydleni","status":"publish","type":"post","link":"https:\/\/www.invarena.cz\/?p=16982","title":{"rendered":"\u010c\u00e1st klient\u016f z \u00fastavu v Mari\u00e1nsk\u00e9 p\u0159ejde do samostatn\u00e9ho bydlen\u00ed"},"content":{"rendered":"<p><strong>Do samostatn\u00e9ho bydlen\u00ed p\u0159ejde postupn\u011b \u010d\u00e1st klient\u016f Domova pro osoby se zdravotn\u00edm posti\u017een\u00edm v Mari\u00e1nsk\u00e9 na Karlovarsku. Karlovarsk\u00fd kraj jako z\u0159izovatel chce oproti p\u016fvodn\u00edmu pl\u00e1nu p\u0159em\u00edstit\u00a0z domova jen asi \u010dtvrtinu <span class=\"highlight\">posti\u017een\u00fdch<\/span><!--K-->, kte\u0159\u00ed by vzhledem ke zdravotn\u00edmu stavu zvl\u00e1dli samostatn\u011bj\u0161\u00ed bydlen\u00ed.<\/strong><!--more--><\/p>\n<p>&#8222;Projekt na transformaci domova v Mari\u00e1nsk\u00e9 jsme p\u0159ibrzdili,&#8220; p\u0159ipustil n\u00e1m\u011bstek karlovarsk\u00e9ho hejtmana Miloslav \u010cerm\u00e1k (\u010cSSD). &#8222;Zjistili jsme, \u017ee \u0159ada z klient\u016f domova v Mari\u00e1nsk\u00e9 nemus\u00ed \u017e\u00edt v \u00fastavu, ale mohla by samostatn\u011bji bydlet ve vlastn\u00edch bytech,&#8220; uvedl.<\/p>\n<p>Domov v Mari\u00e1nsk\u00e9 m\u00e1 kapacitu 180 m\u00edst, p\u0159i\u010dem\u017e v\u011bt\u0161ina klient\u016f trp\u00ed t\u011b\u017ek\u00fdmi zdravotn\u00edmi poruchami, kter\u00e9 neumo\u017e\u0148uj\u00ed samostatn\u00e9 bydlen\u00ed. To byl tak\u00e9 d\u016fvod, pro\u010d veden\u00ed kraje od transformace cel\u00e9ho \u00fastavu nakonec ustoupilo.<\/p>\n<p>&#8222;Vytipovali jsme ale 42 klient\u016f, kte\u0159\u00ed by byli schopn\u00ed \u017e\u00edt v bytech se slu\u017ebami chr\u00e1n\u011bn\u00e9ho bydlen\u00ed,&#8220; konstatoval \u010cerm\u00e1k.<\/p>\n<p>&nbsp;<\/p>\n<p>&nbsp;<\/p>\n<p>&nbsp;<\/p>\n","protected":false},"excerpt":{"rendered":"<div class=\"mh-excerpt\"><p>Do samostatn\u00e9ho bydlen\u00ed p\u0159ejde postupn\u011b \u010d\u00e1st klient\u016f Domova pro osoby se zdravotn\u00edm posti\u017een\u00edm v Mari\u00e1nsk\u00e9 na Karlovarsku. Karlovarsk\u00fd kraj jako z\u0159izovatel chce oproti p\u016fvodn\u00edmu pl\u00e1nu <a class=\"mh-excerpt-more\" href=\"https:\/\/www.invarena.cz\/?p=16982\" title=\"\u010c\u00e1st klient\u016f z \u00fastavu v Mari\u00e1nsk\u00e9 p\u0159ejde do samostatn\u00e9ho bydlen\u00ed\">[&#8230;]<\/a><\/p>\n<\/div>","protected":false},"author":1,"featured_media":0,"comment_status":"open","ping_status":"closed","sticky":false,"template":"","format":"standard","meta":{"footnotes":""},"categories":[9],"tags":[],"class_list":["post-16982","post","type-post","status-publish","format-standard","hentry","category-zpravy"],"_links":{"self":[{"href":"https:\/\/www.invarena.cz\/index.php?rest_route=\/wp\/v2\/posts\/16982","targetHints":{"allow":["GET"]}}],"collection":[{"href":"https:\/\/www.invarena.cz\/index.php?rest_route=\/wp\/v2\/posts"}],"about":[{"href":"https:\/\/www.invarena.cz\/index.php?rest_route=\/wp\/v2\/types\/post"}],"author":[{"embeddable":true,"href":"https:\/\/www.invarena.cz\/index.php?rest_route=\/wp\/v2\/users\/1"}],"replies":[{"embeddable":true,"href":"https:\/\/www.invarena.cz\/index.php?rest_route=%2Fwp%2Fv2%2Fcomments&post=16982"}],"version-history":[{"count":0,"href":"https:\/\/www.invarena.cz\/index.php?rest_route=\/wp\/v2\/posts\/16982\/revisions"}],"wp:attachment":[{"href":"https:\/\/www.invarena.cz\/index.php?rest_route=%2Fwp%2Fv2%2Fmedia&parent=16982"}],"wp:term":[{"taxonomy":"category","embeddable":true,"href":"https:\/\/www.invarena.cz\/index.php?rest_route=%2Fwp%2Fv2%2Fcategories&post=16982"},{"taxonomy":"post_tag","embeddable":true,"href":"https:\/\/www.invarena.cz\/index.php?rest_route=%2Fwp%2Fv2%2Ftags&post=16982"}],"curies":[{"name":"wp","href":"https:\/\/api.w.org\/{rel}","templated":true}]}}