{"id":1701,"date":"2013-03-05T08:29:10","date_gmt":"2013-03-05T07:29:10","guid":{"rendered":"http:\/\/www.invarena.cz\/?p=1701"},"modified":"2014-10-20T20:14:20","modified_gmt":"2014-10-20T18:14:20","slug":"s-nevidomou-harmonikarkou-zpival-v-brezove-cely-sal","status":"publish","type":"post","link":"https:\/\/www.invarena.cz\/?p=1701","title":{"rendered":"S nevidomou harmonik\u00e1\u0159kou zp\u00edval cel\u00fd s\u00e1l"},"content":{"rendered":"<p>Harmonika a jeden\u00e1ctilet\u00e1 Nikol Buk\u00f3ciov\u00e1 z Lokte &#8211; to byla velk\u00e1 l\u00e1ska na prvn\u00ed poslech. &#8222;Dcera je od narozen\u00ed nevidom\u00e1, tak\u017ee nikdy harmoniku nevid\u011bla. Kdy\u017e ale n\u00e1stroj jednou usly\u0161ela, hned se do n\u011bj zamilovala,&#8220; \u0159ekla o nejmlad\u0161\u00ed \u00fa\u010dastnici v\u00edkendov\u00e9ho setk\u00e1n\u00ed harmonik\u00e1\u0159\u016f v B\u0159ezov\u00e9 na Sokolovsku matka Nikoly. \/ilustra\u010dn\u00ed sn\u00edmek\/<!--more--><\/p>\n<p>Vzpom\u00ednala, jak dcera poprv\u00e9 popadla ze \u0161koly p\u016fj\u010denou harmoniku v hodnot\u011b 30 tis\u00edc korun a hned na ni zahr\u00e1la p\u00edsni\u010dku, jako by n\u00e1stroj m\u011bla v rukou l\u00e9ta. Pomohla j\u00ed toti\u017e pr\u016fprava z klav\u00edru.<\/p>\n<p>Ji\u0159\u00ed Homolka, kter\u00fd Nikolu u\u010d\u00ed v sokolovsk\u00e9 &#8218;zu\u0161ce&#8216;, prozradil tajemstv\u00ed d\u00edv\u010dina \u00fasp\u011bchu. &#8222;Na\u0161e slun\u00ed\u010dko a nezmar m\u00e1 absolutn\u00ed hudebn\u00ed sluch. Jakmile se dostane k harmonice nebo ke klav\u00edru, jenom by hr\u00e1la,&#8220; konstatoval pedagog. Maminka V\u011bra dodala, \u017ee dcera m\u00e1 i jednu slabost &#8211; lentilky. Tento &#8218;doping&#8216; si Nikol dop\u0159\u00e1la i po sv\u00e9m sobotn\u00edm vystoupen\u00ed, p\u0159i kter\u00e9m s n\u00ed zp\u00edval cel\u00fd s\u00e1l.<\/p>\n<p>O absolutn\u00edm hudebn\u00edm sluchu by doma u Buk\u00f3ci\u016f mohli dlouho vypr\u00e1v\u011bt. Jakmile toti\u017e vrznou dve\u0159e, zask\u0159\u00edpe \u017eidle, Nikol hned v\u0161em hl\u00e1s\u00ed, v jak\u00e9 t\u00f3nin\u011b to je. &#8222;Je zaj\u00edmav\u00e9, jak v\u0161e um\u00ed hudebn\u011b rozli\u0161it,&#8220; sd\u011blila maminka. &#8222;P\u0159\u00edbory u n\u00e1s doma ne\u010dast\u011bji padaj\u00ed v g\u00e9\u010dku, \u017eidle vrzaj\u00ed v \u00e9\u010dku,&#8220; vysv\u011btlila Nikol Buk\u00f3ciov\u00e1. <\/p>\n<p>O dce\u0159i \u0159\u00edk\u00e1, \u017ee to je takov\u00e1 pohod\u00e1\u0159ka, kter\u00e1 je sm\u00ed\u0159en\u00e1 se sv\u00fdm handicapem a v\u0161e bere v pohod\u011b. O tom, \u017ee nevid\u00ed, rodi\u010de dce\u0159i dlouho ne\u0159\u00edkali. Dozv\u011bd\u011bla se v\u0161e, a\u017e byla v\u011bt\u0161\u00ed. Ke klav\u00edru, harmonice a zp\u011bvu by r\u00e1da p\u0159ibrala je\u0161t\u011b housle. Kdy\u017e p\u0159i\u0161la \u0159e\u010d na tajn\u00e9 p\u0159\u00e1n\u00ed, tak se nechala sly\u0161et, \u017ee by si na harmoniku zahr\u00e1la s Jarkem Nohavicou. Na jeho koncertu byla p\u0159\u00edrodn\u00edm amfite\u00e1tru v Lokti.<\/p>\n<p>Housle, zp\u011bv, harmonika a klav\u00edr nejsou jedinou Nikolinou l\u00e1skou. &#8222;M\u00e1m jednoho kluka. Poprv\u00e9 jsme se setkali na sportovn\u00edm soust\u0159ed\u011bn\u00ed pro nevidom\u00e9, ale jsme od sebe daleko a rok jsme se nesly\u0161eli ani nesetkali,&#8220; zavzpom\u00ednala si Nikol. V z\u00e1\u0159\u00ed p\u0159estoup\u00ed z karlovarsk\u00e9 Z\u00e1kladn\u00ed \u0161koly v Truhl\u00e1\u0159sk\u00e9 ulici na nedalekou Z\u00e1kladn\u00ed \u0161kolu a Z\u00e1kladn\u00ed um\u011bleckou \u0161kolu ve \u0160meralov\u011b ulici. <\/p>\n<p>Pak se chce, podobn\u011b jako jej\u00ed star\u0161\u00ed sestra, dostat na pra\u017eskou konzervato\u0159 a pozd\u011bji u\u010dit ve \u0161kole hudbu. &#8222;Douf\u00e1m, \u017ee na mne budou spolu\u017e\u00e1ci z Truhl\u00e1\u0159sk\u00e9 vzpom\u00ednat jako j\u00e1 na n\u011b.&#8220;<br \/>\nNikol Buk\u00f3ciov\u00e1, Olga Homolkov\u00e1, heligonk\u00e1\u0159i z Plzn\u011b a dal\u0161\u00ed \u00fa\u010dinkuj\u00edc\u00ed p\u0159i osm\u00e9m dostaven\u00ed\u010dku harmonik\u00e1\u0159\u016f z cel\u00fdch \u010cech rozezp\u00edvali v b\u0159ezovsk\u00e9m multifunk\u010dn\u00edm centru na t\u0159i stovky poslucha\u010d\u016f.<\/p>\n<p> &#8222;Venku \u0159\u00e1d\u00ed ekonomick\u00e1 krize, republika m\u00e1 ve sv\u00e9 historii nejv\u011bt\u0161\u00ed po\u010det nezam\u011bstnan\u00fdch, \u017eijeme neust\u00e1le v pesimismu. Ale p\u0159i setk\u00e1n\u00ed harmonik\u00e1\u0159\u016f bylo v\u0161e \u00fapln\u011b jinak,&#8220; pochvaloval si akci starosta B\u0159ezov\u00e9 Miroslav Bouda.<\/p>\n<p>B\u0159ezovsk\u00e9 multifunk\u010dn\u00ed centrum op\u011bt o\u017eije o Velikonoc\u00edch praki\u00e1dou i dal\u0161\u00edmi akcemi.<\/p>\n<p>Mlad\u00e1 fronta DNES<\/p>\n","protected":false},"excerpt":{"rendered":"<div class=\"mh-excerpt\"><p>Harmonika a jeden\u00e1ctilet\u00e1 Nikol Buk\u00f3ciov\u00e1 z Lokte &#8211; to byla velk\u00e1 l\u00e1ska na prvn\u00ed poslech. &#8222;Dcera je od narozen\u00ed nevidom\u00e1, tak\u017ee nikdy harmoniku nevid\u011bla. Kdy\u017e <a class=\"mh-excerpt-more\" href=\"https:\/\/www.invarena.cz\/?p=1701\" title=\"S nevidomou harmonik\u00e1\u0159kou zp\u00edval cel\u00fd s\u00e1l\">[&#8230;]<\/a><\/p>\n<\/div>","protected":false},"author":1,"featured_media":1794,"comment_status":"open","ping_status":"open","sticky":false,"template":"","format":"standard","meta":{"footnotes":""},"categories":[17,7],"tags":[],"class_list":["post-1701","post","type-post","status-publish","format-standard","has-post-thumbnail","hentry","category-kultura","category-spolecnost"],"_links":{"self":[{"href":"https:\/\/www.invarena.cz\/index.php?rest_route=\/wp\/v2\/posts\/1701","targetHints":{"allow":["GET"]}}],"collection":[{"href":"https:\/\/www.invarena.cz\/index.php?rest_route=\/wp\/v2\/posts"}],"about":[{"href":"https:\/\/www.invarena.cz\/index.php?rest_route=\/wp\/v2\/types\/post"}],"author":[{"embeddable":true,"href":"https:\/\/www.invarena.cz\/index.php?rest_route=\/wp\/v2\/users\/1"}],"replies":[{"embeddable":true,"href":"https:\/\/www.invarena.cz\/index.php?rest_route=%2Fwp%2Fv2%2Fcomments&post=1701"}],"version-history":[{"count":0,"href":"https:\/\/www.invarena.cz\/index.php?rest_route=\/wp\/v2\/posts\/1701\/revisions"}],"wp:featuredmedia":[{"embeddable":true,"href":"https:\/\/www.invarena.cz\/index.php?rest_route=\/wp\/v2\/media\/1794"}],"wp:attachment":[{"href":"https:\/\/www.invarena.cz\/index.php?rest_route=%2Fwp%2Fv2%2Fmedia&parent=1701"}],"wp:term":[{"taxonomy":"category","embeddable":true,"href":"https:\/\/www.invarena.cz\/index.php?rest_route=%2Fwp%2Fv2%2Fcategories&post=1701"},{"taxonomy":"post_tag","embeddable":true,"href":"https:\/\/www.invarena.cz\/index.php?rest_route=%2Fwp%2Fv2%2Ftags&post=1701"}],"curies":[{"name":"wp","href":"https:\/\/api.w.org\/{rel}","templated":true}]}}