{"id":17012,"date":"2014-09-07T09:45:14","date_gmt":"2014-09-07T07:45:14","guid":{"rendered":"http:\/\/www.invarena.cz\/?p=17012"},"modified":"2014-09-07T09:45:14","modified_gmt":"2014-09-07T07:45:14","slug":"stat-dal-prehlizi-neziskovky-bez-nadaci-se-neobejdou","status":"publish","type":"post","link":"https:\/\/www.invarena.cz\/?p=17012","title":{"rendered":"St\u00e1t d\u00e1l p\u0159ehl\u00ed\u017e\u00ed neziskovky. Bez nadac\u00ed se neobejdou"},"content":{"rendered":"<p><strong>Jak si maj\u00ed poradit organizace z neziskov\u00e9ho sektoru, kdy\u017e chyb\u00ed pen\u00edze? Tady st\u00e1t navzdory legislativn\u00edm zm\u011bn\u00e1m st\u00e1le nedok\u00e1\u017ee trvale pom\u00e1hat.<\/strong><!--more--><\/p>\n<p>Je to jeden velk\u00fd paradox. Kdy\u017e se m\u011bstu nebo obci nedost\u00e1v\u00e1 pen\u011bz na obnovu nemovitost\u00ed, kter\u00e9 m\u00e1 ve sv\u00e9 spr\u00e1v\u011b, nebo chyb\u00ed pen\u00edze na n\u011bkter\u00fd z projekt\u016f, je tady z\u00e1chrann\u00fd kruh v podob\u011b nejr\u016fzn\u011bj\u0161\u00edch st\u00e1tn\u00edch nebo evropsk\u00fdch fond\u016f.<\/p>\n<p>A pokud se k podpo\u0159e nedostanou letos, dal\u0161\u00ed \u0161ance je znovu za rok. Ale jak si maj\u00ed poradit organizace z neziskov\u00e9ho sektoru? Tady st\u00e1t navzdory legislativn\u00edm zm\u011bn\u00e1m st\u00e1le nedok\u00e1\u017ee trvale pom\u00e1hat.<\/p>\n<p>Stovky nejr\u016fzn\u011bj\u0161\u00edch z\u00e1jmov\u00fdch spolk\u016f, ale tak\u00e9 \u0161kolsk\u00fdch, soci\u00e1ln\u00edch, zdravotn\u00edch a sportovn\u00edch za\u0159\u00edzen\u00ed nebo rodi\u010d\u016f pe\u010duj\u00edc\u00edch o v\u00e1\u017en\u011b nemocn\u00e9 d\u011bti maj\u00ed \u010dasto jen slovn\u00ed podporu. T\u011bm ze Slov\u00e1cka letos Nadace SYNOT rozd\u011bl\u00ed prost\u0159ednictv\u00edm sv\u00e9ho grantu dva miliony korun. &#8222;Nedok\u00e1\u017ei suplovat st\u00e1t, ale role neziskov\u00e9ho sektoru je v dne\u0161n\u00ed spole\u010dnosti natolik nezastupiteln\u00e1, \u017ee pova\u017euji za nutn\u00e9 mu alespo\u0148 na Slov\u00e1cku pomoci,&#8220; \u0159\u00edk\u00e1 Ivo Valenta, zakladatel nadace.<\/p>\n<p>Uzav\u00edrka leto\u0161n\u00edch p\u0159ihl\u00e1\u0161ek je 3. z\u00e1\u0159\u00ed, av\u0161ak t\u00edm podpora kon\u010dit nemus\u00ed. Nadace toti\u017e po vyhodnocen\u00ed grantu rozhodne, jestli bude je\u0161t\u011b letos vyhl\u00e1\u0161eno dal\u0161\u00ed kolo grantov\u00e9ho programu.<\/p>\n<p>&#8222;S nadac\u00ed m\u00e1me tu nejlep\u0161\u00ed zku\u0161enost, v minulosti n\u00e1m pomohla ji\u017e n\u011bkolikr\u00e1t. Proto p\u0159ihl\u00e1\u0161ku tak\u00e9 letos ur\u010dit\u011b po\u0161leme,&#8220; \u0159\u00edk\u00e1 Milena Mare\u010dkov\u00e1, \u0159editelka spole\u010dnosti Vincentinum Velehrad. &#8222;P\u0159esn\u011b v\u00edme, kam bychom pen\u00edze vlo\u017eili. Ur\u010dit\u011b do hipoterapie, kter\u00e1 na\u0161im t\u011blesn\u011b <span class=\"highlight\">posti\u017een\u00fdm<\/span><!--K--> klient\u016fm nesm\u00edrn\u011b prosp\u00edv\u00e1.&#8220; Mezi \u017eadateli nebude chyb\u011bt ani D\u011btsk\u00fd domov Uhersk\u00fd Ostroh, jen\u017e s nada\u010dn\u00ed pomoc\u00ed nab\u00edz\u00ed d\u011btem \u0159adu z\u00e1jmov\u00fdch krou\u017ek\u016f a organizuje nap\u0159\u00edklad tradi\u010dn\u00ed Malov\u00e1n\u00ed na ploty.<\/p>\n<p>Nebo v\u0161ech dev\u011bt mate\u0159sk\u00fdch \u0161kol v Uhersk\u00e9m Hradi\u0161ti. Jejich \u0159editelka Ilona Mo\u010di\u010dkov\u00e1 v t\u011bchto dnech dokon\u010duje projekt, se kter\u00fdm se bude uch\u00e1zet o podporu.<\/p>\n<p>&#8222;\u017d\u00e1dost si v p\u0159\u00ed\u0161t\u00edch dnech rozhodn\u011b pod\u00e1me. Pokud pen\u00edze z\u00edsk\u00e1me, zaplat\u00edme jimi jednak dovybaven\u00ed zahrad a tak\u00e9 dopravu na d\u011btsk\u00e9 v\u00fdlety,&#8220; \u0159ekla Ilona Mo\u010di\u010dkov\u00e1.<\/p>\n<p>Z\u00e1jemci mohou sv\u00e9 \u017e\u00e1dosti pos\u00edlat u\u017e dnes na adresu Nadace SYNOT, Jakt\u00e1\u0159e 1475, 686 01 Uhersk\u00e9 Hradi\u0161t\u011b. Podrobnosti \u010dt\u011bte na www.nadacesynot.cz.<\/p>\n<p>&nbsp;<\/p>\n<p><a href=\"http:\/\/www.idobryden.cz\/\" target=\"_blank\">http:\/\/www.idobryden.cz<\/a><\/p>\n<p>ilustra\u010dn\u00ed foto: Cohdra MorgueFile<\/p>\n","protected":false},"excerpt":{"rendered":"<div class=\"mh-excerpt\"><p>Jak si maj\u00ed poradit organizace z neziskov\u00e9ho sektoru, kdy\u017e chyb\u00ed pen\u00edze? Tady st\u00e1t navzdory legislativn\u00edm zm\u011bn\u00e1m st\u00e1le nedok\u00e1\u017ee trvale pom\u00e1hat.<\/p>\n<\/div>","protected":false},"author":1,"featured_media":14577,"comment_status":"open","ping_status":"closed","sticky":false,"template":"","format":"standard","meta":{"footnotes":""},"categories":[1],"tags":[],"class_list":["post-17012","post","type-post","status-publish","format-standard","has-post-thumbnail","hentry","category-nezarazene"],"_links":{"self":[{"href":"https:\/\/www.invarena.cz\/index.php?rest_route=\/wp\/v2\/posts\/17012","targetHints":{"allow":["GET"]}}],"collection":[{"href":"https:\/\/www.invarena.cz\/index.php?rest_route=\/wp\/v2\/posts"}],"about":[{"href":"https:\/\/www.invarena.cz\/index.php?rest_route=\/wp\/v2\/types\/post"}],"author":[{"embeddable":true,"href":"https:\/\/www.invarena.cz\/index.php?rest_route=\/wp\/v2\/users\/1"}],"replies":[{"embeddable":true,"href":"https:\/\/www.invarena.cz\/index.php?rest_route=%2Fwp%2Fv2%2Fcomments&post=17012"}],"version-history":[{"count":0,"href":"https:\/\/www.invarena.cz\/index.php?rest_route=\/wp\/v2\/posts\/17012\/revisions"}],"wp:featuredmedia":[{"embeddable":true,"href":"https:\/\/www.invarena.cz\/index.php?rest_route=\/wp\/v2\/media\/14577"}],"wp:attachment":[{"href":"https:\/\/www.invarena.cz\/index.php?rest_route=%2Fwp%2Fv2%2Fmedia&parent=17012"}],"wp:term":[{"taxonomy":"category","embeddable":true,"href":"https:\/\/www.invarena.cz\/index.php?rest_route=%2Fwp%2Fv2%2Fcategories&post=17012"},{"taxonomy":"post_tag","embeddable":true,"href":"https:\/\/www.invarena.cz\/index.php?rest_route=%2Fwp%2Fv2%2Ftags&post=17012"}],"curies":[{"name":"wp","href":"https:\/\/api.w.org\/{rel}","templated":true}]}}