{"id":17087,"date":"2014-08-06T10:20:46","date_gmt":"2014-08-06T08:20:46","guid":{"rendered":"http:\/\/www.invarena.cz\/?p=17087"},"modified":"2014-08-06T10:20:46","modified_gmt":"2014-08-06T08:20:46","slug":"chysta-se-zakon-o-socialnim-podnikani","status":"publish","type":"post","link":"https:\/\/www.invarena.cz\/?p=17087","title":{"rendered":"Chyst\u00e1 se z\u00e1kon o soci\u00e1ln\u00edm podnik\u00e1n\u00ed"},"content":{"rendered":"<p><strong>V \u010cesku se chyst\u00e1 <span class=\"highlight\">z\u00e1kon<\/span> <span class=\"highlight\">o<\/span> <span class=\"highlight\">soci\u00e1ln\u00edm<\/span> <span class=\"highlight\">podnik\u00e1n\u00ed<\/span>. Pomoci by m\u011bl firm\u00e1m, kter\u00e9 zam\u011bstn\u00e1vaj\u00ed lidi znev\u00fdhodn\u011bn\u00e9 na b\u011b\u017en\u00e9m pracovn\u00edm trhu. Jde p\u0159edev\u0161\u00edm o t\u011blesn\u011b posti\u017een\u00e9.<\/strong> <!--more--><br \/>\n<em><strong>\u010cesk\u00e1 televize\u00a0 &#8211; report\u00e1\u017e<\/strong><\/em><\/p>\n<p>T\u011blesn\u011b handicapovan\u00ed, lid\u00e9 bez domova, ale t\u0159eba i ti po v\u00fdkonu trestu. Ti v\u0161ichni maj\u00ed probl\u00e9m usp\u011bt na pracovn\u00edm trhu a u\u017e brzy by se to m\u011blo nebo mohlo zm\u011bnit.<\/p>\n<p>Zajistit by to m\u011bl <span class=\"highlight\">z\u00e1kon<\/span> <span class=\"highlight\">o<\/span> <span class=\"highlight\">soci\u00e1ln\u00edm<\/span> <span class=\"highlight\">podnik\u00e1n\u00ed<\/span>, kter\u00fd p\u0159ipravuje \u00fa\u0159ad vl\u00e1dy. Firmy zam\u011bstn\u00e1vaj\u00edc\u00ed soci\u00e1ln\u011b vylou\u010den\u00e9, by se m\u011bly od st\u00e1tu do\u010dkat v\u011bt\u0161\u00ed podpory. Po\u010det takov\u00fdch podnik\u016f v tuzemsku u\u017e te\u010f roste, za posledn\u00edho p\u016fl roku jich vzniklo 50 z celkov\u00fdch 200.<\/p>\n<p>Pr\u00e1ci hledala Petra Hynkov\u00e1 rok a p\u016fl. Kv\u016fli handicapu ale ne\u00fasp\u011b\u0161n\u011b. Pak p\u0159i\u0161la nab\u00eddka prod\u00e1vat v obchod\u011b s hra\u010dkami a s n\u00ed i z\u00e1sadn\u00ed \u017eivotn\u00ed zm\u011bna.<\/p>\n<p>Petra HYNKOV\u00c1, prodava\u010dka: O t\u011bch nov\u00fdch lidech a nov\u00fdch kontaktech a seberealizaci to bylo a je.<\/p>\n<p>Hra\u010dk\u00e1\u0159stv\u00ed si zalo\u017eily dv\u011b kamar\u00e1dky. Ob\u011b vystudovaly ergoterapii, tedy l\u00e9\u010dbu prac\u00ed. Jejich motivac\u00ed nebyl zisk, ale pomoc lidem se zdravotn\u00edm posti\u017een\u00edm.<\/p>\n<p>Jana \u0158EHO\u0158KOV\u00c1, spolumajitelka soci\u00e1ln\u00edho podniku:\u00a0 Jde n\u00e1m jenom o to vlastn\u011b, abysme m\u011bly pro sebe platy, platy pro na\u0161e zam\u011bstnance s t\u00edm znev\u00fdhodn\u011bn\u00edm a abysme zaplatily n\u00e1jem.<\/p>\n<p>Soci\u00e1ln\u00edm podnik\u016fm p\u0159i startu pom\u00e1haj\u00ed pen\u00edze z evropsk\u00fdch fond\u016f. Pokud zam\u011bstn\u00e1vaj\u00ed lidi se zdravotn\u00edm handicapem, dostanou taky p\u0159\u00edsp\u011bvek na jejich plat od \u00fa\u0159adu pr\u00e1ce. Z\u00edsk\u00e1v\u00e1n\u00ed dal\u0161\u00edch financ\u00ed je ale obt\u00ed\u017en\u00e9.<\/p>\n<p>Petra FRANCOV\u00c1, \u0159editelka organizace P3: Banky necht\u011bj\u00ed p\u016fj\u010dovat soci\u00e1ln\u00edm podnik\u016fm, to jim p\u0159ijde rizikov\u00e9.<\/p>\n<p>Pro soci\u00e1ln\u00ed podniky, jako je t\u0159eba tato kav\u00e1rna, plat\u00ed na pracovn\u00edm trhu \u00fapln\u011b stejn\u00e9 podm\u00ednky jako pro ostatn\u00ed firmy. N\u011bkter\u00e9 z nich tady maj\u00ed probl\u00e9m obst\u00e1t v konkuren\u010dn\u00edm boji. Pom\u00e1hat by jim m\u011bl p\u0159ipravovan\u00fd <span class=\"highlight\">z\u00e1kon<\/span> <span class=\"highlight\">o<\/span> <span class=\"highlight\">soci\u00e1ln\u00edm<\/span> <span class=\"highlight\">podnik\u00e1n\u00ed<\/span>.<\/p>\n<p>Alena ZIEGLEROV\u00c1, odbor pro soci\u00e1ln\u00ed za\u010dle\u0148ov\u00e1n\u00ed, \u00fa\u0159ad vl\u00e1dy: Ten z\u00e1kon m\u00e1 vlastn\u011b vyrovn\u00e1vat ty rozd\u00edly, m\u00e1 jakoby vych\u00e1zet vst\u0159\u00edc v oblasti ve\u0159ejn\u00fdch zak\u00e1zek, \u0159ekn\u011bme, nebo da\u0148ov\u00fdch \u00falev.<\/p>\n<p>Soci\u00e1ln\u00edch podnik\u016f vyu\u017e\u00edvaj\u00ed \u010dasto m\u011bsta pro ve\u0159ejn\u00e9 pr\u00e1ce, jako t\u0159eba v Kladn\u011b. Firma, kter\u00e1 zam\u011bstn\u00e1v\u00e1 lidi s ment\u00e1ln\u00edm posti\u017een\u00edm, se star\u00e1 o po\u0159\u00e1dek na m\u00edstn\u00edm s\u00eddli\u0161ti.<\/p>\n<p>Roman AND\u011aL, provozn\u00ed \u0159editel soci\u00e1ln\u00edho podniku: Jak to jde dneska? Hodn\u011b nepo\u0159\u00e1dku? Ten start prob\u00edh\u00e1 v\u00edcem\u00e9n\u011b stejn\u011b jako kdekoliv jinde v zam\u011bstn\u00e1n\u00ed, akor\u00e1t to trv\u00e1 malinko del\u0161\u00ed dobu.<\/p>\n<p>Pracovat by cht\u011bli taky mnoz\u00ed lid\u00e9 bez domova jako t\u0159eba na pra\u017esk\u00e9 N\u00e1plavce, kde \u017eeny prod\u00e1vaj\u00ed j\u00eddlo, kter\u00e9 samy uva\u0159\u00ed, nebo vlastn\u00ed v\u00fdrobky.<\/p>\n<p>Zam\u011bstn\u00e1n\u00ed znev\u00fdhodn\u011bn\u00fdch lid\u00ed m\u00e1 pozitivn\u00ed dopad na ekonomiku.<\/p>\n<p>Petra FRANCOV\u00c1, \u0159editelka organizace P3: Je to v podstat\u011b slu\u017eba pro st\u00e1t, proto\u017ee ten st\u00e1t, tomu se vyplat\u00ed, kdy\u017e ti lid\u00e9 pracuj\u00ed a nesed\u00ed doma a nepob\u00edraj\u00ed d\u00e1vky.<\/p>\n<p>Z\u00e1kon, kter\u00fd by pomohl naj\u00edt pr\u00e1ci lidem, jako je Petra Hynkov\u00e1 a p\u0159inesl v\u00fdhody jejich zam\u011bstnavatel\u016fm, se za\u010dne p\u0159ipravovat u\u017e tento m\u011bs\u00edc, pak ho \u010dek\u00e1 klasick\u00e1 legislativn\u00ed cesta.<\/p>\n<p>ilustra\u010dn\u00ed foto: Flickr.com<\/p>\n","protected":false},"excerpt":{"rendered":"<div class=\"mh-excerpt\"><p>V \u010cesku se chyst\u00e1 z\u00e1kon o soci\u00e1ln\u00edm podnik\u00e1n\u00ed. Pomoci by m\u011bl firm\u00e1m, kter\u00e9 zam\u011bstn\u00e1vaj\u00ed lidi znev\u00fdhodn\u011bn\u00e9 na b\u011b\u017en\u00e9m pracovn\u00edm trhu. Jde p\u0159edev\u0161\u00edm o t\u011blesn\u011b posti\u017een\u00e9.<\/p>\n<\/div>","protected":false},"author":1,"featured_media":5045,"comment_status":"open","ping_status":"closed","sticky":false,"template":"","format":"standard","meta":{"footnotes":""},"categories":[6],"tags":[],"class_list":["post-17087","post","type-post","status-publish","format-standard","has-post-thumbnail","hentry","category-politika"],"_links":{"self":[{"href":"https:\/\/www.invarena.cz\/index.php?rest_route=\/wp\/v2\/posts\/17087","targetHints":{"allow":["GET"]}}],"collection":[{"href":"https:\/\/www.invarena.cz\/index.php?rest_route=\/wp\/v2\/posts"}],"about":[{"href":"https:\/\/www.invarena.cz\/index.php?rest_route=\/wp\/v2\/types\/post"}],"author":[{"embeddable":true,"href":"https:\/\/www.invarena.cz\/index.php?rest_route=\/wp\/v2\/users\/1"}],"replies":[{"embeddable":true,"href":"https:\/\/www.invarena.cz\/index.php?rest_route=%2Fwp%2Fv2%2Fcomments&post=17087"}],"version-history":[{"count":0,"href":"https:\/\/www.invarena.cz\/index.php?rest_route=\/wp\/v2\/posts\/17087\/revisions"}],"wp:featuredmedia":[{"embeddable":true,"href":"https:\/\/www.invarena.cz\/index.php?rest_route=\/wp\/v2\/media\/5045"}],"wp:attachment":[{"href":"https:\/\/www.invarena.cz\/index.php?rest_route=%2Fwp%2Fv2%2Fmedia&parent=17087"}],"wp:term":[{"taxonomy":"category","embeddable":true,"href":"https:\/\/www.invarena.cz\/index.php?rest_route=%2Fwp%2Fv2%2Fcategories&post=17087"},{"taxonomy":"post_tag","embeddable":true,"href":"https:\/\/www.invarena.cz\/index.php?rest_route=%2Fwp%2Fv2%2Ftags&post=17087"}],"curies":[{"name":"wp","href":"https:\/\/api.w.org\/{rel}","templated":true}]}}