{"id":17090,"date":"2014-08-06T12:37:48","date_gmt":"2014-08-06T10:37:48","guid":{"rendered":"http:\/\/www.invarena.cz\/?p=17090"},"modified":"2014-08-06T12:37:48","modified_gmt":"2014-08-06T10:37:48","slug":"nezlomna-neslysici-zena-si-ziskala-uznani-od-osn","status":"publish","type":"post","link":"https:\/\/www.invarena.cz\/?p=17090","title":{"rendered":"Nezlomn\u00e1 nesly\u0161\u00edc\u00ed \u017eena si z\u00edskala uzn\u00e1n\u00ed od OSN"},"content":{"rendered":"<p><strong>Liisa Kauppinenov\u00e1 (foto) je drobn\u00e1 Finka, kter\u00e1 v\u0161ak dok\u00e1zala neoby\u010dejn\u00e9 v\u011bci. Za celo\u017eivotn\u00ed pr\u00e1ci ve v\u011bci jazykov\u00fdch a kulturn\u00edch pr\u00e1v nesly\u0161\u00edc\u00edch lid\u00ed z\u00edskala Cenu OSN na poli lidsk\u00fdch pr\u00e1v.<\/strong><br \/>\n<!--more--><br \/>\nCenu OSN na poli lidsk\u00fdch pr\u00e1v z\u00edsk\u00e1vaj\u00ed ti lid\u00e9, kte\u0159\u00ed v\u00fdznamn\u011b p\u0159isp\u011bli k prosazov\u00e1n\u00ed a ochran\u011b lidsk\u00fdch pr\u00e1v. Mezi n\u011b nepochybn\u011b Liisa Kauppinenov\u00e1 pat\u0159\u00ed. V\u017edy\u0165 cel\u00fd \u017eivot zasv\u011btila boji o lep\u0161\u00ed pr\u00e1va nesly\u0161\u00edc\u00edch a to nejen ve Finsku, ale po cel\u00e9m sv\u011bt\u011b. Pro v\u0161echny sluchov\u011b posti\u017een\u00e9 je tak velk\u00fdm p\u0159\u00edkladem, \u017ee i kdy\u017e sama nesly\u0161\u00ed, dostalo se j\u00ed d\u016fstojn\u00e9ho uzn\u00e1n\u00ed.<\/p>\n<p>P\u011bt let spole\u010dn\u011b se sv\u00fdmi spolupracovn\u00edky bojovala o prosazen\u00ed znakov\u00e9ho jazyka do dokumentu OSN o pr\u00e1vech posti\u017een\u00fdch lid\u00ed.<\/p>\n<p>Dlouh\u00fdch 30 let byla p\u0159edsedkyn\u00ed Finsk\u00e9ho svazu nesly\u0161\u00edc\u00edch a v letech 1995 a\u017e 2003 dokonce vedla Sv\u011btovou federaci nesly\u0161\u00edc\u00edch, kde je nyn\u00ed \u010destnou prezidentkou.<\/p>\n<p>Krom\u011b toho byla \u010dlenem r\u016fzn\u00fdch poradn\u00edch org\u00e1n\u016f OSN, Sv\u011btov\u00e9 zdravotnick\u00e9 organizace (WHO) a UNESCO.<\/p>\n<p>Procestovala tak\u0159ka cel\u00fd sv\u011bt a v\u0161ude \u0161\u00ed\u0159ila pr\u00e1va nesly\u0161\u00edc\u00edch na rovn\u00e9 zprost\u0159edkov\u00e1n\u00ed informac\u00ed.<\/p>\n<p>P\u0159esto\u017ee je nejv\u00edce uzn\u00e1vanou osobou v rodn\u00e9m Finsku, jej\u00ed \u010dinnost byla p\u0159\u00edkladem pro velk\u00e9 mno\u017estv\u00ed zm\u011bn po cel\u00e9m sv\u011bt\u011b \u010ceskou republiku nevyj\u00edmaje.<\/p>\n<p>Cena OSN na poli lidsk\u00fdch pr\u00e1v se poprv\u00e9 ud\u011blovala v roce 1968 a od t\u00e9 doby doch\u00e1z\u00ed k jej\u00edmu vyhl\u00e1\u0161en\u00ed v\u017edy v p\u011btilet\u00e9 period\u011b a to v Den lidsk\u00fdch pr\u00e1v, kter\u00fd p\u0159ipad\u00e1 na des\u00e1t\u00fd prosinec.<\/p>\n<p>Mezi velmi slavn\u00e9 dr\u017eitele Ceny OSN na poli lidsk\u00fdch pr\u00e1v pat\u0159\u00ed nap\u0159\u00edklad ned\u00e1vno zesnul\u00fd Nelson Mandela, b\u00fdval\u00fd americk\u00fd prezident Jimi Carter, nebo slavn\u00fd Martin Luther King.<\/p>\n<p>\u010ceskou republiku zastupuje zakl\u00e1daj\u00edc\u00ed \u010dlenka Charty 77 Anna \u0160abatov\u00e1, kter\u00e1 se do\u010dkala ocen\u011bn\u00ed v roce 1998.<\/p>\n<p>Ji\u0159\u00ed Marek<br \/>\ninvArena<\/p>\n<p>foto: Liisa Kauppinen \/ www.ykliitto.fi<\/p>\n","protected":false},"excerpt":{"rendered":"<div class=\"mh-excerpt\"><p>Liisa Kauppinenov\u00e1 (foto) je drobn\u00e1 Finka, kter\u00e1 v\u0161ak dok\u00e1zala neoby\u010dejn\u00e9 v\u011bci. Za celo\u017eivotn\u00ed pr\u00e1ci ve v\u011bci jazykov\u00fdch a kulturn\u00edch pr\u00e1v nesly\u0161\u00edc\u00edch lid\u00ed z\u00edskala Cenu OSN <a class=\"mh-excerpt-more\" href=\"https:\/\/www.invarena.cz\/?p=17090\" title=\"Nezlomn\u00e1 nesly\u0161\u00edc\u00ed \u017eena si z\u00edskala uzn\u00e1n\u00ed od OSN\">[&#8230;]<\/a><\/p>\n<\/div>","protected":false},"author":3,"featured_media":17092,"comment_status":"open","ping_status":"closed","sticky":false,"template":"","format":"standard","meta":{"footnotes":""},"categories":[7],"tags":[],"class_list":["post-17090","post","type-post","status-publish","format-standard","has-post-thumbnail","hentry","category-spolecnost"],"_links":{"self":[{"href":"https:\/\/www.invarena.cz\/index.php?rest_route=\/wp\/v2\/posts\/17090","targetHints":{"allow":["GET"]}}],"collection":[{"href":"https:\/\/www.invarena.cz\/index.php?rest_route=\/wp\/v2\/posts"}],"about":[{"href":"https:\/\/www.invarena.cz\/index.php?rest_route=\/wp\/v2\/types\/post"}],"author":[{"embeddable":true,"href":"https:\/\/www.invarena.cz\/index.php?rest_route=\/wp\/v2\/users\/3"}],"replies":[{"embeddable":true,"href":"https:\/\/www.invarena.cz\/index.php?rest_route=%2Fwp%2Fv2%2Fcomments&post=17090"}],"version-history":[{"count":0,"href":"https:\/\/www.invarena.cz\/index.php?rest_route=\/wp\/v2\/posts\/17090\/revisions"}],"wp:featuredmedia":[{"embeddable":true,"href":"https:\/\/www.invarena.cz\/index.php?rest_route=\/wp\/v2\/media\/17092"}],"wp:attachment":[{"href":"https:\/\/www.invarena.cz\/index.php?rest_route=%2Fwp%2Fv2%2Fmedia&parent=17090"}],"wp:term":[{"taxonomy":"category","embeddable":true,"href":"https:\/\/www.invarena.cz\/index.php?rest_route=%2Fwp%2Fv2%2Fcategories&post=17090"},{"taxonomy":"post_tag","embeddable":true,"href":"https:\/\/www.invarena.cz\/index.php?rest_route=%2Fwp%2Fv2%2Ftags&post=17090"}],"curies":[{"name":"wp","href":"https:\/\/api.w.org\/{rel}","templated":true}]}}