{"id":17101,"date":"2014-08-08T09:42:11","date_gmt":"2014-08-08T07:42:11","guid":{"rendered":"http:\/\/www.invarena.cz\/?p=17101"},"modified":"2014-08-11T10:36:44","modified_gmt":"2014-08-11T08:36:44","slug":"zemrela-jana-hrda-zena-pro-kterou-byli-postizeni-na-prvnim-miste","status":"publish","type":"post","link":"https:\/\/www.invarena.cz\/?p=17101","title":{"rendered":"Zem\u0159ela Jana Hrd\u00e1. \u017dena, pro kterou byli posti\u017een\u00ed na prvn\u00edm m\u00edst\u011b"},"content":{"rendered":"<p><strong>P\u00e1t\u00e9ho srpna n\u00e1s nav\u017edy opustila Jana Hrd\u00e1. Jako t\u011b\u017ece t\u011blesn\u011b posti\u017een\u00e1 se v \u017eivot\u011b nevzdala, ale naopak pom\u00e1hala sv\u00fdm posti\u017een\u00fdm kamar\u00e1d\u016fm a spoluob\u010dan\u016fm. Jako prvn\u00ed se tak\u00e9 stala nositelkou Ceny Olgy Havlov\u00e9.<\/strong><br \/>\n<!--more--><br \/>\nIng. Jana Hrd\u00e1 utrp\u011bla p\u0159i autonehod\u011b  v roce 1982 t\u011b\u017ek\u00fd \u00faraz p\u00e1te\u0159e, po kter\u00e9m \u00fapln\u011b ochrnula. Podobn\u00e1 \u017eivotn\u00ed trag\u00e9die by v\u011bt\u0161inu lid\u00ed srazila k zemi, Jana Hrd\u00e1 se ale nevzdala a se \u017eivotem bojovala. V\u0161em handicapovan\u00fdm pomohla neoceniteln\u00fdm zp\u016fsobem.<br \/>\nPo roce 1990 se spolupod\u00edlela na zalo\u017een\u00ed Pra\u017esk\u00e9 organizace voz\u00ed\u010dk\u00e1\u0159\u016f a iniciovala vznik kurz\u016f osobn\u00ed asistence, kter\u00e9 si kladly za c\u00edl v\u011bt\u0161\u00ed osamostatn\u011bn\u00ed posti\u017een\u00fdch, tak aby mohli \u017e\u00edt sami v b\u011b\u017en\u00e9 dom\u00e1cnosti a mohli se v\u00edce zapojit do \u017eivota.<br \/>\nJana Hrd\u00e1 byla m\u00edstop\u0159edsedkyn\u00ed N\u00e1rodn\u00ed rady osob se zdravotn\u00edm posti\u017een\u00edm \u010cR, byla sou\u010d\u00e1st\u00ed \u0159ady soci\u00e1ln\u00edch projekt\u016f a zapojovala se do vzd\u011bl\u00e1v\u00e1n\u00ed zam\u011bstnanc\u016f v soci\u00e1ln\u00edch slu\u017eb\u00e1ch.<br \/>\nZa svou z\u00e1slu\u017enou \u010dinnost se do\u010dkala v\u00fdznamn\u00e9ho ocen\u011bn\u00ed. Stala se prvn\u00ed nositelkou Ceny Olgy Havlov\u00e9.<br \/>\nP\u0159edseda NRZP \u010cR a z\u00e1rove\u0148 kamar\u00e1d Jany Hrd\u00e9 V\u00e1clav Kr\u00e1sa vydal v souvislosti s jej\u00ed smrt\u00ed n\u00e1sleduj\u00edc\u00ed prohl\u00e1\u0161en\u00ed:<br \/>\n&#8222;dnes v rann\u00edch hodin\u00e1ch zem\u0159ela pan\u00ed Ing. Jana Hrd\u00e1, m\u00edstop\u0159edsedkyn\u011b NRZP \u010cR, dr\u017eitelka ceny Olgy Havlov\u00e9, \u010dlenka Vl\u00e1dn\u00edho v\u00fdboru pro zdravotn\u011b posti\u017een\u00e9, ale p\u0159edev\u0161\u00edm kamar\u00e1dka, \u010dlov\u011bk, kter\u00fd rozd\u00e1val l\u00e1sku kolem.<br \/>\nHnut\u00ed osob se zdravotn\u00edm posti\u017een\u00edm v n\u00ed ztr\u00e1c\u00ed bojovnici za samostatn\u00fd \u017eivot a odbornici, kter\u00e1 se dlouhodob\u011b zab\u00fdvala problematikou zdravotn\u00edho posti\u017een\u00ed. Jej\u00ed v\u016fle, ale i l\u00e1ska k ostatn\u00edm, byla n\u00e1m v\u0161em, kdo jsme s n\u00ed dlouh\u00e1 l\u00e9ta spolupracovali, vzorem.&#8220;<\/p>\n<p>Ji\u0159\u00ed Marek<br \/>\ninvArena<\/p>\n<p>ilustra\u010dn\u00ed foto: lumix2004 \/ sxc.hu<\/p>\n","protected":false},"excerpt":{"rendered":"<div class=\"mh-excerpt\"><p>P\u00e1t\u00e9ho srpna n\u00e1s nav\u017edy opustila Jana Hrd\u00e1. Jako t\u011b\u017ece t\u011blesn\u011b posti\u017een\u00e1 se v \u017eivot\u011b nevzdala, ale naopak pom\u00e1hala sv\u00fdm posti\u017een\u00fdm kamar\u00e1d\u016fm a spoluob\u010dan\u016fm. Jako prvn\u00ed <a class=\"mh-excerpt-more\" href=\"https:\/\/www.invarena.cz\/?p=17101\" title=\"Zem\u0159ela Jana Hrd\u00e1. \u017dena, pro kterou byli posti\u017een\u00ed na prvn\u00edm m\u00edst\u011b\">[&#8230;]<\/a><\/p>\n<\/div>","protected":false},"author":3,"featured_media":14273,"comment_status":"open","ping_status":"closed","sticky":false,"template":"","format":"standard","meta":{"footnotes":""},"categories":[7,9],"tags":[],"class_list":["post-17101","post","type-post","status-publish","format-standard","has-post-thumbnail","hentry","category-spolecnost","category-zpravy"],"_links":{"self":[{"href":"https:\/\/www.invarena.cz\/index.php?rest_route=\/wp\/v2\/posts\/17101","targetHints":{"allow":["GET"]}}],"collection":[{"href":"https:\/\/www.invarena.cz\/index.php?rest_route=\/wp\/v2\/posts"}],"about":[{"href":"https:\/\/www.invarena.cz\/index.php?rest_route=\/wp\/v2\/types\/post"}],"author":[{"embeddable":true,"href":"https:\/\/www.invarena.cz\/index.php?rest_route=\/wp\/v2\/users\/3"}],"replies":[{"embeddable":true,"href":"https:\/\/www.invarena.cz\/index.php?rest_route=%2Fwp%2Fv2%2Fcomments&post=17101"}],"version-history":[{"count":0,"href":"https:\/\/www.invarena.cz\/index.php?rest_route=\/wp\/v2\/posts\/17101\/revisions"}],"wp:featuredmedia":[{"embeddable":true,"href":"https:\/\/www.invarena.cz\/index.php?rest_route=\/wp\/v2\/media\/14273"}],"wp:attachment":[{"href":"https:\/\/www.invarena.cz\/index.php?rest_route=%2Fwp%2Fv2%2Fmedia&parent=17101"}],"wp:term":[{"taxonomy":"category","embeddable":true,"href":"https:\/\/www.invarena.cz\/index.php?rest_route=%2Fwp%2Fv2%2Fcategories&post=17101"},{"taxonomy":"post_tag","embeddable":true,"href":"https:\/\/www.invarena.cz\/index.php?rest_route=%2Fwp%2Fv2%2Ftags&post=17101"}],"curies":[{"name":"wp","href":"https:\/\/api.w.org\/{rel}","templated":true}]}}