{"id":17109,"date":"2014-08-08T10:37:50","date_gmt":"2014-08-08T08:37:50","guid":{"rendered":"http:\/\/www.invarena.cz\/?p=17109"},"modified":"2014-08-08T10:38:03","modified_gmt":"2014-08-08T08:38:03","slug":"elektroodpad-perspektivni-byznys-pro-hendikepovane","status":"publish","type":"post","link":"https:\/\/www.invarena.cz\/?p=17109","title":{"rendered":"Elektroodpad &#8211; perspektivn\u00ed byznys pro hendikepovan\u00e9"},"content":{"rendered":"<p><strong> Spole\u010dnost, kter\u00e1 zaji\u0161\u0165uje sb\u011br vyslou\u017eil\u00fdch elektrospot\u0159ebi\u010d\u016f, je pot\u0159ebuje rozebrat. Pr\u00e1ci tak z\u00edsk\u00e1 p\u0159es dvacet handicapovan\u00fdch. Podle V\u00e1clava Kr\u00e1sy z NRZP to je\u00a0 velmi perspektivn\u00ed byznys pro lidi se zdravotn\u00edm posti\u017een\u00edm,<\/strong><!--more--><\/p>\n<p><em><strong>\u010cesk\u00e1 televize &#8211; report\u00e1\u017e<\/strong><\/em><\/p>\n<p>Do chr\u00e1n\u011bn\u00e9 d\u00edlny v Mlad\u00e9 Boleslavi p\u0159ivezl kamion prvn\u00ed v\u00e1rku elektroodpadu. Celkov\u011b p\u016fjde o tis\u00edc tun vyslou\u017eil\u00fdch monitor\u016f a televizor\u016f, kter\u00e9 spole\u010dnost Asekol p\u0159ed\u00e1 dv\u011bma chr\u00e1n\u011bn\u00fdm d\u00edln\u00e1m v \u010cesku.<\/p>\n<p>Ty zv\u00edt\u011bzily ve v\u00fdb\u011brov\u00e9m \u0159\u00edzen\u00ed. P\u0159es 20 <span class=\"highlight\">zdravotn\u011b<\/span> <span class=\"highlight\">posti\u017een\u00fdch<\/span> m\u00e1 d\u00edky tomu jistou pr\u00e1ci minim\u00e1ln\u011b na dal\u0161\u00ed p\u016flrok.<\/p>\n<p>V\u00e1clav KR\u00c1SA, p\u0159edseda NRZP:<br \/>\nJe nepochybn\u00e9, \u017ee t\u0159\u00edd\u011bn\u00ed odpadu bude pokra\u010dovat, je v\u00edce elektroniky, bude v\u011bt\u0161\u00ed obm\u011bna, to je velmi perspektivn\u00ed byznys pro firmy, ale i zaj\u00edmav\u00e9 zam\u011bstn\u00e1n\u00ed pro lidi se zdravotn\u00edm posti\u017een\u00edm.<\/p>\n<p>moder\u00e1torka:<br \/>\nStar\u00e9 televizory a monitory, celkov\u011b tis\u00edc tun elektroodpadu si mezi sebe rozd\u011bl\u00ed dv\u011b chr\u00e1n\u011bn\u00e9 d\u00edlny, kter\u00e9 zam\u011bstn\u00e1vaj\u00ed <span class=\"highlight\">zdravotn\u011b<\/span> <span class=\"highlight\">posti\u017een\u00e9<\/span>. Spole\u010dnost, kter\u00e1 zaji\u0161\u0165uje sb\u011br vyslou\u017eil\u00fdch elektrospot\u0159ebi\u010d\u016f, je pot\u0159ebuje rozebrat. Pr\u00e1ci tak z\u00edskaj\u00ed des\u00edtky handicapovan\u00fdch.<\/p>\n<p>Zam\u011bstnanci chr\u00e1n\u011bn\u00e9 d\u00edlny si je rozeb\u00edraj\u00ed jednu podruh\u00e9. Dovnit\u0159 se dostanou hned, sta\u010d\u00ed p\u00e1r nacvi\u010den\u00fdch pohyb\u016f. V\u0161ichni maj\u00ed n\u011bjak\u00fd handicap. T\u0159eba Marie Pol\u00edvkov\u00e1 m\u00e1 nemocn\u00e1 z\u00e1da, bere <span class=\"highlight\">invalidn\u00ed<\/span> d\u016fchod.<\/p>\n<p>Marie POL\u00cdVKOV\u00c1, zam\u011bstnankyn\u011b chr\u00e1n\u011bn\u00e9 d\u00edlny:<br \/>\nNed\u011bl\u00e1m t\u011b\u017ekou pr\u00e1ci, vlastn\u011b bu\u010f jsem vestoje nebo vsed\u011b, tak\u017ee jsem spokojen\u00e1.<\/p>\n<p>V\u00e1clav SEDL\u00c1\u010cEK, majitel chr\u00e1n\u011bn\u00e9 d\u00edlny, Mlad\u00e1 Boleslav:<br \/>\nNa\u0161i lid\u00e9 maj\u00ed za \u00fakol rozebrat tu televizi na plasty, sklo, ti\u0161t\u011bn\u00e9 spoje. Plasty jsme slisovali, zbal\u00edkovali a tady \u010dekaj\u00ed na odvoz.<\/p>\n<p>redaktorka:<br \/>\nLidsk\u00e1 ruka je p\u0159i t\u0159\u00edd\u011bn\u00ed tohoto elektroodpadu nutn\u00e1, hlavn\u011b proto, \u017ee televizn\u00ed obrazovka obsahuje t\u011b\u017ek\u00e9 kovy, mus\u00ed se s n\u00ed manipulovat opatrn\u011b.<\/p>\n<p>Pokud t\u0159\u00edd\u00ed handicapovan\u00ed, je to \u0161estkr\u00e1 dra\u017e\u0161\u00ed ne\u017e u komer\u010dn\u00edho zpracovatele. Ten dost\u00e1v\u00e1 30 hal\u00e9\u0159\u016f za kilo elektroodpadu.<\/p>\n<p>Kristina MIKULOV\u00c1, mluv\u010d\u00ed, Asekol:<br \/>\nJe to samoz\u0159ejm\u011b d\u016fvod n\u011bjak\u00e9 soci\u00e1ln\u00ed odpov\u011bdnosti, kdy chceme pomoct chr\u00e1n\u011bn\u00fdm d\u00edln\u00e1m zam\u011bstn\u00e1vat v\u00edce handicapovan\u00fdch.<\/p>\n<p>Pavel DRAHOVZAL, Svaz m\u011bst a obc\u00ed:<br \/>\nTo zase sni\u017euje n\u00e1klady st\u00e1tu na vlastn\u011b zabezpe\u010dov\u00e1n\u00ed t\u011bchto osob, proto\u017ee ty osoby jsou sob\u011bsta\u010dn\u00e9.<\/p>\n<p>redaktorka:<br \/>\nTakov\u00fdch kamion\u016f p\u0159ijede je\u0161t\u011b 50, ne\u017e p\u0159ivezou v\u0161ech 500 tun elektroodpadu. D\u00edky tomu m\u00e1 12 lid\u00ed se zdravotn\u00edm posti\u017een\u00edm jistou pr\u00e1ci minim\u00e1ln\u011b na p\u016fl roku.<\/p>\n<p>ilustra\u010dn\u00ed foto: Brian Forbes Flickr.com<\/p>\n","protected":false},"excerpt":{"rendered":"<div class=\"mh-excerpt\"><p>Spole\u010dnost, kter\u00e1 zaji\u0161\u0165uje sb\u011br vyslou\u017eil\u00fdch elektrospot\u0159ebi\u010d\u016f, je pot\u0159ebuje rozebrat. Pr\u00e1ci tak z\u00edsk\u00e1 p\u0159es dvacet handicapovan\u00fdch. Podle V\u00e1clava Kr\u00e1sy z NRZP to je\u00a0 velmi perspektivn\u00ed byznys <a class=\"mh-excerpt-more\" href=\"https:\/\/www.invarena.cz\/?p=17109\" title=\"Elektroodpad &#8211; perspektivn\u00ed byznys pro hendikepovan\u00e9\">[&#8230;]<\/a><\/p>\n<\/div>","protected":false},"author":1,"featured_media":15045,"comment_status":"open","ping_status":"closed","sticky":false,"template":"","format":"standard","meta":{"footnotes":""},"categories":[7],"tags":[],"class_list":["post-17109","post","type-post","status-publish","format-standard","has-post-thumbnail","hentry","category-spolecnost"],"_links":{"self":[{"href":"https:\/\/www.invarena.cz\/index.php?rest_route=\/wp\/v2\/posts\/17109","targetHints":{"allow":["GET"]}}],"collection":[{"href":"https:\/\/www.invarena.cz\/index.php?rest_route=\/wp\/v2\/posts"}],"about":[{"href":"https:\/\/www.invarena.cz\/index.php?rest_route=\/wp\/v2\/types\/post"}],"author":[{"embeddable":true,"href":"https:\/\/www.invarena.cz\/index.php?rest_route=\/wp\/v2\/users\/1"}],"replies":[{"embeddable":true,"href":"https:\/\/www.invarena.cz\/index.php?rest_route=%2Fwp%2Fv2%2Fcomments&post=17109"}],"version-history":[{"count":0,"href":"https:\/\/www.invarena.cz\/index.php?rest_route=\/wp\/v2\/posts\/17109\/revisions"}],"wp:featuredmedia":[{"embeddable":true,"href":"https:\/\/www.invarena.cz\/index.php?rest_route=\/wp\/v2\/media\/15045"}],"wp:attachment":[{"href":"https:\/\/www.invarena.cz\/index.php?rest_route=%2Fwp%2Fv2%2Fmedia&parent=17109"}],"wp:term":[{"taxonomy":"category","embeddable":true,"href":"https:\/\/www.invarena.cz\/index.php?rest_route=%2Fwp%2Fv2%2Fcategories&post=17109"},{"taxonomy":"post_tag","embeddable":true,"href":"https:\/\/www.invarena.cz\/index.php?rest_route=%2Fwp%2Fv2%2Ftags&post=17109"}],"curies":[{"name":"wp","href":"https:\/\/api.w.org\/{rel}","templated":true}]}}