{"id":1712,"date":"2013-03-05T10:27:52","date_gmt":"2013-03-05T09:27:52","guid":{"rendered":"http:\/\/www.invarena.cz\/?p=1712"},"modified":"2013-03-07T11:21:58","modified_gmt":"2013-03-07T10:21:58","slug":"urady-hromadne-odebiraji-prukazy-ozp","status":"publish","type":"post","link":"https:\/\/www.invarena.cz\/?p=1712","title":{"rendered":"\u00da\u0159ady hromadn\u011b odeb\u00edraj\u00ed pr\u016fkazy OZP"},"content":{"rendered":"<p>Zdravotn\u011b posti\u017een\u00ed, kter\u00fdm kon\u010d\u00ed platnost pr\u016fkazu ZTP nebo ZTP\/P si v sou\u010dasn\u00e9 dob\u011b mohou \u0159\u00edci. Bu\u010f nov\u00fd dostanu nebo ne a to i ti, kte\u0159\u00ed na n\u011bj zcela jist\u011b maj\u00ed n\u00e1rok. P\u0159edseda NRZP \u010cR V\u00e1clav Kr\u00e1sa (na sn\u00edmku) hendikepovan\u00fdm rad\u00ed:&#8220;Odvol\u00e1vejte se!&#8220;<br \/>\n<!--more--><br \/>\nS alarmuj\u00edc\u00ed informac\u00ed p\u0159i\u0161la N\u00e1rodn\u00ed rada osob se zdravotn\u00edm posti\u017een\u00edm \u010cR. Ta m\u00e1 informace od nejmenovan\u00e9ho krajsk\u00e9ho \u00da\u0159adu pr\u00e1ce, kde pr\u00fd doch\u00e1z\u00ed k praktice, kdy je obnovena platnost pr\u016fkazu OZP jen v ka\u017ed\u00e9m p\u00e1t\u00e9m p\u0159\u00edpad\u011b.<br \/>\nKa\u017ed\u00fd si tak snadno um\u00ed p\u0159edstavit, s jakou \u0161anc\u00ed si pro nov\u00fd pr\u016fkaz p\u016fjde, pokud se n\u011bco urychlen\u011b nezm\u011bn\u00ed. Jestli\u017ee doch\u00e1z\u00ed k vyd\u00e1n\u00ed pr\u016fkazu jen u ka\u017ed\u00e9ho p\u00e1t\u00e9ho handicapovan\u00e9ho, pak ZTP\/P nemohou dostat ani n\u011bkte\u0159\u00ed nejv\u00edce posti\u017een\u00ed.<\/p>\n<p><strong>Lid\u00e9 bra\u0148te se<\/strong><\/p>\n<p>Tak lze shrnout text, ve kter\u00e9m p\u0159edseda NRZP \u010cR V\u00e1clav Kr\u00e1sa navrhuje kroky, kter\u00e9 je nutn\u00e9 u\u010dinit, abyste sv\u016fj pr\u016fkaz mo\u017en\u00e1 z\u00edskali.<\/p>\n<p>&#8222;Pokud \u00fa\u0159ad rozhodne o neprodlou\u017een\u00ed pr\u016fkazu OZP nebo o jeho odebr\u00e1n\u00ed, je nezbytn\u00e9 se v\u017edy odvolat, a to prost\u0159ednictv\u00edm \u00da\u0159adu pr\u00e1ce p\u0159\u00edmo na MPSV \u010cR, odbor odvolac\u00edch agend, Podskalsk\u00e1 19, 128 01 Praha 2,&#8220; doporu\u010duje V\u00e1clav Kr\u00e1sa.<\/p>\n<p>&#8222;Pokud neusp\u011bjete u odvol\u00e1n\u00ed, nebojte se pod\u00e1vat spr\u00e1vn\u00ed \u017ealoby, kter\u00e9 se pod\u00e1vaj\u00ed ke Krajsk\u00fdm soud\u016fm. Odvol\u00e1n\u00ed sta\u010d\u00ed napsat jednodu\u0161e, hlavn\u011b mus\u00ed b\u00fdt uvedeno \u010d\u00edslo rozhodnut\u00ed, nebo p\u00edsemn\u00e1 informace, \u017ee v\u00e1m nebyl pr\u016fkaz prodlou\u017een.<\/p>\n<p>Ke zd\u016fvodn\u011bn\u00ed odvol\u00e1n\u00ed je nejl\u00e9pe pouk\u00e1zat na zhor\u0161uj\u00edc\u00ed se zdravotn\u00ed stav a podobn\u011b.&#8220;<\/p>\n<p>Lid\u00e9 se tak\u00e9 mohou obr\u00e1tit s dotazy na poradnu NRZP \u010cR a to na e-mail: poradnanrzp@nrzp.cz<\/p>\n<p>V\u00e1clav Kr\u00e1sa se tento t\u00fdden sejde s ministryn\u00ed Ludmilou M\u00fcllerovou. Na sch\u016fzce pr\u00fd bude o sou\u010dasn\u00e9 situaci s \u0161\u00e9fkou resortu jednat.<\/p>\n<p>P\u0159i\u0161li jste tak\u00e9 o pr\u016fkaz zdravotn\u011b posti\u017een\u00e9ho? Chcete se s n\u00e1mi pod\u011blit o sv\u016fj p\u0159\u00edb\u011bh? Nebojte se n\u00e1m napsat do redakce na e-mail:<br \/>\nmarek@invarena.cz<br \/>\nBudeme r\u00e1di za Va\u0161e n\u00e1zory.<\/p>\n<p>Ji\u0159\u00ed Marek<br \/>\ninvArena<\/p>\n","protected":false},"excerpt":{"rendered":"<div class=\"mh-excerpt\"><p>Zdravotn\u011b posti\u017een\u00ed, kter\u00fdm kon\u010d\u00ed platnost pr\u016fkazu ZTP nebo ZTP\/P si v sou\u010dasn\u00e9 dob\u011b mohou \u0159\u00edci. Bu\u010f nov\u00fd dostanu nebo ne a to i ti, kte\u0159\u00ed <a class=\"mh-excerpt-more\" href=\"https:\/\/www.invarena.cz\/?p=1712\" title=\"\u00da\u0159ady hromadn\u011b odeb\u00edraj\u00ed pr\u016fkazy OZP\">[&#8230;]<\/a><\/p>\n<\/div>","protected":false},"author":3,"featured_media":670,"comment_status":"open","ping_status":"open","sticky":false,"template":"","format":"standard","meta":{"footnotes":""},"categories":[6,7],"tags":[],"class_list":["post-1712","post","type-post","status-publish","format-standard","has-post-thumbnail","hentry","category-politika","category-spolecnost"],"_links":{"self":[{"href":"https:\/\/www.invarena.cz\/index.php?rest_route=\/wp\/v2\/posts\/1712","targetHints":{"allow":["GET"]}}],"collection":[{"href":"https:\/\/www.invarena.cz\/index.php?rest_route=\/wp\/v2\/posts"}],"about":[{"href":"https:\/\/www.invarena.cz\/index.php?rest_route=\/wp\/v2\/types\/post"}],"author":[{"embeddable":true,"href":"https:\/\/www.invarena.cz\/index.php?rest_route=\/wp\/v2\/users\/3"}],"replies":[{"embeddable":true,"href":"https:\/\/www.invarena.cz\/index.php?rest_route=%2Fwp%2Fv2%2Fcomments&post=1712"}],"version-history":[{"count":0,"href":"https:\/\/www.invarena.cz\/index.php?rest_route=\/wp\/v2\/posts\/1712\/revisions"}],"wp:featuredmedia":[{"embeddable":true,"href":"https:\/\/www.invarena.cz\/index.php?rest_route=\/wp\/v2\/media\/670"}],"wp:attachment":[{"href":"https:\/\/www.invarena.cz\/index.php?rest_route=%2Fwp%2Fv2%2Fmedia&parent=1712"}],"wp:term":[{"taxonomy":"category","embeddable":true,"href":"https:\/\/www.invarena.cz\/index.php?rest_route=%2Fwp%2Fv2%2Fcategories&post=1712"},{"taxonomy":"post_tag","embeddable":true,"href":"https:\/\/www.invarena.cz\/index.php?rest_route=%2Fwp%2Fv2%2Ftags&post=1712"}],"curies":[{"name":"wp","href":"https:\/\/api.w.org\/{rel}","templated":true}]}}