{"id":17126,"date":"2014-08-22T13:29:58","date_gmt":"2014-08-22T11:29:58","guid":{"rendered":"http:\/\/www.invarena.cz\/?p=17126"},"modified":"2014-10-17T22:28:53","modified_gmt":"2014-10-17T20:28:53","slug":"tyflocentrum-po-11-letech-konci-s-tabory-pro-nevidome-deti","status":"publish","type":"post","link":"https:\/\/www.invarena.cz\/?p=17126","title":{"rendered":"TyfloCentrum po 11 letech kon\u010d\u00ed s t\u00e1bory pro nevidom\u00e9 d\u011bti"},"content":{"rendered":"<p><strong><span style=\"color: #000000;\">Jeden\u00e1ct let po\u0159\u00e1dala spole\u010dnost TyfloCentrum Brno letn\u00ed t\u00e1bory pro d\u011bti s t\u011b\u017ek\u00fdm zrakov\u00fdm posti\u017een\u00edm. <span style=\"color: #000000;\">&#8222;Ub\u00fdv\u00e1 lid\u00ed, kte\u0159\u00ed jsou ochotni ob\u011btovat t\u00e1boru sv\u016fj voln\u00fd \u010das<\/span><span style=\"color: #000000;\">,&#8220; vysv\u011btluje \u0159editelka TyfloCentra <\/span><\/span><\/strong><!--more--><\/p>\n<p>&nbsp;<\/p>\n<p><strong><span style=\"color: #000000;\">Ka\u017ed\u00fd rok jezdilo asi 25 d\u011bt\u00ed ve v\u011bku od 7 do 17 let na dva t\u00fddny do t\u00e1bo\u0159i\u0161t\u011b ve Veversk\u00e9 B\u00edt\u00fd\u0161ce, kde se je vedouc\u00ed sna\u017eili nau\u010dit samostatnosti &#8211; nap\u0159\u00edklad namazat si chleba, postavit si stan nebo si rozd\u011blat ohe\u0148.\u00a0<\/span><\/strong><\/p>\n<p><br style=\"color: #000000;\" \/><span style=\"color: #000000;\">Od leto\u0161ka u\u017e ale t\u00e1bor nebude po\u0159\u00e1dat TyfloCentrum, ale Tyfloturistick\u00fd odd\u00edl z Prahy, kter\u00fd d\u011blal podobn\u00e9 t\u00e1bory na r\u016fzn\u00fdch m\u00edstech po \u010cesku. Nen\u00ed te\u010f tedy v\u016fbec jist\u00e9, jestli se t\u00e1bor p\u0159\u00ed\u0161t\u00ed rok bude znovu konat ve Veversk\u00e9 B\u00edt\u00fd\u0161ce, nebo v jin\u00e9m t\u00e1bo\u0159i\u0161ti mimo kraj.\u00a0<\/span><br style=\"color: #000000;\" \/><span style=\"color: #000000;\">T\u00e1bor pro tuto specifickou c\u00edlovou skupinu se v \u010cesku po\u0159\u00e1d\u00e1 od roku 1962, po \u010dase se ale rozd\u011blil na dv\u011b v\u011btve &#8211; \u010deskou a moravskou. Do leto\u0161ka se tedy o pr\u00e1zdnin\u00e1ch po\u0159\u00e1daly dva takov\u00e9 t\u00e1bory, te\u010f v\u0161ak z\u016fstane jenom jeden.\u00a0<\/span><\/p>\n<p><span style=\"color: #000000;\">&#8222;Ub\u00fdv\u00e1 lid\u00ed, kte\u0159\u00ed jsou ochotni ob\u011btovat t\u00e1boru sv\u016fj voln\u00fd \u010das. Nena\u0161li jsme nikoho, kdo by cht\u011bl na \u010dinnost nav\u00e1zat. V posledn\u00edch letech jsme nav\u00edc m\u011bli probl\u00e9m t\u00e1bor obsadit, museli jsme \u0159ady \u00fa\u010dastn\u00edk\u016f roz\u0161\u00ed\u0159it o d\u011bti, kter\u00e9 nebyly zcela\u00a0<\/span><span class=\"highlight\" style=\"color: #000000;\">nevidom\u00e9<\/span><span style=\"color: #000000;\">\u00a0nebo m\u011bly v\u00edce handicap\u016f. Posunovali jsme i v\u011bkovou hranici \u00fa\u010dastn\u00edk\u016f. D\u011bti nav\u00edc nejsou na\u0161e prioritn\u00ed c\u00edlov\u00e1 skupina,&#8220; vysv\u011btluje \u0159editelka TyfloCentra Hana Buben\u00ed\u010dkov\u00e1 d\u016fvod, pro\u010d se t\u00e1bor pod jejich veden\u00edm letos konat nebude.\u00a0<\/span><\/p>\n<p><br style=\"color: #000000;\" \/><span style=\"color: #000000;\">&#8222;P\u016fvodn\u011b to vypadalo, \u017ee nebude ani jeden t\u00e1bor. Bylo mi l\u00edto d\u011bt\u00ed, kter\u00e9 se na n\u011bj cel\u00fd rok t\u011b\u0161\u00ed a po\u0159\u00e1d mluv\u00ed jen o n\u011bm. Proto jsem se ho rozhodla uspo\u0159\u00e1dat. N\u011bkter\u00e9 v\u011bci jsme zm\u011bnili &#8211; t\u011b\u017eko se sh\u00e1n\u011bli dobrovoln\u00edci, kte\u0159\u00ed by t\u00e1boru ob\u011btovali 14 dn\u00ed dovolen\u00e9, proto jedeme jen na t\u00fdden. Kv\u016fli tomu jsme museli zru\u0161it pu\u0165\u00e1k &#8211; jednodenn\u00ed v\u00fdlet, p\u0159i n\u011bm\u017e d\u011bti pln\u00ed \u0159adu \u00fakol\u016f a ve\u010der si postav\u00ed stan a uva\u0159\u00ed si na ohni ve\u010de\u0159i. O noc pod stanem ale nep\u0159ijdou,&#8220; up\u0159es\u0148uje hlavn\u00ed vedouc\u00ed leto\u0161n\u00edho t\u00e1bora Kl\u00e1ra Pe\u0161kov\u00e1 z Tyfloturistick\u00e9ho odd\u00edlu.\u00a0<\/span><\/p>\n<p><span style=\"color: #000000;\">Loni nav\u00edc d\u011btem va\u0159ila kucha\u0159ka, letos to bude na d\u011btech. Pom\u00e1hat jim bude 20 dosp\u011bl\u00fdch vedouc\u00edch, kte\u0159\u00ed na n\u011b dohl\u00ed\u017e\u00ed. Co v\u0161ak z\u016fst\u00e1v\u00e1 stejn\u00e9, je pta\u010dka &#8211; hra, p\u0159i n\u00ed\u017e d\u011bti vyraz\u00ed do ulic Brna s b\u00edlou hol\u00ed a pln\u00ed zadan\u00e9 \u00fakoly. Jedou i dv\u011b t\u0159etiny d\u011bt\u00ed, kter\u00e9 jezd\u00edvaly s TyfloCentrem.\u00a0<\/span><\/p>\n<p><span style=\"color: #000000;\">Jedna z vedouc\u00edch, kter\u00e1 jede letos na t\u00e1bor u\u017e poosm\u00e9, je i Martina Dost\u00e1lov\u00e1, u\u010ditelka z mate\u0159sk\u00e9 \u0161kolky v Klentnici u Mikulova. &#8222;P\u016fvodn\u011b jsem jet necht\u011bla. Mrzelo by m\u011b ale, kdybych nevid\u011bla lidi, se kter\u00fdmi se na t\u00e1bo\u0159e potk\u00e1v\u00e1m ka\u017ed\u00fd rok. Odj\u00ed\u017ed\u00edme dneska. Je to ale \u00fapln\u011b jin\u00fd t\u00e1bor s odli\u0161n\u00fdm denn\u00edm re\u017eimem. Stejn\u00e9 z\u016fst\u00e1v\u00e1 jen m\u00edsto t\u00e1bo\u0159i\u0161t\u011b,&#8220; mysl\u00ed si.\u00a0<\/span><br style=\"color: #000000;\" \/><br style=\"color: #000000;\" \/><span style=\"color: #000000;\"><a href=\"http:\/\/www.idnes.cz\">Mlad\u00e1 fronta DNES <\/a>\u00a0<a href=\"http:\/\/www.idnes.cz\">http:\/\/www.idnes.cz<\/a><br \/>\n<\/span><\/p>\n","protected":false},"excerpt":{"rendered":"<div class=\"mh-excerpt\"><p>Jeden\u00e1ct let po\u0159\u00e1dala spole\u010dnost TyfloCentrum Brno letn\u00ed t\u00e1bory pro d\u011bti s t\u011b\u017ek\u00fdm zrakov\u00fdm posti\u017een\u00edm. &#8222;Ub\u00fdv\u00e1 lid\u00ed, kte\u0159\u00ed jsou ochotni ob\u011btovat t\u00e1boru sv\u016fj voln\u00fd \u010das,&#8220; vysv\u011btluje <a class=\"mh-excerpt-more\" href=\"https:\/\/www.invarena.cz\/?p=17126\" title=\"TyfloCentrum po 11 letech kon\u010d\u00ed s t\u00e1bory pro nevidom\u00e9 d\u011bti\">[&#8230;]<\/a><\/p>\n<\/div>","protected":false},"author":1,"featured_media":3460,"comment_status":"open","ping_status":"closed","sticky":false,"template":"","format":"standard","meta":{"footnotes":""},"categories":[7],"tags":[],"class_list":["post-17126","post","type-post","status-publish","format-standard","has-post-thumbnail","hentry","category-spolecnost"],"_links":{"self":[{"href":"https:\/\/www.invarena.cz\/index.php?rest_route=\/wp\/v2\/posts\/17126","targetHints":{"allow":["GET"]}}],"collection":[{"href":"https:\/\/www.invarena.cz\/index.php?rest_route=\/wp\/v2\/posts"}],"about":[{"href":"https:\/\/www.invarena.cz\/index.php?rest_route=\/wp\/v2\/types\/post"}],"author":[{"embeddable":true,"href":"https:\/\/www.invarena.cz\/index.php?rest_route=\/wp\/v2\/users\/1"}],"replies":[{"embeddable":true,"href":"https:\/\/www.invarena.cz\/index.php?rest_route=%2Fwp%2Fv2%2Fcomments&post=17126"}],"version-history":[{"count":0,"href":"https:\/\/www.invarena.cz\/index.php?rest_route=\/wp\/v2\/posts\/17126\/revisions"}],"wp:featuredmedia":[{"embeddable":true,"href":"https:\/\/www.invarena.cz\/index.php?rest_route=\/wp\/v2\/media\/3460"}],"wp:attachment":[{"href":"https:\/\/www.invarena.cz\/index.php?rest_route=%2Fwp%2Fv2%2Fmedia&parent=17126"}],"wp:term":[{"taxonomy":"category","embeddable":true,"href":"https:\/\/www.invarena.cz\/index.php?rest_route=%2Fwp%2Fv2%2Fcategories&post=17126"},{"taxonomy":"post_tag","embeddable":true,"href":"https:\/\/www.invarena.cz\/index.php?rest_route=%2Fwp%2Fv2%2Ftags&post=17126"}],"curies":[{"name":"wp","href":"https:\/\/api.w.org\/{rel}","templated":true}]}}